{"id":10379,"date":"2024-01-09T12:40:54","date_gmt":"2024-01-09T11:40:54","guid":{"rendered":"http:\/\/prs2.profimediagroup.com\/?p=10379"},"modified":"2024-01-10T12:42:38","modified_gmt":"2024-01-10T11:42:38","slug":"mladjen-cicovic-odlikovan-povodom-9-januara-dana-republike-srpske","status":"publish","type":"post","link":"https:\/\/predstavnistvorsbg.rs\/sr-Latn\/prethodni-dogadjaji-sr-latn\/mladjen-cicovic-odlikovan-povodom-9-januara-dana-republike-srpske\/","title":{"rendered":"Mla\u0111en Cicovi\u0107 odlikovan povodom 9. januara Dana Republike Srpske"},"content":{"rendered":"<p>Predsjednik Republike Srpske Milorad Dodik, povodom 9. januara Dana Republike, odlikovao je zaslu\u017ene gra\u0111ane i institucije. Me\u0111u odlikovanima je i Mla\u0111en Cicovi\u0107, \u0161ef Predstavni\u0161tva Republike Srpske u Republici Srbiji, koji je odlikovan Ordenom Kara\u0111or\u0111eva zvijezda Republike Srpske II reda.<\/p>\n<p>U obrazlo\u017eenju odluke o dodjeli odlikovanja navedeno je da Cicovi\u0107 ve\u0107 du\u017ee od dvije decenije uspje\u0161no zastupa interese Republike Srpske u Srbiji povezuju\u0107i nas sa na\u0161om maticom, a kao rezultat toga je \u010ditav niz zajedni\u010dkih strate\u0161kih infrastrukturnih projekata, uz odli\u010dnu politi\u010dku, privrednu, kulturnu, prosvjetnu i umjetni\u010dku saradnju Republike Srpske i Srbije.<\/p>\n","protected":false},"excerpt":{"rendered":"<p>Predsjednik Republike Srpske Milorad Dodik, povodom 9. januara Dana Republike, odlikovao je zaslu\u017ene gra\u0111ane i institucije. Me\u0111u odlikovanima je i Mla\u0111en Cicovi\u0107, \u0161ef Predstavni\u0161tva Republike Srpske u Republici Srbiji, koji je odlikovan Ordenom Kara\u0111or\u0111eva zvijezda Republike Srpske II reda. U obrazlo\u017eenju odluke o dodjeli odlikovanja navedeno je da Cicovi\u0107 ve\u0107 du\u017ee od dvije decenije uspje\u0161no&#8230;<\/p>\n","protected":false},"author":2,"featured_media":10374,"comment_status":"closed","ping_status":"closed","sticky":false,"template":"","format":"standard","meta":[],"categories":[56],"tags":[94],"_links":{"self":[{"href":"https:\/\/predstavnistvorsbg.rs\/sr-Latn\/wp-json\/wp\/v2\/posts\/10379"}],"collection":[{"href":"https:\/\/predstavnistvorsbg.rs\/sr-Latn\/wp-json\/wp\/v2\/posts"}],"about":[{"href":"https:\/\/predstavnistvorsbg.rs\/sr-Latn\/wp-json\/wp\/v2\/types\/post"}],"author":[{"embeddable":true,"href":"https:\/\/predstavnistvorsbg.rs\/sr-Latn\/wp-json\/wp\/v2\/users\/2"}],"replies":[{"embeddable":true,"href":"https:\/\/predstavnistvorsbg.rs\/sr-Latn\/wp-json\/wp\/v2\/comments?post=10379"}],"version-history":[{"count":0,"href":"https:\/\/predstavnistvorsbg.rs\/sr-Latn\/wp-json\/wp\/v2\/posts\/10379\/revisions"}],"wp:featuredmedia":[{"embeddable":true,"href":"https:\/\/predstavnistvorsbg.rs\/sr-Latn\/wp-json\/wp\/v2\/media\/10374"}],"wp:attachment":[{"href":"https:\/\/predstavnistvorsbg.rs\/sr-Latn\/wp-json\/wp\/v2\/media?parent=10379"}],"wp:term":[{"taxonomy":"category","embeddable":true,"href":"https:\/\/predstavnistvorsbg.rs\/sr-Latn\/wp-json\/wp\/v2\/categories?post=10379"},{"taxonomy":"post_tag","embeddable":true,"href":"https:\/\/predstavnistvorsbg.rs\/sr-Latn\/wp-json\/wp\/v2\/tags?post=10379"}],"curies":[{"name":"wp","href":"https:\/\/api.w.org\/{rel}","templated":true}]}}