{"id":10397,"date":"2024-01-09T13:12:26","date_gmt":"2024-01-09T12:12:26","guid":{"rendered":"http:\/\/prs2.profimediagroup.com\/?p=10397"},"modified":"2024-02-14T13:27:09","modified_gmt":"2024-02-14T12:27:09","slug":"obiljezavanje-dana-republike-srpske-u-novom-sadu","status":"publish","type":"post","link":"https:\/\/predstavnistvorsbg.rs\/sr-Latn\/najava-dogadjaja-sr-latn\/obiljezavanje-dana-republike-srpske-u-novom-sadu\/","title":{"rendered":"Obilje\u017eavanje Dana Republike Srpske u Novom Sadu"},"content":{"rendered":"<p>Savez kraji\u0161kih udru\u017eenja iz Novog Sada zajedno s prijateljskim organizacijama osmu godinu zaredom sve\u010dano obilje\u017eava Dan Republike Srpske i Krsnu slavu Sv. prvomu\u010denika i arhi\u0111akona Stefana. Sve\u010danost \u0107e se odr\u017eati u amfiteatru na SPENS-u u Novom Sadu, u srijedu 10. januara sa po\u010detkom u 18 sati, uz podr\u0161ku Fonda za izbegla i raseljena lica i saradnju sa Srbima u regionu i Predstavni\u0161tva Republike Srpske u Srbiji.<\/p>\n<p><img loading=\"lazy\" class=\"wp-image-10392 size-full aligncenter\" title=\"Obilje\u017eavanje Dana Republike Srpske u Novom Sadu\" src=\"https:\/\/predstavnistvorsbg.rs\/wp-content\/uploads\/2024\/01\/proslava_dan_rs_n_sad.jpg\" alt=\"Obilje\u017eavanje Dana Republike Srpske u Novom Sadu\" width=\"500\" height=\"244\" srcset=\"https:\/\/predstavnistvorsbg.rs\/wp-content\/uploads\/2024\/01\/proslava_dan_rs_n_sad.jpg 500w, https:\/\/predstavnistvorsbg.rs\/wp-content\/uploads\/2024\/01\/proslava_dan_rs_n_sad-300x146.jpg 300w\" sizes=\"(max-width: 500px) 100vw, 500px\" \/><\/p>\n<p>O\u010dekuje se prisustvo velikog broja zvanica iz dru\u0161tvenog, kulturnog i javnog \u017eivota Vojvodine i drugih dijelova Srbije i predstavnika zavi\u010dajnih organizacija koje svojim radom i zalaganjem doprinose zavi\u010dajnoj i nacionalnoj ideji i o\u010duvanju srpskog narodnog bi\u0107a i koje \u0107e sve zajedno poslati poruke mira, jedinstva, sabornosti i postojanosti. Pripremljen je bogat kulturno &#8211; umjetni\u010dki program, obra\u0107anje zvani\u010dnika i doma\u0107inski ugo\u0111aj, uz prethodno obavljen \u010din lomljenja slavskog kola\u010da.<\/p>\n","protected":false},"excerpt":{"rendered":"<p>Savez kraji\u0161kih udru\u017eenja iz Novog Sada zajedno s prijateljskim organizacijama osmu godinu zaredom sve\u010dano obilje\u017eava Dan Republike Srpske i Krsnu slavu Sv. prvomu\u010denika i arhi\u0111akona Stefana. Sve\u010danost \u0107e se odr\u017eati u amfiteatru na SPENS-u u Novom Sadu, u srijedu 10. januara sa po\u010detkom u 18 sati, uz podr\u0161ku Fonda za izbegla i raseljena lica i&#8230;<\/p>\n","protected":false},"author":2,"featured_media":0,"comment_status":"closed","ping_status":"closed","sticky":false,"template":"","format":"standard","meta":[],"categories":[57],"tags":[94],"_links":{"self":[{"href":"https:\/\/predstavnistvorsbg.rs\/sr-Latn\/wp-json\/wp\/v2\/posts\/10397"}],"collection":[{"href":"https:\/\/predstavnistvorsbg.rs\/sr-Latn\/wp-json\/wp\/v2\/posts"}],"about":[{"href":"https:\/\/predstavnistvorsbg.rs\/sr-Latn\/wp-json\/wp\/v2\/types\/post"}],"author":[{"embeddable":true,"href":"https:\/\/predstavnistvorsbg.rs\/sr-Latn\/wp-json\/wp\/v2\/users\/2"}],"replies":[{"embeddable":true,"href":"https:\/\/predstavnistvorsbg.rs\/sr-Latn\/wp-json\/wp\/v2\/comments?post=10397"}],"version-history":[{"count":2,"href":"https:\/\/predstavnistvorsbg.rs\/sr-Latn\/wp-json\/wp\/v2\/posts\/10397\/revisions"}],"predecessor-version":[{"id":10688,"href":"https:\/\/predstavnistvorsbg.rs\/sr-Latn\/wp-json\/wp\/v2\/posts\/10397\/revisions\/10688"}],"wp:attachment":[{"href":"https:\/\/predstavnistvorsbg.rs\/sr-Latn\/wp-json\/wp\/v2\/media?parent=10397"}],"wp:term":[{"taxonomy":"category","embeddable":true,"href":"https:\/\/predstavnistvorsbg.rs\/sr-Latn\/wp-json\/wp\/v2\/categories?post=10397"},{"taxonomy":"post_tag","embeddable":true,"href":"https:\/\/predstavnistvorsbg.rs\/sr-Latn\/wp-json\/wp\/v2\/tags?post=10397"}],"curies":[{"name":"wp","href":"https:\/\/api.w.org\/{rel}","templated":true}]}}