{"id":10422,"date":"2024-01-10T10:41:13","date_gmt":"2024-01-10T09:41:13","guid":{"rendered":"http:\/\/prs2.profimediagroup.com\/?p=10422"},"modified":"2024-01-11T10:43:57","modified_gmt":"2024-01-11T09:43:57","slug":"svecano-obiljezen-dan-republike-srpske-u-novom-sadu-i-subotici","status":"publish","type":"post","link":"https:\/\/predstavnistvorsbg.rs\/sr-Latn\/prethodni-dogadjaji-sr-latn\/svecano-obiljezen-dan-republike-srpske-u-novom-sadu-i-subotici\/","title":{"rendered":"Sve\u010dano obilje\u017een Dan Republike Srpske u Novom Sadu i Subotici"},"content":{"rendered":"<p>Savez kraji\u0161kih udru\u017eenja iz Novog Sada obilje\u017eio je ve\u010deras Dan Republike Srpske i krsnu slavu Svetog prvomu\u010denika i arhi\u0111akona Stefana. Na sve\u010danosti koja je odr\u017eana u amfiteatru SPENS-a u Novom Sadu poslate su poruke mira, jedinstva, sabornosti i postojanosti srpskog naroda.<\/p>\n<p><img loading=\"lazy\" class=\"alignnone wp-image-10403 size-full\" title=\"Skup je blagosiljao sve\u0161tenik Ilija Prole, dok je kum slave bio Nikola Vukeli\u0107 iz In\u0111ije\" src=\"http:\/\/prs2.profimediagroup.com\/wp-content\/uploads\/2024\/01\/dan_rs_u_ns2.jpg\" alt=\"Skup je blagosiljao sve\u0161tenik Ilija Prole, dok je kum slave bio Nikola Vukeli\u0107 iz In\u0111ije\" width=\"1024\" height=\"768\" srcset=\"https:\/\/predstavnistvorsbg.rs\/wp-content\/uploads\/2024\/01\/dan_rs_u_ns2.jpg 1024w, https:\/\/predstavnistvorsbg.rs\/wp-content\/uploads\/2024\/01\/dan_rs_u_ns2-300x225.jpg 300w\" sizes=\"(max-width: 1024px) 100vw, 1024px\" \/><\/p>\n<p>Skup je blagosiljao sve\u0161tenik Ilija Prole, dok je kum slave bio Nikola Vukeli\u0107 iz In\u0111ije, a prire\u0111en je bogat kulturno-umjetni\u010dki program uz prethodno obavljen \u010din lomljenja slavskog kola\u010da.<\/p>\n<p>Savjetnik za kulturu i sport u Predstavni\u0161tvu Republike Srpske u Srbiji Borislav Maksimovi\u0107 u obra\u0107anju je naglasio va\u017enost obilje\u017eavanja 9. januara, Dana Republike Srpske.<\/p>\n<p>\u201eZa nas je obilje\u017eavanje 9. januara, Dana Republike Srpske, veoma va\u017eno jer pokazuje sabornost na\u0161ih zemljaka koji ovdje \u017eive i dobre odnose Srpske i Srbije koje zajedni\u010dkim naporima ja\u010damo grade\u0107i mostove izme\u0111u srpskog naroda sa obje strane Drine\u201c, poru\u010dio je Maksimovi\u0107.<\/p>\n<p><img loading=\"lazy\" class=\"alignnone wp-image-10406 size-full\" title=\"Ranka Srdi\u0107 Mili\u0107, predsjednik Saveza kraji\u0161kih udru\u017eenja iz Novog Sada\" src=\"http:\/\/prs2.profimediagroup.com\/wp-content\/uploads\/2024\/01\/dan_rs_u_ns3.jpg\" alt=\"Ranka Srdi\u0107 Mili\u0107, predsjednik Saveza kraji\u0161kih udru\u017eenja iz Novog Sada\" width=\"1024\" height=\"768\" srcset=\"https:\/\/predstavnistvorsbg.rs\/wp-content\/uploads\/2024\/01\/dan_rs_u_ns3.jpg 1024w, https:\/\/predstavnistvorsbg.rs\/wp-content\/uploads\/2024\/01\/dan_rs_u_ns3-300x225.jpg 300w\" sizes=\"(max-width: 1024px) 100vw, 1024px\" \/><\/p>\n<p>Predsjednik Saveza kraji\u0161kih udru\u017eenja iz Novog Sada Ranka Srdi\u0107 Mili\u0107 rekla je da Republika Srpska zna\u010di vi\u0161e od \u017eivota.<\/p>\n<p>\u201eSvi smo du\u0161om, srcem i porijeklom vezani za te prostore. Nama Republika Srpska zna\u010di vi\u0161e od \u017eivota jer smo svjesni kolika je cijena bila za stvaranje Republike Srpske. Republika Srpska je nastala u Jerusalimu na\u0161ih srca, a kosti su najja\u010da armatura koja je ugra\u0111ena u Republiku Srpsku&#8220;, rekla je Mili\u0107eva.<\/p>\n<p><img loading=\"lazy\" class=\"alignnone wp-image-10409 size-full\" title=\"Prire\u0111en je bogat kulturno-umjetni\u010dki program\" src=\"http:\/\/prs2.profimediagroup.com\/wp-content\/uploads\/2024\/01\/dan_rs_u_ns4.jpg\" alt=\"Prire\u0111en je bogat kulturno-umjetni\u010dki program\" width=\"1024\" height=\"768\" srcset=\"https:\/\/predstavnistvorsbg.rs\/wp-content\/uploads\/2024\/01\/dan_rs_u_ns4.jpg 1024w, https:\/\/predstavnistvorsbg.rs\/wp-content\/uploads\/2024\/01\/dan_rs_u_ns4-300x225.jpg 300w\" sizes=\"(max-width: 1024px) 100vw, 1024px\" \/><\/p>\n<p>Sve\u010danosti je prisustvovao veliki broj zvanica iz dru\u0161tvenog, kulturnog i javnog \u017eivota Vojvodine i drugih dijelova Srbije i predstavnika zavi\u010dajnih organizacija koje radom i zalaganjem doprinose zavi\u010dajnoj i nacionalnoj ideji i o\u010duvanju srpskog narodnog bi\u0107a.<\/p>\n<p>Savez kraji\u0161kih udru\u017eenja iz Novog Sada sa prijateljskim organizacijama ove godine je po osmi put sve\u010dano obilje\u017eio Dan Republike Srpske, uz podr\u0161ku Fonda za izbegla i raseljena lica i saradnju sa Srbima u regionu i Predstavni\u0161tva Republike Srpske u Srbiji.<\/p>\n<p><img loading=\"lazy\" class=\"alignnone wp-image-10412 size-full\" title=\"Dan Republike Srpske i krsnu slavu Svetog arhi\u0111akona Stefana ju\u010de je obilje\u017eila i Zavi\u010dajna zajednica \u201eRepublika Srpska\u201c Subotica\" src=\"http:\/\/prs2.profimediagroup.com\/wp-content\/uploads\/2024\/01\/dan_rs_subotica1.jpg\" alt=\"Dan Republike Srpske i krsnu slavu Svetog arhi\u0111akona Stefana ju\u010de je obilje\u017eila i Zavi\u010dajna zajednica \u201eRepublika Srpska\u201c Subotica\" width=\"645\" height=\"430\" srcset=\"https:\/\/predstavnistvorsbg.rs\/wp-content\/uploads\/2024\/01\/dan_rs_subotica1.jpg 645w, https:\/\/predstavnistvorsbg.rs\/wp-content\/uploads\/2024\/01\/dan_rs_subotica1-300x200.jpg 300w\" sizes=\"(max-width: 645px) 100vw, 645px\" \/><\/p>\n<p>Dan Republike Srpske i krsnu slavu Svetog arhi\u0111akona Stefana ju\u010de je obilje\u017eila i Zavi\u010dajna zajednica \u201eRepublika Srpska\u201c Subotica, koja je ugostila goste iz Prijedora, kao i iz ostalih zavi\u010dajnih udru\u017eenja u okolini.<\/p>\n<p><img loading=\"lazy\" class=\"alignnone wp-image-10415 size-full\" title=\"Milorad \u0106opi\u0107, predsjednik Zavi\u010dajne zajednice \u201eRepublika Srpska\u201c Subotica\" src=\"http:\/\/prs2.profimediagroup.com\/wp-content\/uploads\/2024\/01\/dan_rs_subotica2.jpg\" alt=\"Milorad \u0106opi\u0107, predsjednik Zavi\u010dajne zajednice \u201eRepublika Srpska\u201c Subotica\" width=\"645\" height=\"430\" srcset=\"https:\/\/predstavnistvorsbg.rs\/wp-content\/uploads\/2024\/01\/dan_rs_subotica2.jpg 645w, https:\/\/predstavnistvorsbg.rs\/wp-content\/uploads\/2024\/01\/dan_rs_subotica2-300x200.jpg 300w\" sizes=\"(max-width: 645px) 100vw, 645px\" \/><\/p>\n<p>\u201e\u017delimo na najljep\u0161i na\u010din da proslavimo Dan Republike Srpske koja je stvorena prije 32 godine. Imamo obavezu prema na\u0161im mrtvim borcima i civilima koji su svoje \u017eivote utkali u temelje Republike Srpske\u201c, rekao je predsjednik ove zajednice Milorad \u0106opi\u0107 na proslavi.<\/p>\n<p><img loading=\"lazy\" class=\"alignnone wp-image-10418 size-full\" title=\"Zavi\u010dajna zajednica \u201eRepublika Srpska\u201c Subotica, ugostila je goste iz Prijedora, kao i iz ostalih zavi\u010dajnih udru\u017eenja u okolini\" src=\"http:\/\/prs2.profimediagroup.com\/wp-content\/uploads\/2024\/01\/dan_rs_subotica3.jpg\" alt=\"Zavi\u010dajna zajednica \u201eRepublika Srpska\u201c Subotica, ugostila je goste iz Prijedora, kao i iz ostalih zavi\u010dajnih udru\u017eenja u okolini\" width=\"1024\" height=\"472\" srcset=\"https:\/\/predstavnistvorsbg.rs\/wp-content\/uploads\/2024\/01\/dan_rs_subotica3.jpg 1024w, https:\/\/predstavnistvorsbg.rs\/wp-content\/uploads\/2024\/01\/dan_rs_subotica3-300x138.jpg 300w\" sizes=\"(max-width: 1024px) 100vw, 1024px\" \/><\/p>\n","protected":false},"excerpt":{"rendered":"<p>Savez kraji\u0161kih udru\u017eenja iz Novog Sada obilje\u017eio je ve\u010deras Dan Republike Srpske i krsnu slavu Svetog prvomu\u010denika i arhi\u0111akona Stefana. Na sve\u010danosti koja je odr\u017eana u amfiteatru SPENS-a u Novom Sadu poslate su poruke mira, jedinstva, sabornosti i postojanosti srpskog naroda. Skup je blagosiljao sve\u0161tenik Ilija Prole, dok je kum slave bio Nikola Vukeli\u0107 iz&#8230;<\/p>\n","protected":false},"author":2,"featured_media":10402,"comment_status":"closed","ping_status":"closed","sticky":false,"template":"","format":"standard","meta":[],"categories":[56],"tags":[94],"_links":{"self":[{"href":"https:\/\/predstavnistvorsbg.rs\/sr-Latn\/wp-json\/wp\/v2\/posts\/10422"}],"collection":[{"href":"https:\/\/predstavnistvorsbg.rs\/sr-Latn\/wp-json\/wp\/v2\/posts"}],"about":[{"href":"https:\/\/predstavnistvorsbg.rs\/sr-Latn\/wp-json\/wp\/v2\/types\/post"}],"author":[{"embeddable":true,"href":"https:\/\/predstavnistvorsbg.rs\/sr-Latn\/wp-json\/wp\/v2\/users\/2"}],"replies":[{"embeddable":true,"href":"https:\/\/predstavnistvorsbg.rs\/sr-Latn\/wp-json\/wp\/v2\/comments?post=10422"}],"version-history":[{"count":0,"href":"https:\/\/predstavnistvorsbg.rs\/sr-Latn\/wp-json\/wp\/v2\/posts\/10422\/revisions"}],"wp:featuredmedia":[{"embeddable":true,"href":"https:\/\/predstavnistvorsbg.rs\/sr-Latn\/wp-json\/wp\/v2\/media\/10402"}],"wp:attachment":[{"href":"https:\/\/predstavnistvorsbg.rs\/sr-Latn\/wp-json\/wp\/v2\/media?parent=10422"}],"wp:term":[{"taxonomy":"category","embeddable":true,"href":"https:\/\/predstavnistvorsbg.rs\/sr-Latn\/wp-json\/wp\/v2\/categories?post=10422"},{"taxonomy":"post_tag","embeddable":true,"href":"https:\/\/predstavnistvorsbg.rs\/sr-Latn\/wp-json\/wp\/v2\/tags?post=10422"}],"curies":[{"name":"wp","href":"https:\/\/api.w.org\/{rel}","templated":true}]}}