{"id":10702,"date":"2024-02-20T10:33:51","date_gmt":"2024-02-20T09:33:51","guid":{"rendered":"https:\/\/predstavnistvorsbg.rs\/?p=10702"},"modified":"2024-02-20T12:59:40","modified_gmt":"2024-02-20T11:59:40","slug":"turisticka-ponuda-republike-srpske-na-45-medjunarodnom-sajmu-turizma-u-beogradu","status":"publish","type":"post","link":"https:\/\/predstavnistvorsbg.rs\/sr-Latn\/najava-dogadjaja-sr-latn\/turisticka-ponuda-republike-srpske-na-45-medjunarodnom-sajmu-turizma-u-beogradu\/","title":{"rendered":"Turisti\u010dka ponuda Republike Srpske na 45. Me\u0111unarodnom sajmu turizma u Beogradu"},"content":{"rendered":"<p>Na 45. Me\u0111unarodnom sajmu turizma od 22. do 25. februara na jednom mjestu na ukupno izgra\u0111enom prostoru od 326 m2 u Hali 1 bi\u0107e predstavljena turisti\u010dka ponuda Republike Srpske.<\/p>\n<p><img loading=\"lazy\" class=\"aligncenter wp-image-10712 size-full\" title=\"Turisti\u010dka ponuda Republike Srpske na 45. Me\u0111unarodnom sajmu turizma u Beogradu\" src=\"https:\/\/predstavnistvorsbg.rs\/wp-content\/uploads\/2024\/02\/sajam_turizma_stand-2.jpg?_t=1708423202\" alt=\"Turisti\u010dka ponuda Republike Srpske na 45. Me\u0111unarodnom sajmu turizma u Beogradu\" width=\"700\" height=\"420\" srcset=\"https:\/\/predstavnistvorsbg.rs\/wp-content\/uploads\/2024\/02\/sajam_turizma_stand-2.jpg 700w, https:\/\/predstavnistvorsbg.rs\/wp-content\/uploads\/2024\/02\/sajam_turizma_stand-2-300x180.jpg 300w\" sizes=\"(max-width: 700px) 100vw, 700px\" \/><\/p>\n<p>Predstavni\u0161tvo Republike Srpske u Srbiji i Turisti\u010dka organizacija Republike Srpske obezbjedili su zajedni\u010dki, reprezentativni \u0161tand od 60 m2, na kojem \u0107e kroz promo turisti\u010dke materijale, bro\u0161ure, video materijale i prezentacije predstaviti turisti\u010dku ponudu Republike Srpske. Predstavi\u0107e se veliki broj lokalnih turisti\u010dkih organizacija: Prijedor, Kozarska Dubica, Lakta\u0161i, Tesli\u0107, Fo\u010da, Ugljevik, Zvornik, Novi Grad, Gradi\u0161ka, Srebrenica, Kalinovik, Derventa, Bratunac, Sokolac, Nevesinje, \u0160ipovo i Srbac, zatim Udru\u017eenje banja Republike Srpske, kao i privredni subjekti koji se bave pru\u017eanjem usluga u turizmu.<\/p>\n<p>Pored reprezentativnog \u0161tanda Predstavni\u0161tva Republike Srpske u Srbiji i Turisti\u010dke organizacija Republike Srpske u hali 1 na prostoru Republike Srpske samostalno \u0107e se na svojim \u0161tandovima ukupne povr\u0161ine 266 m2 predstaviti turisti\u010dke organizacije Banja Luka, Trebinje, Isto\u010dno Sarajevo (Jahorina), Bijeljina, Vi\u0161egrad, Br\u010dko distrikt, te Ski centar \u201eRavna planina \u2013 Stan promet\u201c Pale, Nacionalni park \u201eKozara\u201c i Banja \u201eMlje\u010danica\u201c.<\/p>\n<p>TO Banja Luka \u0107e ove godine predstaviti svoju ponudu i turisti\u010dke potencijale, zajedno sa turisti\u010dkim agencijama i drugim pru\u017eaocima usluga u turizmu. Posjetioci \u0107e imati priliku da se upoznaju sa ponudom Kraji\u0161ke ku\u0107e, koja na jednom mjestu objedinjuje proizvode malih proizvo\u0111a\u010da.<\/p>\n<p>Na \u0161tandu TO Trebinja predstavi\u0107e se i Hercegova\u010dka ku\u0107a ispred Agrarnog fonda Grada Trebinja, koja \u0107e predstaviti autohtone hercegova\u010dke proizvode, Muzej Hercegovine, kao i brojni privredni subjekti iz oblasti turisti\u010dke privrede Trebinja. U okviru promotivnog \u0161tanda bi \u0107e organizovan i prigodan program u vidu nastupa lokalnih muzi\u010dara iz Trebinja kao i degustacije autenti\u010dnih hercegova\u010dkih proizvoda.<\/p>\n<p>Turisti\u010dka organizacija Grada Isto\u010dno Sarajevo \u0107e na ovom sajmu objediniti predstavljanje zimske i ljetne turisti\u010dke sezone, te \u0107e zajedno sa partnerima predstaviti razli\u010dite turisti\u010dke atrakcije kroz marketin\u0161ke novitete, te razli\u010dite \u0161tampane i multimedijalne promo materijale. Svoje ponude \u0107e predstaviti Olimpijski centar \u201eJahorina\u201c i Udru\u017eenje hotelijera \u201eJahorina\u201c. \u010cetrdeset godina je od odr\u017eavanja Zimskih olimpijskih igara u biv\u0161oj Jugoslaviji, te \u0107e u skladu sa tim na \u0161tandu biti i \u010duvena maskota \u201eVu\u010dko\u201c, kako bi se evocirale uspomene na jedan od najzna\u010dajnijih sportskih doga\u0111aja na ovim prostorima.<\/p>\n<p>U okviru promocije TO Grada Bijeljina, predstavi\u0107e se Etno selo \u201eStani\u0161i\u0107i\u201c, banja \u201eDvorovi\u201c, hotel \u201eDrina\u201c, \u201eGlobus\u201c doo, Podru\u010dna privredna komora Regija Bijeljina, Udru\u017eenje \u017eena \u201e\u017dena\u201c Janja, Udru\u017eenje \u017eena \u201eMironosnice\u201c Bijeljina, \u201eAngel`s Rose\u201c proizvodnja prirodnih sokova.<\/p>\n<p>U okviru prezentacije turisti\u010dke, ugostiteljske i gastro ponude TO Vi\u0161egrada, svoju turisti\u010dku ponudu i svoje gastronomske specijalitete \u0107e predstaviti turisti\u010dki kompleks Andri\u0107grad, hotel \u201eVi\u0161egrad\u201c, hotel \u201eVilina vlas\u201c, kao i vi\u0161egradski restorani.<\/p>\n<p>Po prvi put \u0107e se na Sajmu predstaviti TO Br\u010dko distrikta sa svojom prezentacijom projekta &#8222;Dizajn i izrada originalnih suvenira Br\u010dko distrikta Bosne i Hercegovine, sa ciljem promocije identiteta destinacije i pove\u0107anja vidljivosti na turisti\u010dkom tr\u017ei\u0161tu&#8220;.<\/p>\n<p>Ski centar \u201eRavna planina\u201c koji radi 365 dana u godini tokom Sajma predstavi\u0107e pored primarnog skijanja zimi i ljetnu sezonu, koja sve vi\u0161e privla\u010di turiste. Preko <em>Zip line<\/em>, avantura parka, <em>Via feratta<\/em>, pedalina, vodenih lopti, i kupali\u0161ta na 1350 mnv u dva jezera \u010diste izvorske vode, pretenduje da postane pravi resort koji ima sve na jednom mjestu.<\/p>\n<p>Nacionalni park \u201eKozara\u201c \u2013 spoj prirodnog i kulturno-istorijskog naslje\u0111a predstavi\u0107e svoje sadr\u017eaje. Odlikuju ga izuzetne prirodne vrijednosti koje posjetiocima omogu\u0107uju povezanost s prirodom, planinarenje, biciklizam, sportsko penjanje, rekreativne \u0161etnje, avanturisti\u010dki sadr\u017eaji, razne manifestacije i ponuda objekata za smje\u0161taj.<\/p>\n<p>JZU Specijalna bolnica za fizikalnu medicinu i rehabilitaciju \u201eMlje\u010danica\u201c Kozarska Dubica predstavi\u0107e svoj koncept za fizikalnu medicinu i rehabilitaciju i hiperbari\u010dnu oksigenoterapiju koja obezbje\u0111uje sve uslove za uspje\u0161an oporavak i ugodan odmor njenih korisnika.<\/p>\n<p>Sve\u010dano otvaranje 45. Me\u0111unarodnog sajma turizma i 19. Me\u0111unarodnog sajma \u201eHoreka\u201c je u srijedu, 21. februara, u 18 sati, na galeriji hale 4 Beogradskog sajma. Sve\u010danom otvaranju \u0107e prisustvovati Denis \u0160uli\u0107, ministar trgovine i turizma Republike Srpske, Predrag Te\u0161i\u0107, pomo\u0107nik ministra trgovine i turizma, Du\u0161anka Tegeltija, pomo\u0107nik ministra trgovine i turizma, Miodrag Lon\u010darevi\u0107, direktor Turisti\u010dke organizacije Republike Srpske i Mla\u0111en Cicovi\u0107, \u0161ef Predstavni\u0161tva Republike Srpske u Srbiji.<\/p>\n<p>Nastup na ovom sajmu je od velikog interesa za Republiku Srpsku, jer najve\u0107i broj posjetilaca i turista u Srpsku dolazi upravo iz Republike Srbije.<\/p>\n<p>Radno vrijeme za posjetioce 45. Me\u0111unarodnog sajma turizma je 22, 23. i 24. februara od 10 do 19 sati, a 25. februara od 10 do 18 sati.<\/p>\n","protected":false},"excerpt":{"rendered":"<p>Na 45. Me\u0111unarodnom sajmu turizma od 22. do 25. februara na jednom mjestu na ukupno izgra\u0111enom prostoru od 326 m2 u Hali 1 bi\u0107e predstavljena turisti\u010dka ponuda Republike Srpske. Predstavni\u0161tvo Republike Srpske u Srbiji i Turisti\u010dka organizacija Republike Srpske obezbjedili su zajedni\u010dki, reprezentativni \u0161tand od 60 m2, na kojem \u0107e kroz promo turisti\u010dke materijale, bro\u0161ure,&#8230;<\/p>\n","protected":false},"author":4,"featured_media":0,"comment_status":"closed","ping_status":"closed","sticky":false,"template":"","format":"standard","meta":[],"categories":[57],"tags":[94],"_links":{"self":[{"href":"https:\/\/predstavnistvorsbg.rs\/sr-Latn\/wp-json\/wp\/v2\/posts\/10702"}],"collection":[{"href":"https:\/\/predstavnistvorsbg.rs\/sr-Latn\/wp-json\/wp\/v2\/posts"}],"about":[{"href":"https:\/\/predstavnistvorsbg.rs\/sr-Latn\/wp-json\/wp\/v2\/types\/post"}],"author":[{"embeddable":true,"href":"https:\/\/predstavnistvorsbg.rs\/sr-Latn\/wp-json\/wp\/v2\/users\/4"}],"replies":[{"embeddable":true,"href":"https:\/\/predstavnistvorsbg.rs\/sr-Latn\/wp-json\/wp\/v2\/comments?post=10702"}],"version-history":[{"count":7,"href":"https:\/\/predstavnistvorsbg.rs\/sr-Latn\/wp-json\/wp\/v2\/posts\/10702\/revisions"}],"predecessor-version":[{"id":10731,"href":"https:\/\/predstavnistvorsbg.rs\/sr-Latn\/wp-json\/wp\/v2\/posts\/10702\/revisions\/10731"}],"wp:attachment":[{"href":"https:\/\/predstavnistvorsbg.rs\/sr-Latn\/wp-json\/wp\/v2\/media?parent=10702"}],"wp:term":[{"taxonomy":"category","embeddable":true,"href":"https:\/\/predstavnistvorsbg.rs\/sr-Latn\/wp-json\/wp\/v2\/categories?post=10702"},{"taxonomy":"post_tag","embeddable":true,"href":"https:\/\/predstavnistvorsbg.rs\/sr-Latn\/wp-json\/wp\/v2\/tags?post=10702"}],"curies":[{"name":"wp","href":"https:\/\/api.w.org\/{rel}","templated":true}]}}