{"id":10800,"date":"2024-02-21T14:27:31","date_gmt":"2024-02-21T13:27:31","guid":{"rendered":"https:\/\/predstavnistvorsbg.rs\/?p=10800"},"modified":"2024-02-22T12:48:18","modified_gmt":"2024-02-22T11:48:18","slug":"u-cetvrtak-promocija-7-jahorina-ekonomskog-foruma-i-predstavljanje-turisticke-ponude-visegrada","status":"publish","type":"post","link":"https:\/\/predstavnistvorsbg.rs\/sr-Latn\/najava-dogadjaja-sr-latn\/u-cetvrtak-promocija-7-jahorina-ekonomskog-foruma-i-predstavljanje-turisticke-ponude-visegrada\/","title":{"rendered":"U \u010detvrtak promocija 7. Jahorina ekonomskog foruma i predstavljanje turisti\u010dke ponude Vi\u0161egrada"},"content":{"rendered":"<p>Prvog dana nastupa na 45. Me\u0111unarodnom sajmu turizma, u \u010detvrtak, 22. februara, na reprezentativnom \u0161tandu Predstavni\u0161tva Republike Srpske u Srbiji i Turisti\u010dke organizacija Republike Srpske (hala 1, \u0161tand 14) , kao i\u00a0 na \u0161tandovima lokalnih turisti\u010dih organizacija i subjekata predstavlja\u0107e se turisti\u010dka ponuda i potencijali Republike Srpske.<\/p>\n<p>U 12 sati na \u0161tandu Predstavni\u0161tva i \u00a0TORS-a bi\u0107e odr\u017eana i promocija 7. Jahorina ekonomskog foruma koji se odr\u017eava od 14. do 16. maja ove godine pod radnim nazivom \u201eDugoro\u010dne perspektive razvoja Zapadnog Balkana\u201c. Govore: Denis \u0160uli\u0107, ministar trgovine i turizma Republike Srpske, Goran Ra\u010di\u0107, predsjednik Ekonomskog foruma i Mla\u0111en Cicovi\u0107, \u0161ef Predstavni\u0161tva Republike Srpske u Srbiji.<\/p>\n<p>U 13 sati na \u0161tandu Predstavni\u0161tva i TORS-a bi\u0107e odr\u017eana promocija Vi\u0161egrada sa gastro prezentacijom.<\/p>\n<p>Tokom sajama na \u0161tandovima turisti\u010dkih organizacija Banje Luke, Trebinja, Isto\u010dnog Sarajeva (Jahorina), Bijeljine, Vi\u0161egrada i Br\u010dko distrikta, kao i na \u0161tandovima \u00a0Ski centra \u201eRavna planina \u2013 Stan promet\u201c Pale, Nacionalnog parka \u201eKozara\u201c i Banje \u201eMlje\u010danica\u201c bi\u0107e predstavljena kompletna turisti\u010dka ponda i potencijali ovih destinacija, zajedno sa turisti\u010dkim agencijama i drugim pru\u017eaocima usluga u turizmu.<\/p>\n<p>Nastup na ovom sajmu je od velikog interesa za Republiku Srpsku jer najve\u0107i broj posjetilaca i turista u Srpsku dolazi upravo iz Republike Srbije.<\/p>\n<p>Radno vrijeme za posjetioce 45. Me\u0111unarodnog sajma turizma je 22, 23. i 24. februara od 10 do 19 sati, a 25. februara od 10 do 18 sati.<\/p>\n","protected":false},"excerpt":{"rendered":"<p>Prvog dana nastupa na 45. Me\u0111unarodnom sajmu turizma, u \u010detvrtak, 22. februara, na reprezentativnom \u0161tandu Predstavni\u0161tva Republike Srpske u Srbiji i Turisti\u010dke organizacija Republike Srpske (hala 1, \u0161tand 14) , kao i\u00a0 na \u0161tandovima lokalnih turisti\u010dih organizacija i subjekata predstavlja\u0107e se turisti\u010dka ponuda i potencijali Republike Srpske. U 12 sati na \u0161tandu Predstavni\u0161tva i \u00a0TORS-a&#8230;<\/p>\n","protected":false},"author":4,"featured_media":0,"comment_status":"closed","ping_status":"closed","sticky":false,"template":"","format":"standard","meta":[],"categories":[57],"tags":[94],"_links":{"self":[{"href":"https:\/\/predstavnistvorsbg.rs\/sr-Latn\/wp-json\/wp\/v2\/posts\/10800"}],"collection":[{"href":"https:\/\/predstavnistvorsbg.rs\/sr-Latn\/wp-json\/wp\/v2\/posts"}],"about":[{"href":"https:\/\/predstavnistvorsbg.rs\/sr-Latn\/wp-json\/wp\/v2\/types\/post"}],"author":[{"embeddable":true,"href":"https:\/\/predstavnistvorsbg.rs\/sr-Latn\/wp-json\/wp\/v2\/users\/4"}],"replies":[{"embeddable":true,"href":"https:\/\/predstavnistvorsbg.rs\/sr-Latn\/wp-json\/wp\/v2\/comments?post=10800"}],"version-history":[{"count":2,"href":"https:\/\/predstavnistvorsbg.rs\/sr-Latn\/wp-json\/wp\/v2\/posts\/10800\/revisions"}],"predecessor-version":[{"id":10855,"href":"https:\/\/predstavnistvorsbg.rs\/sr-Latn\/wp-json\/wp\/v2\/posts\/10800\/revisions\/10855"}],"wp:attachment":[{"href":"https:\/\/predstavnistvorsbg.rs\/sr-Latn\/wp-json\/wp\/v2\/media?parent=10800"}],"wp:term":[{"taxonomy":"category","embeddable":true,"href":"https:\/\/predstavnistvorsbg.rs\/sr-Latn\/wp-json\/wp\/v2\/categories?post=10800"},{"taxonomy":"post_tag","embeddable":true,"href":"https:\/\/predstavnistvorsbg.rs\/sr-Latn\/wp-json\/wp\/v2\/tags?post=10800"}],"curies":[{"name":"wp","href":"https:\/\/api.w.org\/{rel}","templated":true}]}}