{"id":11078,"date":"2024-02-27T10:17:15","date_gmt":"2024-02-27T09:17:15","guid":{"rendered":"https:\/\/predstavnistvorsbg.rs\/?p=11078"},"modified":"2024-02-29T13:11:04","modified_gmt":"2024-02-29T12:11:04","slug":"svecani-prijem-povodom-dana-republike-srpske-i-godisnjice-prvog-ustava-republike-srpske-2","status":"publish","type":"post","link":"https:\/\/predstavnistvorsbg.rs\/sr-Latn\/najava-dogadjaja-sr-latn\/svecani-prijem-povodom-dana-republike-srpske-i-godisnjice-prvog-ustava-republike-srpske-2\/","title":{"rendered":"Sve\u010dani prijem povodom Dana Republike Srpske i godi\u0161njice prvog Ustava Republike Srpske"},"content":{"rendered":"<p>Predstavni\u0161tvo Republike Srpske u Srbiji prire\u0111uje 28. februara 2024. godine \u00a0u 18 sati u Domu vojske Srbije (Bra\u0107e Jugovi\u0107a 19) deseti, jubilarni\u00a0prijem povodom Dana Republike Srpske i godi\u0161njice progla\u0161enja njenog prvog Ustava.<\/p>\n<p><img loading=\"lazy\" class=\"wp-image-11073 size-full aligncenter\" title=\"Sve\u010dani prijem povodom Dana Republike Srpske i godi\u0161njice prvog Ustava Republike Srpske\" src=\"https:\/\/predstavnistvorsbg.rs\/wp-content\/uploads\/2024\/02\/slajd_za_prijem1.jpg\" alt=\"Sve\u010dani prijem povodom Dana Republike Srpske i godi\u0161njice prvog Ustava Republike Srpske\" width=\"1000\" height=\"562\" srcset=\"https:\/\/predstavnistvorsbg.rs\/wp-content\/uploads\/2024\/02\/slajd_za_prijem1.jpg 1000w, https:\/\/predstavnistvorsbg.rs\/wp-content\/uploads\/2024\/02\/slajd_za_prijem1-300x169.jpg 300w\" sizes=\"(max-width: 1000px) 100vw, 1000px\" \/><\/p>\n<p>Prema dosada\u0161njim potvrdama o\u010dekujemo prisustvo najvi\u0161ih zvani\u010dnika Republike Srpske i Srbije, predstavnika diplomatskog kora, istaknutih li\u010dnosti iz svijeta kulture, nauke, umjetnosti, privrede i sporta Srbije i Srpske.<\/p>\n<p>Uz pozdravne rije\u010di doma\u0107ina, zvani\u010dnika Srpske i Srbije, o\u010dekujemo i blagoslov Njagove Svetosti patrijarha srpskog, bi\u0107e i prigodan umjetni\u010dki program.<\/p>\n<p>U umjetni\u010dkom dijelu programa u\u010destvova\u0107e kvintet Vuka Stani\u0107a i vokalni umjetnici Minja \u0160ukalo, sopran i Sini\u0161a Paji\u0107, bariton. Prijem \u0107e direktno prenositi Radio-televizija Republike Srpske.<\/p>\n<p>Prijem \u0107e biti prilika da se podsjetimo da su se januara i februara 1992. godine odvijali najva\u017eniji doga\u0111aji za srpski narod lijevo od Drine. \u041aonstituisana je Republika Srpska 9. januara, a 28. februara usvojen i njen prvi Ustav. Ovi datumi su zna\u010dajni jer pokazuju da je na\u0161a Republika Srpska, prvo, pravno zaokru\u017eena kao dr\u017eava srpskog naroda u BiH, a drugo, da se sve to dogodilo prije rata.<\/p>\n<p>\u041aonstituisanje Republike Srpske i dono\u0161enje Ustava Srpske 1992. godine u miru jeste najve\u0107a pobjeda srpskog naroda 90 \u2013 tih godina 20. vjeka u BiH , kojom je izvojevana sloboda srpskom narodu i stvoreni pravno-politi\u010dki uslovi za funkcionisanje Republike Srpske.<\/p>\n","protected":false},"excerpt":{"rendered":"<p>Predstavni\u0161tvo Republike Srpske u Srbiji prire\u0111uje 28. februara 2024. godine \u00a0u 18 sati u Domu vojske Srbije (Bra\u0107e Jugovi\u0107a 19) deseti, jubilarni\u00a0prijem povodom Dana Republike Srpske i godi\u0161njice progla\u0161enja njenog prvog Ustava. Prema dosada\u0161njim potvrdama o\u010dekujemo prisustvo najvi\u0161ih zvani\u010dnika Republike Srpske i Srbije, predstavnika diplomatskog kora, istaknutih li\u010dnosti iz svijeta kulture, nauke, umjetnosti, privrede i&#8230;<\/p>\n","protected":false},"author":4,"featured_media":0,"comment_status":"closed","ping_status":"closed","sticky":false,"template":"","format":"standard","meta":[],"categories":[57],"tags":[94],"_links":{"self":[{"href":"https:\/\/predstavnistvorsbg.rs\/sr-Latn\/wp-json\/wp\/v2\/posts\/11078"}],"collection":[{"href":"https:\/\/predstavnistvorsbg.rs\/sr-Latn\/wp-json\/wp\/v2\/posts"}],"about":[{"href":"https:\/\/predstavnistvorsbg.rs\/sr-Latn\/wp-json\/wp\/v2\/types\/post"}],"author":[{"embeddable":true,"href":"https:\/\/predstavnistvorsbg.rs\/sr-Latn\/wp-json\/wp\/v2\/users\/4"}],"replies":[{"embeddable":true,"href":"https:\/\/predstavnistvorsbg.rs\/sr-Latn\/wp-json\/wp\/v2\/comments?post=11078"}],"version-history":[{"count":3,"href":"https:\/\/predstavnistvorsbg.rs\/sr-Latn\/wp-json\/wp\/v2\/posts\/11078\/revisions"}],"predecessor-version":[{"id":11115,"href":"https:\/\/predstavnistvorsbg.rs\/sr-Latn\/wp-json\/wp\/v2\/posts\/11078\/revisions\/11115"}],"wp:attachment":[{"href":"https:\/\/predstavnistvorsbg.rs\/sr-Latn\/wp-json\/wp\/v2\/media?parent=11078"}],"wp:term":[{"taxonomy":"category","embeddable":true,"href":"https:\/\/predstavnistvorsbg.rs\/sr-Latn\/wp-json\/wp\/v2\/categories?post=11078"},{"taxonomy":"post_tag","embeddable":true,"href":"https:\/\/predstavnistvorsbg.rs\/sr-Latn\/wp-json\/wp\/v2\/tags?post=11078"}],"curies":[{"name":"wp","href":"https:\/\/api.w.org\/{rel}","templated":true}]}}