{"id":11409,"date":"2024-03-25T13:43:28","date_gmt":"2024-03-25T12:43:28","guid":{"rendered":"https:\/\/predstavnistvorsbg.rs\/?p=11409"},"modified":"2024-03-25T14:54:28","modified_gmt":"2024-03-25T13:54:28","slug":"susreti-srpskih-zemalja-na-jahorini","status":"publish","type":"post","link":"https:\/\/predstavnistvorsbg.rs\/sr-Latn\/najava-dogadjaja-sr-latn\/susreti-srpskih-zemalja-na-jahorini\/","title":{"rendered":"Susreti srpskih zemalja na Jahorini"},"content":{"rendered":"<p>U utorak, 26. marta, u 13.00 sati u prostorijama Predstavni\u0161tva Republike Srpske u Srbiji (Bulevar despota Stefana 4\/IV, Beograd) odr\u017ea\u0107e se konferencija za medije povodom kulturno-sportske manifestacije \u201eSusreti sprskih zemalja\u201c koja \u0107e se odr\u017eati od 28. do 31. marta na Jahorini. Manifestacija se ove godine odr\u017eava pod sloganom \u201e30 godina postojimo u sabornosti Srbije i Srpske\u201c, sa idejom prijateljstva i o\u010duvanja kulture, tradicije, obi\u010daja i \u0107irilice i doprinosu stvaranju bliskih veza me\u0111u Srbima.<\/p>\n<p><img loading=\"lazy\" class=\"wp-image-11405 size-full aligncenter\" title=\"\u041aonferencija za medije povodom kulturno-sportske manifestacije \u201eSusreti srpskih zemalja\u201c na Jahorini\" src=\"https:\/\/predstavnistvorsbg.rs\/wp-content\/uploads\/2024\/03\/susreti_jahorina.jpg\" alt=\"\u041aonferencija za medije povodom kulturno-sportske manifestacije \u201eSusreti srpskih zemalja\u201c na Jahorini\" width=\"729\" height=\"455\" srcset=\"https:\/\/predstavnistvorsbg.rs\/wp-content\/uploads\/2024\/03\/susreti_jahorina.jpg 729w, https:\/\/predstavnistvorsbg.rs\/wp-content\/uploads\/2024\/03\/susreti_jahorina-300x187.jpg 300w\" sizes=\"(max-width: 729px) 100vw, 729px\" \/><\/p>\n<p>Na konferenciji za medije \u0107e ispred organizatora govoriti Ljubinko Stojanovi\u0107 i Slavko Macura iz Udru\u017eenja za odbranu \u0107irilice \u201eDobrica Eri\u0107\u201c i Mla\u0111en Cicovi\u0107, \u0161ef Predstavni\u0161tva Republike Srpske u Srbiji.<\/p>\n<p>Ideja i pripreme za ovu manifestaciju su po\u010deli 1994. godine a prvi \u201eSusreti\u201c organizovani su ratne 1995. godine i od tada uz kulturne, sportske i humanitarne sadr\u017eaje svake godine okupljaju Srbe iz regiona i dijaspore sa izuzetkom prekida tokom agresije na SRJ 1999. godine i vanredne situacije sa korona virusom tokom 2020 i 2021. godine.<\/p>\n<p>\u201eSusreti srpskih zemalja\u201c se odr\u017eavaju u organizaciji Udru\u017eenja za odbranu \u0107irilice \u201eDobrica Eri\u0107\u201c iz Beograda, Predstavni\u0161tva Republike Srpske u Srbiji i uz pomo\u0107 dugogodi\u0161njih prijatelja manifestacije.<\/p>\n","protected":false},"excerpt":{"rendered":"<p>U utorak, 26. marta, u 13.00 sati u prostorijama Predstavni\u0161tva Republike Srpske u Srbiji (Bulevar despota Stefana 4\/IV, Beograd) odr\u017ea\u0107e se konferencija za medije povodom kulturno-sportske manifestacije \u201eSusreti sprskih zemalja\u201c koja \u0107e se odr\u017eati od 28. do 31. marta na Jahorini. Manifestacija se ove godine odr\u017eava pod sloganom \u201e30 godina postojimo u sabornosti Srbije i&#8230;<\/p>\n","protected":false},"author":4,"featured_media":0,"comment_status":"closed","ping_status":"closed","sticky":false,"template":"","format":"standard","meta":[],"categories":[57],"tags":[],"_links":{"self":[{"href":"https:\/\/predstavnistvorsbg.rs\/sr-Latn\/wp-json\/wp\/v2\/posts\/11409"}],"collection":[{"href":"https:\/\/predstavnistvorsbg.rs\/sr-Latn\/wp-json\/wp\/v2\/posts"}],"about":[{"href":"https:\/\/predstavnistvorsbg.rs\/sr-Latn\/wp-json\/wp\/v2\/types\/post"}],"author":[{"embeddable":true,"href":"https:\/\/predstavnistvorsbg.rs\/sr-Latn\/wp-json\/wp\/v2\/users\/4"}],"replies":[{"embeddable":true,"href":"https:\/\/predstavnistvorsbg.rs\/sr-Latn\/wp-json\/wp\/v2\/comments?post=11409"}],"version-history":[{"count":4,"href":"https:\/\/predstavnistvorsbg.rs\/sr-Latn\/wp-json\/wp\/v2\/posts\/11409\/revisions"}],"predecessor-version":[{"id":11414,"href":"https:\/\/predstavnistvorsbg.rs\/sr-Latn\/wp-json\/wp\/v2\/posts\/11409\/revisions\/11414"}],"wp:attachment":[{"href":"https:\/\/predstavnistvorsbg.rs\/sr-Latn\/wp-json\/wp\/v2\/media?parent=11409"}],"wp:term":[{"taxonomy":"category","embeddable":true,"href":"https:\/\/predstavnistvorsbg.rs\/sr-Latn\/wp-json\/wp\/v2\/categories?post=11409"},{"taxonomy":"post_tag","embeddable":true,"href":"https:\/\/predstavnistvorsbg.rs\/sr-Latn\/wp-json\/wp\/v2\/tags?post=11409"}],"curies":[{"name":"wp","href":"https:\/\/api.w.org\/{rel}","templated":true}]}}