{"id":11418,"date":"2024-03-25T15:33:59","date_gmt":"2024-03-25T14:33:59","guid":{"rendered":"https:\/\/predstavnistvorsbg.rs\/?p=11418"},"modified":"2024-03-25T15:57:02","modified_gmt":"2024-03-25T14:57:02","slug":"ucenici-tehnicke-skole-iz-banje-luke-u-posjeti-beogradu","status":"publish","type":"post","link":"https:\/\/predstavnistvorsbg.rs\/sr-Latn\/najava-dogadjaja-sr-latn\/ucenici-tehnicke-skole-iz-banje-luke-u-posjeti-beogradu\/","title":{"rendered":"U\u010denici Tehni\u010dke \u0161kole iz Banje Luke u posjeti Beogradu"},"content":{"rendered":"<p>U\u010denici Tehni\u010dke \u0161kole iz Banje Luke,\u00a0najve\u0107e tehni\u010dke \u0161kole u Republici Srpskoj, boravi\u0107e sutra po prvi put u posjeti Srbiji i tom prilikom \u0107e obi\u0107i ustanove i destinacije od zna\u010daja za njihovo obrazovanje.<\/p>\n<p><img loading=\"lazy\" class=\"wp-image-11422 size-full aligncenter\" title=\"U\u010denici Tehni\u010dke \u0161kole iz Banje Luke u posjeti Beogradu\" src=\"https:\/\/predstavnistvorsbg.rs\/wp-content\/uploads\/2024\/03\/tehnicka_skola_bl.jpg\" alt=\"U\u010denici Tehni\u010dke \u0161kole iz Banje Luke u posjeti Beogradu\" width=\"700\" height=\"570\" srcset=\"https:\/\/predstavnistvorsbg.rs\/wp-content\/uploads\/2024\/03\/tehnicka_skola_bl.jpg 700w, https:\/\/predstavnistvorsbg.rs\/wp-content\/uploads\/2024\/03\/tehnicka_skola_bl-300x244.jpg 300w\" sizes=\"(max-width: 700px) 100vw, 700px\" \/><\/p>\n<p>Tokom posjete planirano je da 170 u\u010denika posjeti sajam automobila\u00a0koji se odr\u017eava u Beogradu gdje \u0107e imati priliku da se upoznaju sa najnovijim dostignu\u0107ima u automobilskoj industriji, kao i saobra\u0107ajni centar \u201eNAVA\u041a\u201c kako bi pro\u0161irili svoje znanje o bezbjednosti u saobra\u0107aju. Tako\u0111e, planirane su posjete lokacijama od kulturno-istorijskog zna\u010daja za na\u0161 narod, obrazovnim ustanovama sli\u010dnog obrazovnog profila i najzna\u010dajnijim sportskim centrima Srbije.<\/p>\n<p><strong>Prilikom posjete\u00a0Sajmu automobila\u00a0u Beogradu sutra, 26.03.2024. godine, u 11 sati\u00a0ispred hale 1 Beogradskog sajma, u\u010denike i profesore\u00a0\u0107e\u00a0do\u010dekati\u00a0Mla\u0111en Cicovi\u0107, \u0161ef Predstavni\u0161tva Republike Srpske u Srbiji.<\/strong><\/p>\n<p>Za o\u010dekivati je da \u0107e iskustva ste\u010dena u toku ove posjete dodatno obogatiti\u00a0obrazovanje u\u010denika,\u00a0njihovo razumijevanje industrije i tehnologije automobila, te da \u0107e im pru\u017eiti priliku za inspirativne diskusije i interakciju sa stru\u010dnjacima. Tako\u0111e, ova posjeta predstavlja ne samo priliku za u\u010denje i istra\u017eivanje, ve\u0107 i za ja\u010danje veza izme\u0111u Banje Luke i Beograda te Republike Srpske i Srbije u cjelini.<\/p>\n","protected":false},"excerpt":{"rendered":"<p>U\u010denici Tehni\u010dke \u0161kole iz Banje Luke,\u00a0najve\u0107e tehni\u010dke \u0161kole u Republici Srpskoj, boravi\u0107e sutra po prvi put u posjeti Srbiji i tom prilikom \u0107e obi\u0107i ustanove i destinacije od zna\u010daja za njihovo obrazovanje. Tokom posjete planirano je da 170 u\u010denika posjeti sajam automobila\u00a0koji se odr\u017eava u Beogradu gdje \u0107e imati priliku da se upoznaju sa najnovijim&#8230;<\/p>\n","protected":false},"author":4,"featured_media":0,"comment_status":"closed","ping_status":"closed","sticky":false,"template":"","format":"standard","meta":[],"categories":[57],"tags":[],"_links":{"self":[{"href":"https:\/\/predstavnistvorsbg.rs\/sr-Latn\/wp-json\/wp\/v2\/posts\/11418"}],"collection":[{"href":"https:\/\/predstavnistvorsbg.rs\/sr-Latn\/wp-json\/wp\/v2\/posts"}],"about":[{"href":"https:\/\/predstavnistvorsbg.rs\/sr-Latn\/wp-json\/wp\/v2\/types\/post"}],"author":[{"embeddable":true,"href":"https:\/\/predstavnistvorsbg.rs\/sr-Latn\/wp-json\/wp\/v2\/users\/4"}],"replies":[{"embeddable":true,"href":"https:\/\/predstavnistvorsbg.rs\/sr-Latn\/wp-json\/wp\/v2\/comments?post=11418"}],"version-history":[{"count":3,"href":"https:\/\/predstavnistvorsbg.rs\/sr-Latn\/wp-json\/wp\/v2\/posts\/11418\/revisions"}],"predecessor-version":[{"id":11427,"href":"https:\/\/predstavnistvorsbg.rs\/sr-Latn\/wp-json\/wp\/v2\/posts\/11418\/revisions\/11427"}],"wp:attachment":[{"href":"https:\/\/predstavnistvorsbg.rs\/sr-Latn\/wp-json\/wp\/v2\/media?parent=11418"}],"wp:term":[{"taxonomy":"category","embeddable":true,"href":"https:\/\/predstavnistvorsbg.rs\/sr-Latn\/wp-json\/wp\/v2\/categories?post=11418"},{"taxonomy":"post_tag","embeddable":true,"href":"https:\/\/predstavnistvorsbg.rs\/sr-Latn\/wp-json\/wp\/v2\/tags?post=11418"}],"curies":[{"name":"wp","href":"https:\/\/api.w.org\/{rel}","templated":true}]}}