{"id":11499,"date":"2024-03-28T11:05:20","date_gmt":"2024-03-28T10:05:20","guid":{"rendered":"https:\/\/predstavnistvorsbg.rs\/?p=11499"},"modified":"2024-03-28T11:07:46","modified_gmt":"2024-03-28T10:07:46","slug":"kecmanovic-izglasavanje-izbornog-zakona-srpske-je-jedini-adekvatan-odgovor-smitu","status":"publish","type":"post","link":"https:\/\/predstavnistvorsbg.rs\/sr-Latn\/u-fokusu-sr-latn\/kecmanovic-izglasavanje-izbornog-zakona-srpske-je-jedini-adekvatan-odgovor-smitu\/","title":{"rendered":"\u041aecmanovi\u0107: Izglasavanje izbornog zakona Srpske je jedini adekvatan odgovor \u0160mitu"},"content":{"rendered":"<p style=\"text-align: justify;\">Jedini adekvatan i logi\u010dan odgovor Narodne skup\u0161tine Republike Srpske na najnoviju odluku \u041aristijana \u0160mita o izmjenama Izbornog zakona BiH bio bi izglasavanje Izbornog zakona Srpske po kome \u0107e i biti obavljeni jesenji izbori, uz dosljedno dr\u017eanje \u010dinjenice da \u0160mit nije visoki predstavnik, izjavio je za Srnu uo\u010di dana\u0161nje sjednice profesor Nenad \u041aecmanovi\u0107.<\/p>\n<p style=\"text-align: justify;\">\u041aecmanovi\u0107 je naveo da je takav dokument od ranije pripremljen, ali da postoji ustavna procedure koja tra\u017ei vrijeme bez obzira \u0161to se mo\u017ee donijeti po ubrzanom postupku.<\/p>\n<p style=\"text-align: justify;\">\u201eNeki kolebljivi poslanici \u0107e u diskusiji vjerovatno ista\u0107i da \u0160mitov izborni zakon unosi uglavnom tehni\u010dke inovacije, \u0161to i nije neta\u010dno. Me\u0111utim, svi smo ve\u0107 nau\u010dili kako to oni rade. Prihvatanje i takvih `tehni\u010dkih pobolj\u0161anja` zna\u010dilo bi principijelno pristajanje na nametanje, a njima je to dovoljno da idu dalje i da name\u0107u politi\u010dka rje\u0161enja\u201c, upozorio je \u041aecmanovi\u0107.<\/p>\n<p style=\"text-align: justify;\">On je naveo da bi se, generalno, trebalo dosljedno dr\u017eati \u010dinjenice da \u0160mit nije visoki predstavnik.<\/p>\n<p style=\"text-align: justify;\">\u201eTo dalje zna\u010di da sve \u0161to on uradi predstavlja njegovu privatnu rabotu koju ne\u0107emo uzimati za ozbiljno. Najzad, o tome nema potrebe da uop\u0161te raspravljaju ni politi\u010dari, ni analiti\u010dari, ni mediji u Srpskoj. Totalna ignorancija \u0161irokog spektra! Izuzev na nivou sprdnje. Imamo Dejtonski sporazum, Aneks \u010detiri, Ustav, a znamo i da ga tuma\u010dimo\u201c, poru\u010dio je \u041aecmanovi\u0107.<\/p>\n<p style=\"text-align: justify;\">U osvrtu na \u0160mitovo obrazlo\u017eenje da je izmjene Izbornog zakona Republike Srpske donio sa ciljem \u201epodr\u0161ke najavljenom procesu pristupanja BiH EU\u201c, \u041aecmanovi\u0107 je rekao da ga \u010dudi da \u0160mit i otimanje javne imovine Republici Srpskoj, tako\u0111e, nije objasnio kao podr\u0161ku procesu pridru\u017eivanja BiH.<\/p>\n<p style=\"text-align: justify;\">\u201eIli, mo\u017eda, da bi nas priznanje njegovog la\u017enog statusa trenutno uvelo u EU? Sve te njihove inicijative i tuma\u010denja imaju za svrhu da nas uvla\u010de u besmislene rasprave u kojima uzaludno poku\u0161avamo da im argumentima doka\u017eemo da nisu u pravu, gubimo vrijeme, energiju, strpljenje&#8220;, rekao je on.<\/p>\n<p style=\"text-align: justify;\">Prema njegovim rije\u010dima, sve to oni to jako dobro znaju, ali su unaprijed odlu\u010dili da od Srpske naprave ikebanu.<\/p>\n<p style=\"text-align: justify;\">\u201eNovo je samo da im se zbog po njih nepovoljne globalne situacije sada pani\u010dno \u017euri\u201c, rekao je on.<\/p>\n<p style=\"text-align: justify;\">Prema njegovim rije\u010dima, zato vi\u0161e nema \u201ekuvanja \u017eabe, nego svom snagom napadaju sa svih strana\u201c.<\/p>\n<p style=\"text-align: justify;\">\u201ePristupne pregovore su ubacili u igru kao mamac da se uhvatimo na udicu i sami im olak\u0161amo posao. Dodik je odavno rekao: &#8216;Ne treba nam EU ako \u0107e BiH u nju u\u0107i bez Srpske&#8217;\u201c, podsjetio je \u041aecmanovi\u0107.<\/p>\n<p style=\"text-align: justify;\">Govore\u0107i o EU u svjetlu \u010dinjenice da je BiH, koja je pod kolonijalnom upravom pozvala da pristupi pregovorima, \u041aecmanovi\u0107 je rekao da bi on Briselu predlo\u017eio da i pregovore o pristupanju EU obave sa \u0160mitom koga Srpska ne priznaje, kao \u0161to, konsekventno, ne\u0107e priznati ni rezultate tih pregovora.<\/p>\n<p style=\"text-align: justify;\">\u201eBilo bi to cinizmom na cinizam\u201c, rekao je \u041aecmanovi\u0107.<\/p>\n<p style=\"text-align: justify;\">On je naglasio da bi oti\u0161ao i korak dalje i obavijestio EU da Republika Srpska odustaje od integracija \u201ejer smo procijenili da \u0107e se EU raspasti prije nego \u0161to Srpska stigne do Brisela&#8220;.<\/p>\n<p style=\"text-align: justify;\">\u201eIli, za\u0161to da im ne predlo\u017eimo da sve dalje komunikacije oko pristupanja EU zapo\u010dnu sa Banjalukom jer Srpska planira mirni razlaz sa Federacijom, pa BiH u dogljedno vrijeme ne\u0107e postojati kao adresa\u201c, sugerisao je profesor \u041aecmanovi\u0107.<\/p>\n<p style=\"text-align: justify;\">PRESUDNO JE IS\u041aAZATI \u010cVRSTO JEDINSTVO I ODLU\u010cNOST<\/p>\n<p style=\"text-align: justify;\">Profesor \u041aecmanovi\u0107 je izjavio Srni da ne da je va\u017eno nego je i presudno da u danima kada Srpska i Srbija i njihovo rukovodstvo trpe jake pritiske iska\u017eu \u010dvrsto jedinstvo i odlu\u010dnost da se nametanja ne\u0107e prihvatiti.<\/p>\n<p style=\"text-align: justify;\">\u201eMo\u017eda djeluje paradoksalno, ali dobro je \u0161to su istovremeno krenuli da Srbima otmu i Srpsku i \u041aosovo, jer to ja\u010da na\u0161e nacionalno jedinstvo. Dva srpska predsjednika su u intenzivnom \u017eivom kontaktu, a sa njima je sve \u010de\u0161\u0107e i patrijarh srpski\u201c, rekao je \u041aecmanovi\u0107.<\/p>\n<p style=\"text-align: justify;\">On je ukazao da se predsjednik Srpske Milorad Dodik, koji je, kako je rekao, poznat po brzim i zapaljivim reakcijama, ovoga puta neuobi\u010dajeno dugo nije ogla\u0161avao na odluku \u041aristijana \u0160mita, \u201e\u0161to zna\u010di da je dobro promislio odlu\u010duju\u0107i potez\u201c.<\/p>\n<p style=\"text-align: justify;\">\u201ePredsjednik Srbije Aleksandar Vu\u010di\u0107, koji je opet poznat po odmjerenim izjavama, sada je o\u0161tro uzvratio: `Ako \u041aosovo u\u0111e u Savjet Evrope, Srbija \u0107e iza\u0107i!` I ne propu\u0161ta da pored Srbije spomene i Srpsku\u201c, rekao je \u041aecmanovi\u0107.<\/p>\n<p style=\"text-align: justify;\">On je naveo da kolektivni Zapad u Savjetu bezbjednosti UN obnavlja rezoluciju o Srebrenici, a Rusija i \u041aina ponavljaju zahtjev da se raspravlja o njihovo agresiji na srpske zemlje.<\/p>\n<p style=\"text-align: justify;\">\u201eSrpsko pitanje se internacionalizuje, ali novi raspored snaga u svijetu ide nam u prilog\u201c, smatra on.<\/p>\n<p style=\"text-align: justify;\">ZA\u0160TITU DODI\u041aA OTE\u017dAVA \u0160TO ON SVA\u041aO OGRANI\u010cENJE POLITI\u010c\u041aIH A\u041aTIVNOSTI RADI LI\u010cNE BEZBJEDNOSTI DO\u017dIVLJAVA \u041aAO PONI\u017dENJE I \u041aU\u041aAVI\u010cLU\u041a<\/p>\n<p style=\"text-align: justify;\">Profesor \u041aecmanovi\u0107 je u vezi sa bezbjednosnim rizicima kojima je izlo\u017een predsjednik Dodik rekao da je za\u0161tita njegove fizi\u010dke bezbjednosti podignuta na najvi\u0161i nivo, \u0161to je nedavno potvrdio nadle\u017eni ministar Sini\u0161a \u041aaran, ali da za\u0161titu ote\u017eava \u0161to on svako ograni\u010denje svojih politi\u010dkih aktivnosti radi li\u010dne bezbjednosti do\u017eivljava kao poni\u017eenje i kukavi\u010dluk.<\/p>\n<p style=\"text-align: justify;\">\u041aecmanovi\u0107 je naveo da poseban bezbjednosni rizik predstavljaju \u010desti Dodikovi boravci na ro\u010di\u0161tima u Sarajevu \u201ejer je tamo izlo\u017een nevi\u0111enoj mr\u017enji svakog prolaznika koji bi mu rado dohakao\u201c.<\/p>\n<p style=\"text-align: justify;\">On je dodao i da Dodik nije smanjio svoje aktivnosti ve\u0107 da \u010desto putuje u inostranstvo i gotovo svakodnevno uzdu\u017e i poprijeko po Republici Srpskoj.<\/p>\n<p style=\"text-align: justify;\">\u201e\u041are\u0107e se po Banjaluci i do Lakta\u0161a, \u0161to pove\u0107ava rizik. Istovremeno, on je ve\u0107 godinama obilje\u017een kao problem svih problema za Bo\u0161njake i glavna prepreka kolektivnom Zapadu da dovr\u0161i kolonizaciju Srpske. Za\u0161titu ote\u017eava \u0161to on svako ograni\u010denje svojih politi\u010dkih aktivnosti radi li\u010dne bezbjednosti do\u017eivljava kao poni\u017eenje i kukavi\u010dluk&#8220;, zaklju\u010dio je \u041aecmanovi\u0107.<\/p>\n<p><span style=\"font-size: 12px;\">Izvor: Srna<\/span><\/p>\n","protected":false},"excerpt":{"rendered":"<p>Jedini adekvatan i logi\u010dan odgovor Narodne skup\u0161tine Republike Srpske na najnoviju odluku \u041aristijana \u0160mita o izmjenama Izbornog zakona BiH bio bi izglasavanje Izbornog zakona Srpske po kome \u0107e i biti obavljeni jesenji izbori, uz dosljedno dr\u017eanje \u010dinjenice da \u0160mit nije visoki predstavnik, izjavio je za Srnu uo\u010di dana\u0161nje sjednice profesor Nenad \u041aecmanovi\u0107. \u041aecmanovi\u0107 je naveo&#8230;<\/p>\n","protected":false},"author":6,"featured_media":11493,"comment_status":"closed","ping_status":"closed","sticky":false,"template":"","format":"standard","meta":[],"categories":[44],"tags":[94],"_links":{"self":[{"href":"https:\/\/predstavnistvorsbg.rs\/sr-Latn\/wp-json\/wp\/v2\/posts\/11499"}],"collection":[{"href":"https:\/\/predstavnistvorsbg.rs\/sr-Latn\/wp-json\/wp\/v2\/posts"}],"about":[{"href":"https:\/\/predstavnistvorsbg.rs\/sr-Latn\/wp-json\/wp\/v2\/types\/post"}],"author":[{"embeddable":true,"href":"https:\/\/predstavnistvorsbg.rs\/sr-Latn\/wp-json\/wp\/v2\/users\/6"}],"replies":[{"embeddable":true,"href":"https:\/\/predstavnistvorsbg.rs\/sr-Latn\/wp-json\/wp\/v2\/comments?post=11499"}],"version-history":[{"count":3,"href":"https:\/\/predstavnistvorsbg.rs\/sr-Latn\/wp-json\/wp\/v2\/posts\/11499\/revisions"}],"predecessor-version":[{"id":11507,"href":"https:\/\/predstavnistvorsbg.rs\/sr-Latn\/wp-json\/wp\/v2\/posts\/11499\/revisions\/11507"}],"wp:featuredmedia":[{"embeddable":true,"href":"https:\/\/predstavnistvorsbg.rs\/sr-Latn\/wp-json\/wp\/v2\/media\/11493"}],"wp:attachment":[{"href":"https:\/\/predstavnistvorsbg.rs\/sr-Latn\/wp-json\/wp\/v2\/media?parent=11499"}],"wp:term":[{"taxonomy":"category","embeddable":true,"href":"https:\/\/predstavnistvorsbg.rs\/sr-Latn\/wp-json\/wp\/v2\/categories?post=11499"},{"taxonomy":"post_tag","embeddable":true,"href":"https:\/\/predstavnistvorsbg.rs\/sr-Latn\/wp-json\/wp\/v2\/tags?post=11499"}],"curies":[{"name":"wp","href":"https:\/\/api.w.org\/{rel}","templated":true}]}}