{"id":11556,"date":"2024-03-28T08:50:28","date_gmt":"2024-03-28T07:50:28","guid":{"rendered":"https:\/\/predstavnistvorsbg.rs\/?p=11556"},"modified":"2024-03-29T09:58:41","modified_gmt":"2024-03-29T08:58:41","slug":"biciklisticka-trka-beograd-banjaluka-srbija-i-srpska-zajedno","status":"publish","type":"post","link":"https:\/\/predstavnistvorsbg.rs\/sr-Latn\/prethodni-dogadjaji-sr-latn\/biciklisticka-trka-beograd-banjaluka-srbija-i-srpska-zajedno\/","title":{"rendered":"Biciklisti\u010dka trka &#8222;Beograd &#8211; Banjaluka&#8220;: Srbija i Srpska zajedno"},"content":{"rendered":"<p>&#8222;Srbija i Srpska zajedno&#8220; poruka je sa prezentacija biciklisti\u010dke trke &#8222;Beograd &#8211; Banjaluka&#8220; koja je danas odr\u017eana u Obrenovcu u kojem \u0107e kru\u017enom trkom 17. aprila po\u010deti 18. izdanje ovog doga\u0111aja.<\/p>\n<p><img loading=\"lazy\" class=\"aligncenter wp-image-11540 size-full\" title=\"U biblioteci &quot;Vlada Aksentijevi\u0107&quot; okupilo se mnogo zvanica, predstavnika gradova kroz koje trka prolazi, kao i ljudi iz dru\u0161tvenog \u017eivota op\u0161tine Obrenovac\" src=\"https:\/\/predstavnistvorsbg.rs\/wp-content\/uploads\/2024\/03\/bic_trka2.jpg?_t=1711702437\" alt=\"U biblioteci &quot;Vlada Aksentijevi\u0107&quot; okupilo se mnogo zvanica, predstavnika gradova kroz koje trka prolazi, kao i ljudi iz dru\u0161tvenog \u017eivota op\u0161tine Obrenovac\" width=\"1024\" height=\"768\" srcset=\"https:\/\/predstavnistvorsbg.rs\/wp-content\/uploads\/2024\/03\/bic_trka2.jpg 1024w, https:\/\/predstavnistvorsbg.rs\/wp-content\/uploads\/2024\/03\/bic_trka2-300x225.jpg 300w\" sizes=\"(max-width: 1024px) 100vw, 1024px\" \/><\/p>\n<p>U lijepom ambijentu nove zgrade biblioteke &#8222;Vlada Aksentijevi\u0107&#8220; okupilo se mnogo zvanica, predstavnika gradova kroz koje trka prolazi, kao i ljudi iz dru\u0161tvenog \u017eivota ove op\u0161tine. Sve prisutne pozdravio je predsjednik Milo\u0161 Stanojevi\u0107.<\/p>\n<p><img loading=\"lazy\" class=\"wp-image-11543 size-full aligncenter\" title=\"Milo\u0161 Stanojevi\u0107, predsjednik GO Obrenovac \" src=\"https:\/\/predstavnistvorsbg.rs\/wp-content\/uploads\/2024\/03\/bic_trka3.jpg\" alt=\"Milo\u0161 Stanojevi\u0107, predsjednik GO Obrenovac \" width=\"1024\" height=\"768\" srcset=\"https:\/\/predstavnistvorsbg.rs\/wp-content\/uploads\/2024\/03\/bic_trka3.jpg 1024w, https:\/\/predstavnistvorsbg.rs\/wp-content\/uploads\/2024\/03\/bic_trka3-300x225.jpg 300w\" sizes=\"(max-width: 1024px) 100vw, 1024px\" \/><\/p>\n<p>&#8211; Uvijek je poseban trenutak kada biciklisti pro\u0111u kroz Obrenovac, a sada \u0107e biti posebna \u010dast jer \u0107emo biti doma\u0107ini kru\u017ene trke. Po\u010dastvovani smo \u0161to smo dio ove bratske, prijateljske pri\u010de. Zadatak svih nas je jasan, da se \u010duvamo i polazimo i da se pona\u0161amo kao bra\u0107a i sestre kao \u0161to smo to i radili oduvek &#8211; rekao je Stanojevi\u0107.<\/p>\n<p><img loading=\"lazy\" class=\"wp-image-11580 size-full aligncenter\" title=\"Mla\u0111en Cicovi\u0107, \u0161ef Predstavni\u0161tva Republike Srpske u Srbiji\" src=\"https:\/\/predstavnistvorsbg.rs\/wp-content\/uploads\/2024\/03\/bic_trka4-1.jpg\" alt=\"Mla\u0111en Cicovi\u0107, \u0161ef Predstavni\u0161tva Republike Srpske u Srbiji\" width=\"1024\" height=\"768\" srcset=\"https:\/\/predstavnistvorsbg.rs\/wp-content\/uploads\/2024\/03\/bic_trka4-1.jpg 1024w, https:\/\/predstavnistvorsbg.rs\/wp-content\/uploads\/2024\/03\/bic_trka4-1-300x225.jpg 300w\" sizes=\"(max-width: 1024px) 100vw, 1024px\" \/><\/p>\n<p>Veliku ulogu tokom rasta trke odigrao je \u0161ef Predstavni\u0161tva Republike Srpske u Srbiji Mla\u0111en Cicovi\u0107 koji je svojim anga\u017emanom i autoritetom otvorio mnoga vrata organizatorima trke i Predstavni\u0161tvo je od samog po\u010detka uz ovu manifestaciju.<\/p>\n<p>&#8211; Ove godine \u0107emo imati predstavnike iz vi\u0161e od 30 zemalja, a u 57 ide prenos u\u017eivo. To je sjajan na\u010din i prilika da svi oni vide \u0161ta je to lijepo i dobro \u0161to imaju Republika Srpska i Srbija. Ovo je sjajna manifestacija, namjerno sam upotrijebio tu rije\u010d jer je ona mnogo ve\u0107a od sportskog doga\u0111aja. Trka je jedinstvena prilika da poka\u017eemo da smo narod koji je apsolutno spreman da uva\u017ei tu\u0111e i po\u0161tuje svoje, da bude prijateljski orijentisan i da na pravi na\u010din mo\u017ee da organizuje ovako velike doga\u0111aje &#8211; rekao je Cicovi\u0107.<\/p>\n<p><img loading=\"lazy\" class=\"aligncenter wp-image-11549 size-full\" title=\"Vladimir \u041auvalja, direktor biciklisti\u010dke trke \" src=\"https:\/\/predstavnistvorsbg.rs\/wp-content\/uploads\/2024\/03\/bic_trka5.jpg\" alt=\"Vladimir \u041auvalja, direktor biciklisti\u010dke trke \" width=\"1024\" height=\"768\" srcset=\"https:\/\/predstavnistvorsbg.rs\/wp-content\/uploads\/2024\/03\/bic_trka5.jpg 1024w, https:\/\/predstavnistvorsbg.rs\/wp-content\/uploads\/2024\/03\/bic_trka5-300x225.jpg 300w\" sizes=\"(max-width: 1024px) 100vw, 1024px\" \/><\/p>\n<p>Prvi \u010dovjek trke Vladimir \u041auvalja osim zahvalnosti Obrenovcu, gradovima doma\u0107inima, te vlastima Srbije i Srpske koje su sna\u017eno stale iza ovog doga\u0111aja naglasio je da \u0107e TV signal biti emitovan u 57 zemalja svijeta.<\/p>\n<p>&#8211; Uz podr\u0161ku svih ljudi koji su uklju\u010deni u organizaciju potrudili smo se da ove godine podignemo nivo i kada je u pitanju produkcija. Svaku etapu snima\u0107e \u0161est kamera, tako da \u0107emo imati dodatne mogu\u0107nosti da na najljep\u0161i na\u010din predstavimo na\u0161e divne zemlje. Zaista sam sre\u0107an \u0161to iz godine u godinu raste interesovanje gradova za doma\u0107instvo, pa evo sada mogu da ka\u017eem da \u0107e 2025. godine najvjerovatnije promijeniti ime u &#8222;Trka kroz Srbiju i Republiku Srpsku&#8220; &#8211; rekao je \u041auvalja.<\/p>\n<p><img loading=\"lazy\" class=\"wp-image-11552 size-full aligncenter\" title=\"Dragoljub Bogdanovi\u0107, na\u010delnik Rudog sa Milo\u0161om Stanojevi\u0107em, predsjednikom GO Obrenovac\" src=\"https:\/\/predstavnistvorsbg.rs\/wp-content\/uploads\/2024\/03\/bic_trka6.jpg\" alt=\"Dragoljub Bogdanovi\u0107, na\u010delnik Rudog sa Milo\u0161om Stanojevi\u0107em, predsjednikom GO Obrenovac \" width=\"1024\" height=\"768\" srcset=\"https:\/\/predstavnistvorsbg.rs\/wp-content\/uploads\/2024\/03\/bic_trka6.jpg 1024w, https:\/\/predstavnistvorsbg.rs\/wp-content\/uploads\/2024\/03\/bic_trka6-300x225.jpg 300w\" sizes=\"(max-width: 1024px) 100vw, 1024px\" \/><\/p>\n<p>Prvi put karavan \u0107e pro\u0107i kroz Rudo koje \u0107e biti prolazni cilj tre\u0107e etape.<\/p>\n<p>&#8211; Mnoge generacije, naro\u010dito novije i ne znaju gdje se nalazi na\u0161a op\u0161tina koja je pograni\u010dna, naslanjaju\u0107i se na \u010cajetinu i Priboj. Imamo dosta toga da poka\u017eemo, da pribli\u017eimo na\u0161 grad regionu i svijetu. Ima\u0107e \u0161ta da se vidi i \u010duje. Danas se u Obrenovcu osje\u0107am kao kod svoje ku\u0107e, a svi koji do\u0111u u na\u0161e mjesto tokom trke isto \u0107e se osje\u0107ati kao ja sada &#8211; rekao je na\u010delnik Rudog Dragoljub Bogdanovi\u0107.<\/p>\n<p><img loading=\"lazy\" class=\"aligncenter wp-image-11584 size-full\" title=\"Vladimir \u041auvalja, direktor biciklisti\u010dke trke &quot;Beograd - Banjaluka&quot;, Lazar Prodanovi\u0107, ne\u010delnik op\u0161tine Bratunac, Dragoljub Bogdanovi\u0107, na\u010delnik Rudog i Milo\u0161 Stanojevi\u0107, predsjednik GO Obrenovac \" src=\"https:\/\/predstavnistvorsbg.rs\/wp-content\/uploads\/2024\/03\/bic_trka7.jpg?_t=1711702673\" alt=\"Vladimir \u041auvalja, direktor biciklisti\u010dke trke &quot;Beograd - Banjaluka&quot;, Lazar Prodanovi\u0107, ne\u010delnik op\u0161tine Bratunac, Dragoljub Bogdanovi\u0107, na\u010delnik Rudog i Milo\u0161 Stanojevi\u0107, predsjednik GO Obrenovac \" width=\"1024\" height=\"768\" srcset=\"https:\/\/predstavnistvorsbg.rs\/wp-content\/uploads\/2024\/03\/bic_trka7.jpg 1024w, https:\/\/predstavnistvorsbg.rs\/wp-content\/uploads\/2024\/03\/bic_trka7-300x225.jpg 300w\" sizes=\"(max-width: 1024px) 100vw, 1024px\" \/><\/p>\n<p>Debitant na trci je i Bratunac, a prvi \u010dovjek op\u0161tine Lazar Prodanovi\u0107 ne sumnja da je ovo po\u010detak dugogodi\u0161nje saradnje.<\/p>\n<p>&#8211; Posebno sam sre\u0107an \u0161to \u0107emo za dvadesetak dana realizovati ideju koja se rodila prije vi\u0161e od godinu dana. Ubije\u0111en sam da \u0107e mnogi na\u0161i sugra\u0111ani, posebno \u0161kolarci imati priliku da vide profesionalce i ko zna, mo\u017eda krenuti njihovim stopama. Nadam se da \u0107e ve\u0107 idu\u0107e godine start neke od etapa biti sa mosta Bratoljub koji je izgra\u0111en udru\u017eenim snagama Srpske i Srbije &#8211; naglasio je Prodanovi\u0107.<\/p>\n<p>Prvog dana, 17. aprila bi\u0107e odr\u017eana kru\u017ena trka u Obrenovcu. Dan kasnije na programu je etapa od Beograda do Bijeljine duga 140 kilometara.<\/p>\n<p>Tre\u0107a etapa na programu je 19. aprila od Zvornika preko Bratunca i \u0160ekovi\u0107a do Vlasenice (139 kilometara), a potom slijedi najte\u017ea etapa koja se vozi od Vi\u0161egrada preko Rudog, Rogatice i Sokoca do Jahorine.<\/p>\n<p>Posljednja etapa na programu je 21. aprila od Doboja do Banjaluke.<\/p>\n","protected":false},"excerpt":{"rendered":"<p>&#8222;Srbija i Srpska zajedno&#8220; poruka je sa prezentacija biciklisti\u010dke trke &#8222;Beograd &#8211; Banjaluka&#8220; koja je danas odr\u017eana u Obrenovcu u kojem \u0107e kru\u017enom trkom 17. aprila po\u010deti 18. izdanje ovog doga\u0111aja. U lijepom ambijentu nove zgrade biblioteke &#8222;Vlada Aksentijevi\u0107&#8220; okupilo se mnogo zvanica, predstavnika gradova kroz koje trka prolazi, kao i ljudi iz dru\u0161tvenog \u017eivota&#8230;<\/p>\n","protected":false},"author":4,"featured_media":11539,"comment_status":"closed","ping_status":"closed","sticky":false,"template":"","format":"standard","meta":[],"categories":[56],"tags":[94],"_links":{"self":[{"href":"https:\/\/predstavnistvorsbg.rs\/sr-Latn\/wp-json\/wp\/v2\/posts\/11556"}],"collection":[{"href":"https:\/\/predstavnistvorsbg.rs\/sr-Latn\/wp-json\/wp\/v2\/posts"}],"about":[{"href":"https:\/\/predstavnistvorsbg.rs\/sr-Latn\/wp-json\/wp\/v2\/types\/post"}],"author":[{"embeddable":true,"href":"https:\/\/predstavnistvorsbg.rs\/sr-Latn\/wp-json\/wp\/v2\/users\/4"}],"replies":[{"embeddable":true,"href":"https:\/\/predstavnistvorsbg.rs\/sr-Latn\/wp-json\/wp\/v2\/comments?post=11556"}],"version-history":[{"count":6,"href":"https:\/\/predstavnistvorsbg.rs\/sr-Latn\/wp-json\/wp\/v2\/posts\/11556\/revisions"}],"predecessor-version":[{"id":11592,"href":"https:\/\/predstavnistvorsbg.rs\/sr-Latn\/wp-json\/wp\/v2\/posts\/11556\/revisions\/11592"}],"wp:featuredmedia":[{"embeddable":true,"href":"https:\/\/predstavnistvorsbg.rs\/sr-Latn\/wp-json\/wp\/v2\/media\/11539"}],"wp:attachment":[{"href":"https:\/\/predstavnistvorsbg.rs\/sr-Latn\/wp-json\/wp\/v2\/media?parent=11556"}],"wp:term":[{"taxonomy":"category","embeddable":true,"href":"https:\/\/predstavnistvorsbg.rs\/sr-Latn\/wp-json\/wp\/v2\/categories?post=11556"},{"taxonomy":"post_tag","embeddable":true,"href":"https:\/\/predstavnistvorsbg.rs\/sr-Latn\/wp-json\/wp\/v2\/tags?post=11556"}],"curies":[{"name":"wp","href":"https:\/\/api.w.org\/{rel}","templated":true}]}}