{"id":12329,"date":"2024-04-22T11:16:08","date_gmt":"2024-04-22T09:16:08","guid":{"rendered":"https:\/\/predstavnistvorsbg.rs\/?p=12329"},"modified":"2024-04-22T11:16:08","modified_gmt":"2024-04-22T09:16:08","slug":"tribina-rezolucija-o-srebrenici-da-li-nam-u-bih-prijeti-povratak-u-1991-godinu","status":"publish","type":"post","link":"https:\/\/predstavnistvorsbg.rs\/sr-Latn\/najava-dogadjaja-sr-latn\/tribina-rezolucija-o-srebrenici-da-li-nam-u-bih-prijeti-povratak-u-1991-godinu\/","title":{"rendered":"Tribina \u201eRezolucija o Srebrenici \u2013 da li nam u BiH prijeti povratak u 1991. godinu\u201c"},"content":{"rendered":"<p>U organizaciji Beogradskog foruma za svet ravnopravnih i informativno-politi\u010dkih portala \u201eSve o Srpskoj\u201c i \u201eFakti\u201c, uz podr\u0161ku Predstavni\u0161tva Republike Srpske u Srbiji, u utorak, 23. aprila, u 13 sati u Pres centru Udru\u017eenja novinara Srbije (Knez Mihailova 6\/III) bi\u0107e odr\u017eana tematska tribina pod nazivom \u201eRezolucija o Srebrenici \u2013 da li nam u BiH prijeti povratak u 1991. godinu.\u201c<\/p>\n<p>Na tribini \u0107e govoriti \u017divadin Jovanovi\u0107, Aleksandar Gaji\u0107, Mile Bjelajac, Aleksandar Rakovi\u0107, Goran Petronijevi\u0107, Stevan Gaji\u0107, Boris Krivokapi\u0107, Zoran Milivojevi\u0107 i Rade Drobac, koji \u0107e biti i moderator tribine.<\/p>\n<p>Pozdravnu rije\u010d u ime organizatora ima\u0107e Mla\u0111en Cicovi\u0107, \u0161ef Predstavni\u0161tva Republike Srpske u Srbiji.<\/p>\n<p><img loading=\"lazy\" class=\"wp-image-12325 size-full aligncenter\" title=\"Tribina \u201eRezolucija o Srebrenici \u2013 da li nam u BiH prijeti povratak u 1991. godinu\u201c\" src=\"https:\/\/predstavnistvorsbg.rs\/wp-content\/uploads\/2024\/04\/rezolucija_o_srebrenici.jpg\" alt=\"Tribina \u201eRezolucija o Srebrenici \u2013 da li nam u BiH prijeti povratak u 1991. godinu\u201c\" width=\"930\" height=\"576\" srcset=\"https:\/\/predstavnistvorsbg.rs\/wp-content\/uploads\/2024\/04\/rezolucija_o_srebrenici.jpg 930w, https:\/\/predstavnistvorsbg.rs\/wp-content\/uploads\/2024\/04\/rezolucija_o_srebrenici-300x186.jpg 300w\" sizes=\"(max-width: 930px) 100vw, 930px\" \/><\/p>\n<p>U\u010desnici \u0107e poku\u0161ati da daju svoje odgovore na nekoliko klju\u010dnih pitanja.<\/p>\n<p>-Koje okolnosti su dovele do toga da se ba\u0161 sada ponovo aktuelizuje Rezolucija o Srebrenici koju su Rusija i Kina prije nekoliko godina blokirale u Savjetu bezbjednosti UN?<\/p>\n<p>-Da li \u201egenocid u Srebrenici\u201c odnosno masovno stradanje Muslimana\/Bo\u0161njaka predstavlja osniva\u010dki mit nove nacije, kao \u0161to Hrvati grade mit o Blajburgu i Kri\u017enom putu?<\/p>\n<p>-Koliko je ta\u010dna Vu\u010di\u0107eva ocjena da bi usvajanje Rezolucije na GS UN bila podloga za obnavljanje tu\u017ebe protiv Srbije na Me\u0111unarodnom sudu pravde u Hagu i zahtjev za ratne reparacije?<\/p>\n<p>-Po\u0161to je Tribunal za ratne zlo\u010dine za biv\u0161u SFRJ, zavr\u0161io posao, nije li vrijeme da Beograd i Banjaluka, organizuju me\u0111unarodnu konferenciju o genocidu, sa problematizovanjem ha\u0161ke definicije genocida?<\/p>\n<p>-Da li je uzaludan posao da skup upozori na apsurd da genocid nisu pretrpjeli Jermeni, Srbi u Jasenovcu, Palestinci u Gazi itd., a Bo\u0161njaci jesu \u010dak 12, sa zaklju\u010dkom da je sam pojam genocid izgubio smisao?<\/p>\n<p>-Vra\u0107a li nas Rezolucija o Srebrenici u &#8217;91,\u00a0 odnosno na politi\u010dki po\u010detak gra\u0111anskog rata, kada je zapadna politika \u201ezavadi pa vladaj\u201c okrenula Muslimane i Hrvata protiv Srba?<\/p>\n","protected":false},"excerpt":{"rendered":"<p>U organizaciji Beogradskog foruma za svet ravnopravnih i informativno-politi\u010dkih portala \u201eSve o Srpskoj\u201c i \u201eFakti\u201c, uz podr\u0161ku Predstavni\u0161tva Republike Srpske u Srbiji, u utorak, 23. aprila, u 13 sati u Pres centru Udru\u017eenja novinara Srbije (Knez Mihailova 6\/III) bi\u0107e odr\u017eana tematska tribina pod nazivom \u201eRezolucija o Srebrenici \u2013 da li nam u BiH prijeti povratak&#8230;<\/p>\n","protected":false},"author":4,"featured_media":0,"comment_status":"closed","ping_status":"closed","sticky":false,"template":"","format":"standard","meta":[],"categories":[57],"tags":[94],"_links":{"self":[{"href":"https:\/\/predstavnistvorsbg.rs\/sr-Latn\/wp-json\/wp\/v2\/posts\/12329"}],"collection":[{"href":"https:\/\/predstavnistvorsbg.rs\/sr-Latn\/wp-json\/wp\/v2\/posts"}],"about":[{"href":"https:\/\/predstavnistvorsbg.rs\/sr-Latn\/wp-json\/wp\/v2\/types\/post"}],"author":[{"embeddable":true,"href":"https:\/\/predstavnistvorsbg.rs\/sr-Latn\/wp-json\/wp\/v2\/users\/4"}],"replies":[{"embeddable":true,"href":"https:\/\/predstavnistvorsbg.rs\/sr-Latn\/wp-json\/wp\/v2\/comments?post=12329"}],"version-history":[{"count":1,"href":"https:\/\/predstavnistvorsbg.rs\/sr-Latn\/wp-json\/wp\/v2\/posts\/12329\/revisions"}],"predecessor-version":[{"id":12330,"href":"https:\/\/predstavnistvorsbg.rs\/sr-Latn\/wp-json\/wp\/v2\/posts\/12329\/revisions\/12330"}],"wp:attachment":[{"href":"https:\/\/predstavnistvorsbg.rs\/sr-Latn\/wp-json\/wp\/v2\/media?parent=12329"}],"wp:term":[{"taxonomy":"category","embeddable":true,"href":"https:\/\/predstavnistvorsbg.rs\/sr-Latn\/wp-json\/wp\/v2\/categories?post=12329"},{"taxonomy":"post_tag","embeddable":true,"href":"https:\/\/predstavnistvorsbg.rs\/sr-Latn\/wp-json\/wp\/v2\/tags?post=12329"}],"curies":[{"name":"wp","href":"https:\/\/api.w.org\/{rel}","templated":true}]}}