{"id":12689,"date":"2024-05-11T13:05:06","date_gmt":"2024-05-11T11:05:06","guid":{"rendered":"https:\/\/predstavnistvorsbg.rs\/?p=12689"},"modified":"2024-05-13T13:07:30","modified_gmt":"2024-05-13T11:07:30","slug":"predsjednik-dodik-na-proslavi-desetogodisnjice-zavicajne-zajednice-republika-srpska-u-subotici","status":"publish","type":"post","link":"https:\/\/predstavnistvorsbg.rs\/sr-Latn\/prethodni-dogadjaji-sr-latn\/predsjednik-dodik-na-proslavi-desetogodisnjice-zavicajne-zajednice-republika-srpska-u-subotici\/","title":{"rendered":"Predsjednik Dodik na proslavi desetogodi\u0161njice Zavi\u010dajne zajednice Republika Srpska u Subotici"},"content":{"rendered":"<p>Sino\u0107 je, uz intoniranje himni Republike Srbije i Republike Srpske, u fiskulturnoj sali Tehni\u010dke \u0161kole &#8222;Ivan Sari\u0107&#8220; u Subotici, u prisustvu oko 750 zvanica, otpo\u010delo 10. &#8222;Ve\u010de Republike Srpske&#8220; kojim je obilje\u017eena decenija postojanja Zavi\u010dajne zajednice Republika Srpska u Subotici.<\/p>\n<p>Predsjednik Republike Srpske Milorad Dodik poru\u010dio je sa ove sve\u010danosti da su njegova i politika predsjednika Srbije Aleksandra Vu\u010di\u0107a \u010dvrste i srpske i da su Srpska i Srbija u njegovoj percepciji, \u0161ta god mislili na Zapadu, jedna dr\u017eava u kojoj \u017eivi jedan narod.<\/p>\n<p>&#8222;Sa velikim nije lako, ali je uvijek va\u017eno \u0161ta mi ho\u0107emo. Nemojte se pitati \u0161ta oni misle, nego \u0161ta mi odlu\u010dujemo da radimo&#8220;, rekao je Dodik i naglasio da Srbija mo\u017ee biti samo sna\u017ena zbog ovoga \u0161to radi Vu\u010di\u0107, a to je da ima jaku poziciju.<\/p>\n<p>&#8222;Mi, a i vi koji ste ovdje do\u0161li iz na\u0161ih krajeva, nikada nismo bili bosanski Srbi, mi smo uvijek bili Srbi. Nikada ne mo\u017eemo dozvoliti da nas na takav na\u010din kvalifikuju. Sve \u0161to rade je da poku\u0161avaju da nas odvoje od Srbije&#8220;, istakao je Dodik.<\/p>\n<p><img loading=\"lazy\" class=\"wp-image-12665 size-full aligncenter\" title=\"Milorad Dodik, predsjednik Republike Srpske obratio se prisutnim na obilje\u017eavanju deset godina postojanja i uspje\u0161nog rada Zavi\u010dajne zajednice \u201eRepublika Srpska\u201c u Subotici \" src=\"https:\/\/predstavnistvorsbg.rs\/wp-content\/uploads\/2024\/05\/zavicajna_zajednica_subotica2.jpg?_t=1715598073\" alt=\"Milorad Dodik, predsjednik Republike Srpske obratio se prisutnim na obilje\u017eavanju deset godina postojanja i uspje\u0161nog rada Zavi\u010dajne zajednice \u201eRepublika Srpska\u201c u Subotici \" width=\"1024\" height=\"682\" srcset=\"https:\/\/predstavnistvorsbg.rs\/wp-content\/uploads\/2024\/05\/zavicajna_zajednica_subotica2.jpg 1024w, https:\/\/predstavnistvorsbg.rs\/wp-content\/uploads\/2024\/05\/zavicajna_zajednica_subotica2-300x200.jpg 300w\" sizes=\"(max-width: 1024px) 100vw, 1024px\" \/><\/p>\n<p>\u201eSrbija koja ima dosta svojih unutra\u0161njih izazova, prisutna je u Republici Srpskoj i zahvalan sam Vu\u010di\u0107u, jer je u svim lokalnim zajednicama u Srpskoj, a ima ih 63, Srbija pomogla i zna\u010dajno donirala ili potpuno izgradila vrti\u0107e, \u0161kole ili neke komunalne objekte&#8220;, rekao je Dodik.<\/p>\n<p>On je istakao da Srbi iz Republike Srpske ne daju na Srbiju, jer znaju da je jedino ona njihov garant.<\/p>\n<p><img loading=\"lazy\" class=\"wp-image-12668 size-full aligncenter\" title=\"Milorad Dodik, predsjednik R. Srpske pozdravlja se sa Nemanjom Starovi\u0107em ministrom za rad, zapo\u0161ljavanje, bora\u010dka i socijalna pitanja Srbije, Mla\u0111enom Cicovi\u0107em, \u0161efom Predstavni\u0161tva R. Srpske u Srbiji i doma\u0107inima sve\u010danosti u Subotici\" src=\"https:\/\/predstavnistvorsbg.rs\/wp-content\/uploads\/2024\/05\/zavicajna_zajednica_subotica3.jpg?_t=1715598104\" alt=\"Milorad Dodik, predsjednik R. Srpske pozdravlja se sa Nemanjom Starovi\u0107em ministrom za rad, zapo\u0161ljavanje, bora\u010dka i socijalna pitanja Srbije, Mla\u0111enom Cicovi\u0107em, \u0161efom Predstavni\u0161tva R. Srpske u Srbiji i doma\u0107inima sve\u010danosti u Subotici\" width=\"1024\" height=\"682\" srcset=\"https:\/\/predstavnistvorsbg.rs\/wp-content\/uploads\/2024\/05\/zavicajna_zajednica_subotica3.jpg 1024w, https:\/\/predstavnistvorsbg.rs\/wp-content\/uploads\/2024\/05\/zavicajna_zajednica_subotica3-300x200.jpg 300w\" sizes=\"(max-width: 1024px) 100vw, 1024px\" \/><\/p>\n<p>Govore\u0107i o Crnoj Gori, Dodik je rekao da malo poga\u0111a to \u0161to se de\u0161ava nakon \u0161to je najavljena podr\u0161ka rezoluciji o Srebrenici u UN.<\/p>\n<p>\u201eSrbi koji \u017eive u Crnoj Gori su na\u0161i. Oni nisu crnogorski Srbi, nego su Srbi. Nema ni hrvatskih Srba, nego ima Srba. A neki koji nisu spremni da brane na\u0161 narod do kraja, uvijek na kraju zaklju\u010de da su pogrije\u0161ili. To je bolno za nas, ali i satisfakcija. Neka se naljute, ali danas sam rekao da sram bude Crnu Goru &#8211; rekao je Dodik.<\/p>\n<p>Ako iko treba da ima tu rezoluciju, ka\u017ee Dodik, onda je to Crna Gora, jer je Milo \u0110ukanovi\u0107 obezbje\u0111ivao logistiku za to \u0161to se desilo u Srebrenici.<\/p>\n<p><img loading=\"lazy\" class=\"wp-image-12671 size-full aligncenter\" title=\"Milorada Dodika, predsjednika R. Srpske do\u010dekuju na desetoj, jubilarnoj \u201eVe\u010deri Republike Srpske\u201d u Subotici\" src=\"https:\/\/predstavnistvorsbg.rs\/wp-content\/uploads\/2024\/05\/zavicajna_zajednica_subotica4.jpg?_t=1715598125\" alt=\"Milorada Dodika, predsjednika R. Srpske do\u010dekuju na desetoj, jubilarnoj \u201eVe\u010deri Republike Srpske\u201d u Subotici\" width=\"1024\" height=\"682\" srcset=\"https:\/\/predstavnistvorsbg.rs\/wp-content\/uploads\/2024\/05\/zavicajna_zajednica_subotica4.jpg 1024w, https:\/\/predstavnistvorsbg.rs\/wp-content\/uploads\/2024\/05\/zavicajna_zajednica_subotica4-300x200.jpg 300w\" sizes=\"(max-width: 1024px) 100vw, 1024px\" \/><\/p>\n<p>Ministar za rad, zapo\u0161ljavanje, bora\u010dka i socijalna pitanja Srbije Nemanja Starovi\u0107, kao izaslanik predsjednika Vlade Srbije Milo\u0161a Vu\u010devi\u0107a, rekao je da \u201eSrbi iz Srbije i Republike Srpske danas vi\u0161e nego ikad moraju biti ujedinjeni jer mnogi poku\u0161avaju da srpski narod bace pod noge i vrate u neka tamna vremena.<\/p>\n<p><img loading=\"lazy\" class=\"wp-image-12674 size-full aligncenter\" title=\"Mla\u0111en Cicovi\u0107, \u0161ef Predstavni\u0161tva R. Srpske u Srbiji i Nemanja Starovi\u0107 ministar za rad, zapo\u0161ljavanje, bora\u010dka i socijalna pitanja Srbije sa Stevanom Baki\u0107em, gradona\u010delnikom grada Subotice, Miroslavom Karanom, predsjednikom Saveza srpskih udru\u017eenja Severnoba\u010dkog okruga i \u010dlanovima Zavi\u010dajne zajednice \u201eRepublika Srpska\u201c\" src=\"https:\/\/predstavnistvorsbg.rs\/wp-content\/uploads\/2024\/05\/zavicajna_zajednica_subotica5.jpg\" alt=\"Mla\u0111en Cicovi\u0107, \u0161ef Predstavni\u0161tva R. Srpske u Srbiji i Nemanja Starovi\u0107 ministar za rad, zapo\u0161ljavanje, bora\u010dka i socijalna pitanja Srbije sa Stevanom Baki\u0107em, gradona\u010delnikom grada Subotice, Miroslavom Karanom, predsjednikom Saveza srpskih udru\u017eenja Severnoba\u010dkog okruga i \u010dlanovima Zavi\u010dajne zajednice \u201eRepublika Srpska\u201c\" width=\"1024\" height=\"682\" srcset=\"https:\/\/predstavnistvorsbg.rs\/wp-content\/uploads\/2024\/05\/zavicajna_zajednica_subotica5.jpg 1024w, https:\/\/predstavnistvorsbg.rs\/wp-content\/uploads\/2024\/05\/zavicajna_zajednica_subotica5-300x200.jpg 300w\" sizes=\"(max-width: 1024px) 100vw, 1024px\" \/><\/p>\n<p>Starovi\u0107 je naveo da Zavi\u010dajna zajednica u Subotici predstavlja most koji povezuje Srbe iz Srpske sa sunarodnicima u Srbiji.<\/p>\n<p>&#8222;Zahvaljuju\u0107i posve\u0107enosti predsjednika Republike Srpske i Srbije, Milorada Dodika i Aleksandra Vu\u010di\u0107a, saradnja izme\u0111u Srbije i Srpske nikada nije bila bolja i konkretnija nego sada, na visokom i bratskom nivou&#8220;, rekao je Starovi\u0107.<\/p>\n<p><img loading=\"lazy\" class=\"wp-image-12677 size-full aligncenter\" title=\"Mla\u0111en Cicovi\u0107, \u0161ef Predstavni\u0161tva R. Srpske u Srbiji sa Stevanom Baki\u0107em, gradona\u010delnikom grada Subotice pristi\u017ee na proslavu deset godina Zavi\u010dajne zajednice \u201eRepublika Srpska\u201c\" src=\"https:\/\/predstavnistvorsbg.rs\/wp-content\/uploads\/2024\/05\/zavicajna_zajednica_subotica6.jpg?_t=1715598195\" alt=\"Mla\u0111en Cicovi\u0107, \u0161ef Predstavni\u0161tva R. Srpske u Srbiji sa Stevanom Baki\u0107em, gradona\u010delnikom grada Subotice pristi\u017ee na proslavu deset godina Zavi\u010dajne zajednice \u201eRepublika Srpska\u201c\" width=\"1024\" height=\"531\" srcset=\"https:\/\/predstavnistvorsbg.rs\/wp-content\/uploads\/2024\/05\/zavicajna_zajednica_subotica6.jpg 1024w, https:\/\/predstavnistvorsbg.rs\/wp-content\/uploads\/2024\/05\/zavicajna_zajednica_subotica6-300x156.jpg 300w\" sizes=\"(max-width: 1024px) 100vw, 1024px\" \/><\/p>\n<p>Gradona\u010delnik Subotice Stevan Baki\u0107 je rekao da u ovoj veli\u010danstvenoj no\u0107i ne treba da zaboravimo bra\u0107u i sestre u na\u0161oj ju\u017enoj pokrajini koji svojim postojanjem na na\u0161em Kosovu i Metohiji brane svetu srpsku teritoriju i sve svetinje na njoj i dodao da ne\u0107emo zaboraviti ni na\u0161 bratski narod u Crnoj Gori koji je su\u0161ta suprotnost jednom delu izvr\u0161ne vlasti.<\/p>\n<p>Prisutnima su se obratili i predsjednik Zavi\u010dajne zajednice Republika Srpska, Milorad \u0106opi\u0107, i predsjednik Saveza srpskih udru\u017eenja Severnoba\u010dkog okruga Miroslav Karan.<\/p>\n<p><img loading=\"lazy\" class=\"wp-image-12680 size-full aligncenter\" title=\"Milorad \u0106opi\u0107, predsjednik Zavi\u010dajne zajednice R. Srpska Subotica, Mla\u0111en Cicovi\u0107, \u0161ef Predstavni\u0161tva R. Srpske u Srbiji, Nemanja Starovi\u0107 ministar za rad, zapo\u0161ljavanje, bora\u010dka i socijalna pitanja Srbije, Milorad Dodik, predsjednik R. Srpske, Stevan Baki\u0107, gradona\u010delnik grada Subotice i Miroslav Karan, predsjednik Saveza srpskih udru\u017eenja Severnoba\u010dkog okruga\" src=\"https:\/\/predstavnistvorsbg.rs\/wp-content\/uploads\/2024\/05\/zavicajna_zajednica_subotica7.jpg?_t=1715598211\" alt=\"Milorad \u0106opi\u0107, predsjednik Zavi\u010dajne zajednice R. Srpska Subotica, Mla\u0111en Cicovi\u0107, \u0161ef Predstavni\u0161tva R. Srpske u Srbiji, Nemanja Starovi\u0107 ministar za rad, zapo\u0161ljavanje, bora\u010dka i socijalna pitanja Srbije, Milorad Dodik, predsjednik R. Srpske, Stevan Baki\u0107, gradona\u010delnik grada Subotice i Miroslav Karan, predsjednik Saveza srpskih udru\u017eenja Severnoba\u010dkog okruga \" width=\"1024\" height=\"531\" srcset=\"https:\/\/predstavnistvorsbg.rs\/wp-content\/uploads\/2024\/05\/zavicajna_zajednica_subotica7.jpg 1024w, https:\/\/predstavnistvorsbg.rs\/wp-content\/uploads\/2024\/05\/zavicajna_zajednica_subotica7-300x156.jpg 300w\" sizes=\"(max-width: 1024px) 100vw, 1024px\" \/><\/p>\n<p>Na desetoj, jubilarnoj \u201eVe\u010deri Republike Srpske\u201d u Subotici, u okviru koje je Zavi\u010dajno udru\u017eenje Republika Srpska dodijelilo zahvalnice zaslu\u017enima za doprinos radu ovog udru\u017eenja, prire\u0111en je i bogat kulturno-umetni\u010dki program u kome su u\u010destvovali Jovan Peri\u0161i\u0107, narodni guslar Ljubomir Pavlovi\u0107, Milenko Krndija Preld\u017eije, etno dru\u0161tvo \u201eSrpski sokolovi Kozare\u201c iz Prijedora, kraji\u0161ka izvorna grupa \u201eSrce Kne\u0161polja\u201c iz Kozarske Dubice i brojne folklorne grupe.<\/p>\n<p>Predstavni\u0161tvo Republike Srpske tradicionalno podr\u017eava i poma\u017ee sva zavi\u010dajna okupljanja u Srbiji, pa tako i Zavi\u010dajnu zajednicu Republika Srpska iz Subotice, od osnivanja do danas. Po zavr\u0161etku sino\u0107ne sve\u010danosti, \u0161ef Predstavni\u0161tva Republike Srpske u Srbiji Mla\u0111en Cicovi\u0107 je \u010destitao zavi\u010dajcima jubilej i rekao:<br \/>\n\u201eNa\u0161a zavi\u010dajna udru\u017eenja su, ne samo kao spona sa zavi\u010dajem i kao \u010duvari na\u0161ih obi\u010dajnih i kulutrno-umjetni\u010dkih vrijednosti, nego i kao gra\u0111ani Srbije zna\u010dajni u\u010desnici u o\u010duvanju srpskog identiteta: tradicije, kulture, vjere, jezika i pisma\u201c.<\/p>\n","protected":false},"excerpt":{"rendered":"<p>Sino\u0107 je, uz intoniranje himni Republike Srbije i Republike Srpske, u fiskulturnoj sali Tehni\u010dke \u0161kole &#8222;Ivan Sari\u0107&#8220; u Subotici, u prisustvu oko 750 zvanica, otpo\u010delo 10. &#8222;Ve\u010de Republike Srpske&#8220; kojim je obilje\u017eena decenija postojanja Zavi\u010dajne zajednice Republika Srpska u Subotici. Predsjednik Republike Srpske Milorad Dodik poru\u010dio je sa ove sve\u010danosti da su njegova i politika&#8230;<\/p>\n","protected":false},"author":4,"featured_media":12664,"comment_status":"closed","ping_status":"closed","sticky":false,"template":"","format":"standard","meta":[],"categories":[56],"tags":[94],"_links":{"self":[{"href":"https:\/\/predstavnistvorsbg.rs\/sr-Latn\/wp-json\/wp\/v2\/posts\/12689"}],"collection":[{"href":"https:\/\/predstavnistvorsbg.rs\/sr-Latn\/wp-json\/wp\/v2\/posts"}],"about":[{"href":"https:\/\/predstavnistvorsbg.rs\/sr-Latn\/wp-json\/wp\/v2\/types\/post"}],"author":[{"embeddable":true,"href":"https:\/\/predstavnistvorsbg.rs\/sr-Latn\/wp-json\/wp\/v2\/users\/4"}],"replies":[{"embeddable":true,"href":"https:\/\/predstavnistvorsbg.rs\/sr-Latn\/wp-json\/wp\/v2\/comments?post=12689"}],"version-history":[{"count":1,"href":"https:\/\/predstavnistvorsbg.rs\/sr-Latn\/wp-json\/wp\/v2\/posts\/12689\/revisions"}],"predecessor-version":[{"id":12690,"href":"https:\/\/predstavnistvorsbg.rs\/sr-Latn\/wp-json\/wp\/v2\/posts\/12689\/revisions\/12690"}],"wp:featuredmedia":[{"embeddable":true,"href":"https:\/\/predstavnistvorsbg.rs\/sr-Latn\/wp-json\/wp\/v2\/media\/12664"}],"wp:attachment":[{"href":"https:\/\/predstavnistvorsbg.rs\/sr-Latn\/wp-json\/wp\/v2\/media?parent=12689"}],"wp:term":[{"taxonomy":"category","embeddable":true,"href":"https:\/\/predstavnistvorsbg.rs\/sr-Latn\/wp-json\/wp\/v2\/categories?post=12689"},{"taxonomy":"post_tag","embeddable":true,"href":"https:\/\/predstavnistvorsbg.rs\/sr-Latn\/wp-json\/wp\/v2\/tags?post=12689"}],"curies":[{"name":"wp","href":"https:\/\/api.w.org\/{rel}","templated":true}]}}