{"id":12742,"date":"2024-05-15T15:10:30","date_gmt":"2024-05-15T13:10:30","guid":{"rendered":"https:\/\/predstavnistvorsbg.rs\/?p=12742"},"modified":"2024-05-15T15:10:30","modified_gmt":"2024-05-15T13:10:30","slug":"padobranci-iz-srpske-na-manifestaciji-balkanski-skok-prijateljstva-2024","status":"publish","type":"post","link":"https:\/\/predstavnistvorsbg.rs\/sr-Latn\/najava-dogadjaja-sr-latn\/padobranci-iz-srpske-na-manifestaciji-balkanski-skok-prijateljstva-2024\/","title":{"rendered":"Padobranci iz Srpske na manifestaciji \u201eBalkanski skok prijateljstva 2024\u201c"},"content":{"rendered":"<p>U petak, 17. maja, u 13 sati na sportskom aerodromu \u201eLisi\u010dji jarak\u201c, Zrenjaninski put bb, u Beogradu odr\u017ea\u0107e se sve\u010dano otvaranje me\u0111unarodne padobranske manifestacije \u201eBalkanski skok prijateljstva 2024\u201c.<\/p>\n<p><img loading=\"lazy\" class=\"wp-image-12738 size-full aligncenter\" title=\"Na sportskom aerodromu \u201eLisi\u010dji jarak\u201c u Beogradu odr\u017ea\u0107e se sve\u010dano otvaranje me\u0111unarodne padobranske manifestacije \u201eBalkanski skok prijateljstva 2024\u201c\" src=\"https:\/\/predstavnistvorsbg.rs\/wp-content\/uploads\/2024\/05\/bsp24_logo.jpg\" alt=\"Na sportskom aerodromu \u201eLisi\u010dji jarak\u201c u Beogradu odr\u017ea\u0107e se sve\u010dano otvaranje me\u0111unarodne padobranske manifestacije \u201eBalkanski skok prijateljstva 2024\u201c\" width=\"886\" height=\"1200\" srcset=\"https:\/\/predstavnistvorsbg.rs\/wp-content\/uploads\/2024\/05\/bsp24_logo.jpg 886w, https:\/\/predstavnistvorsbg.rs\/wp-content\/uploads\/2024\/05\/bsp24_logo-222x300.jpg 222w, https:\/\/predstavnistvorsbg.rs\/wp-content\/uploads\/2024\/05\/bsp24_logo-756x1024.jpg 756w\" sizes=\"(max-width: 886px) 100vw, 886px\" \/><\/p>\n<p>Iz Republike Srpske na takmi\u010denju \u0107e u\u010destvovati ekipa Aero kluba Prijedor u sastavu Dra\u0161ko Laji\u0107, Sini\u0161a Vujakovi\u0107 i Borislav Iveti\u0107 i ekipa \u201eSkaj dajv\u201c iz Banje Luke koju \u010dine Boban Prodanovi\u0107, Du\u0161an Petru\u0161i\u0107, Nemanja Gavri\u0107, Aleksandar Udovi\u010di\u0107 i Zoran Kova\u010devi\u0107. U\u010de\u0161\u0107e padobranaca iz Prijedora podr\u017ealo je Predstavni\u0161tvo Republike Srpske u Srbiji.<\/p>\n<p>Manifestaciju organizuje Padobranski klub veterana 63. Padobranske brigade \u201eArhistratig\u201c i Vazduhoplovni savez Srbije, uz podr\u0161ku Ministarstva odbrane i Vojske Srbije, Ministarstva omladine i sporta, Ministarstva unutra\u0161njih poslova Republike Srbije i padobranskog kluba \u201eFeniks\u201c iz Beograda.<\/p>\n<p>U okviru manifestacije \u0107e se odr\u017eati padobransko takmi\u010denje u pojedina\u010dnim i ekipnim skokovima na cilj, a bi\u0107e dodijeljene medalje i pehari za najbolje plasirane pojedince i ekipe.<\/p>\n","protected":false},"excerpt":{"rendered":"<p>U petak, 17. maja, u 13 sati na sportskom aerodromu \u201eLisi\u010dji jarak\u201c, Zrenjaninski put bb, u Beogradu odr\u017ea\u0107e se sve\u010dano otvaranje me\u0111unarodne padobranske manifestacije \u201eBalkanski skok prijateljstva 2024\u201c. Iz Republike Srpske na takmi\u010denju \u0107e u\u010destvovati ekipa Aero kluba Prijedor u sastavu Dra\u0161ko Laji\u0107, Sini\u0161a Vujakovi\u0107 i Borislav Iveti\u0107 i ekipa \u201eSkaj dajv\u201c iz Banje Luke&#8230;<\/p>\n","protected":false},"author":4,"featured_media":0,"comment_status":"closed","ping_status":"closed","sticky":false,"template":"","format":"standard","meta":[],"categories":[57],"tags":[94],"_links":{"self":[{"href":"https:\/\/predstavnistvorsbg.rs\/sr-Latn\/wp-json\/wp\/v2\/posts\/12742"}],"collection":[{"href":"https:\/\/predstavnistvorsbg.rs\/sr-Latn\/wp-json\/wp\/v2\/posts"}],"about":[{"href":"https:\/\/predstavnistvorsbg.rs\/sr-Latn\/wp-json\/wp\/v2\/types\/post"}],"author":[{"embeddable":true,"href":"https:\/\/predstavnistvorsbg.rs\/sr-Latn\/wp-json\/wp\/v2\/users\/4"}],"replies":[{"embeddable":true,"href":"https:\/\/predstavnistvorsbg.rs\/sr-Latn\/wp-json\/wp\/v2\/comments?post=12742"}],"version-history":[{"count":1,"href":"https:\/\/predstavnistvorsbg.rs\/sr-Latn\/wp-json\/wp\/v2\/posts\/12742\/revisions"}],"predecessor-version":[{"id":12743,"href":"https:\/\/predstavnistvorsbg.rs\/sr-Latn\/wp-json\/wp\/v2\/posts\/12742\/revisions\/12743"}],"wp:attachment":[{"href":"https:\/\/predstavnistvorsbg.rs\/sr-Latn\/wp-json\/wp\/v2\/media?parent=12742"}],"wp:term":[{"taxonomy":"category","embeddable":true,"href":"https:\/\/predstavnistvorsbg.rs\/sr-Latn\/wp-json\/wp\/v2\/categories?post=12742"},{"taxonomy":"post_tag","embeddable":true,"href":"https:\/\/predstavnistvorsbg.rs\/sr-Latn\/wp-json\/wp\/v2\/tags?post=12742"}],"curies":[{"name":"wp","href":"https:\/\/api.w.org\/{rel}","templated":true}]}}