{"id":13616,"date":"2024-06-30T18:15:02","date_gmt":"2024-06-30T16:15:02","guid":{"rendered":"https:\/\/predstavnistvorsbg.rs\/?p=13616"},"modified":"2024-07-01T09:18:16","modified_gmt":"2024-07-01T07:18:16","slug":"tanaskovic-ko-su-marfijevi-gradjani-bosne-i-hercegovine","status":"publish","type":"post","link":"https:\/\/predstavnistvorsbg.rs\/sr-Latn\/u-fokusu-sr-latn\/tanaskovic-ko-su-marfijevi-gradjani-bosne-i-hercegovine\/","title":{"rendered":"Tanaskovi\u0107: Ko su Marfijevi \u201egra\u0111ani\u201c Bosne i Hercegovine?"},"content":{"rendered":"<p>Sve o Srpskoj | 29. jun 2024. godine<\/p>\n<p>DODIK KRAJI\u0160KI ODGOVARA NA KAUBOJSKI STIL AMBASADORA SAD KOJI NIJE \u010cITAO KO\u010cI\u0106A I \u0106OPI\u0106A<\/p>\n<ul>\n<li><strong>Ameri\u010dki ambasador u Sarajevu tvrdi da plan RS za mirno razdru\u017eivanje predstavlja, ni manje ni vi\u0161e, \u201epretnju su\u0161tinskim interesima SAD\u201c, te da ljudima u BiH (kojim to ljudima?) treba pomo\u0107i da se integri\u0161u u EU i u NATO. SAD \u0107e pomo\u0107i da se obnovi (a kada su je imale?) \u201esnaga i sposobnost institucija o kojima ovise gra\u0111ani BiH\u201c. Prvo \u201eljudi\u201c, pa sad \u201egra\u0111ani\u201c BiH. Ko su oni? I ko je Majkl Marfi? Ambasador SAD u BiH ili ambasador \u201eljudi\u201c i \u201egra\u0111ana\u201c BiH, koje \u0107e SAD da brane od destruktivnog pona\u0161anja \u201eneljudi\u201c i \u201enegra\u0111ana\u201c te iste BiH?<\/strong><\/li>\n<li><strong>U objavi na tviter profilu ameri\u010dke ambasade u Sarajevu, pod naslovom \u201eZajedni\u010dki interesi Amerike i gra\u0111ana BiH\u201c nabrojano je deset tih \u201ezajedni\u010dkih interesa\u201c, uz koje je ispred rubrika sa znakovima saglasnosti i podudaranja \u0161tampana ameri\u010dka zastava ispod koje logi\u010dno pi\u0161e SAD i zastava BiH, ispod koje stoji \u201eGra\u0111ani BiH\u201c! Zna\u010di, ne BiH, kao dr\u017eava, ve\u0107 \u201egra\u0111ani BiH\u201c, \u0161to poja\u010dava utisak da gospodin Marfi diplomatski zastupa, pored SAD, i \u201egra\u0111ane BiH\u201c<\/strong><\/li>\n<li><strong>Ako bi se Marfijeva (i ne samo njegova) vizija \u201cgra\u0111anske BiH\u201c kojim slu\u010dajem poku\u0161ala nemetnuti nekim vidom primene sile, jedino \u0161to je izvesno jeste da bi posle jo\u0161 jedne takve tragedije ishod bio ne samo raspr\u0161ivanje tlapnji o tobo\u017ee \u201egra\u0111anskoj\u201c dr\u017eavi, ve\u0107 nestanak bilo kakve dr\u017eave koja bi okupljala stvarne gra\u0111ane, a ne Marfijeve \u201egra\u0111ane\u201c sa tvita ameri\u010dke ambasade<\/strong><\/li>\n<li><strong>Ne znamo koliko Marfi voli ljude i haje li uop\u0161te za mogu\u0107e posledice svoga delovanja po sudbinu Bo\u0161njaka i Hercegovaca. Nema osnove za pretpostavku da njega i njegove naredbodavce to uop\u0161te zanima. Uostalom, tu je plamte\u0107i primer Ukrajine\u2026<\/strong><\/li>\n<\/ul>\n<p>AMERI\u010cKI ambasadori su u svim zemljama i diplomatskim korovima zna\u010dajne li\u010dnosti. Nije potrebno obja\u0161njavati za\u0161to.<\/p>\n<p>Prisutni su u medijima, politi\u010dkoj i \u0161iroj javnosti, a na diplomatskim prijemima i drugim manifestacijama, kad se pojavi ambasador SAD, sve i svi odlaze u drugi plan, sem eventualno predsednika i premijera dr\u017eave doma\u0107ina.<\/p>\n<p>Ve\u0107ina kolega bi da im se nekako pribli\u017ei, napu\u0161taju\u0107i dotada\u0161nje sagovornike, prividno spontano i tobo\u017ee nenametljivo se pomeraju\u0107i ka novom centru gravitacije u sali, ne mare\u0107i da li \u0107e nekoga gurnuti ili nagaziti.<\/p>\n<p>U zavisnosti od svojih li\u010dnih sklonosti, ameri\u010dki ambasadori u\u017eivaju u takvom statusu, prave sa de ne prime\u0107uju zanimanje koje izazivaju, ote\u017eavaju\u0107i ili olak\u0161avaju\u0107i nestrpljivim kolegama da sa njima stupe u kontakt, ponekad ih ignori\u0161u, a naj\u010de\u0161\u0107e s osmehom na licu i \u010da\u0161om viskija u ruci preziru i ne slu\u0161aju \u0161ta im govore.<\/p>\n<p>Ima me\u0111u njima i istinski pristojnih, ozbiljnih i decentnih ljudi kojima sva ta nametljiva pa\u017enja smeta i nervira ih, ali takvi su u manjini.<\/p>\n<p>Pojedini se poigravaju sa gomilom svojih servilnih klijenata, pa se neo\u010dekivano i samoinicijativno obrate predstavniku neke dr\u017eave koja se, upravo u skladu sa ameri\u010dkim merilima i pravilima, smatra parijom u me\u0111unarodnim odnosima, \u0161to skupinu laskavaca ostavlja otvorenih usta.<\/p>\n<p>Ameri\u010dki ambasador u BiH Majkl Marfi ni po \u010demu nije izuzetak od opisanog statusa i pona\u0161anja diplomatskih predstavnika SAD, samo \u0161to je, uz name\u0161teni osmeh, jo\u0161 agresivniji i bezo\u010dniji od ve\u0107ine njih, a to se naro\u010dito nediplomatski ispoljava u odnosu prema jednom od dvaju entiteta koji \u010dine tzv. dejtonsku BiH, prema srpskim zvani\u010dnicima, a osobito prema najuticajnijem me\u0111u njima, Miloradu Dodiku, koji mu, na na\u010din na koji ameri\u010dki poslanici nisu navikli, ne ostaje du\u017ean.<\/p>\n<p>Kraji\u0161ki odgovor na kaubojski stil.<\/p>\n<p>Marfi svakako nije \u010ditao ni Ko\u010di\u0107a ni \u0106opi\u0107a\u2026<\/p>\n<p>Marfijeva drskost i arogantnost u zastupanju politi\u010dkih interesa SAD dobro su poznate, nisu ni\u0161ta neo\u010dekivano i ne bi iziskivale neki novi komentar, da u novije vreme njegova retorika ne privla\u010di pa\u017enju pojedinim novim akcentima i nijansama koje, zapravo, to uop\u0161te nisu.<\/p>\n<p>Ameri\u010dki ambasador jeste bezobrazan, ali ne i nerazuman i nepromi\u0161ljen. Sve \u0161to napi\u0161e ili izgovori slu\u017ei odre\u0111enom cilju, odnosno u funkciji je ostvarivanja jasnog ili prikrivenog, svejedno, politi\u010dkog u\u010dinka u zalaganju za navodno gra\u0111ansku i demokratsku BiH i su\u0161tinsko stavljanje ad acta najbitnijih, temeljnih odredbi Dejtonskog sporazuma, optu\u017euju\u0107i pri tome druge (RS i Dodika) da ga ru\u0161e.<\/p>\n<p>Dr\u017e\u2019te lopova, poznata mangupska taktika.<\/p>\n<p>U tome se potpuno solidari\u0161e sa nelegalnim i nelegitimnim \u201evisokim predstavnikom\u201c Kristijanom \u0160mitom, o \u010dijoj \u0161tetnosti se ve\u0107 po\u010dinje \u0161u\u0161kati i u Briselu.<\/p>\n<p>Dva skora\u0161nja Marfijeva istupanja upu\u0107uju na pozornost i iziskuju usredsre\u0111enu pa\u017enju. Po\u0161to BiH za Va\u0161ington svakako nije strategijski prioritet, ali je dobila na zna\u010daju u kontekstu op\u0161teg ukrajinskog zao\u0161travanja odnosa izme\u0111u Ruske Federacije i tzv. \u201ekolektivnog Zapada\u201c (tj. Amerike i njenih samo prividno samostalnih saveznika u Evropi), ameri\u010dki ambasador u Sarajevu raspola\u017ee srazmerno \u0161irokim manevarskim prostorom za vlastitu inicijativnost, pozivaju\u0107i se na politi\u010dku liniju Stejt Dipartmenta, koju dobrim delom sam frizira na terenu. Glavno je da deluje na magistralnom pravcu op\u0161teg geopoliti\u010dkog nastupanja svoje dr\u017eave.<\/p>\n<p>Govore\u0107i 21. juna na manifestaciji \u201eDani Bosanskohercegova\u010dke-ameri\u010dke akademije umetnosti i nauka\u201c (?!), Marfi je izneo vi\u0161e ocena i stavova u vezi sa aktualnim politi\u010dkim trenutkom u BiH, od kojih su naro\u010dito zanimljiva dva me\u0111upovezana:<\/p>\n<p>\u201ePlan gospodina Dodika za \u2018mirno razdru\u017eivanje\u2019 Republike Srpske od BiH opasna je fantazija, nezakonita je i predstavlja pretnju su\u0161tinskim interesima SAD u BiH. Ona je tako\u0111e pretnja mirnoj, prosperitetnoj i demokratskoj budu\u0107nosti unutar evro-atlantskih institucija koju ljudi u BiH \u017eele i zaslu\u017euju\u201c, i \u201eIzazovi sa kojima se Bosna i Hercegovina suo\u010dava su zna\u010dajni, ali BiH se s njima ne suo\u010dava sama. Sjedinjene Ameri\u010dke Dr\u017eave su odlu\u010dne da obnove snagu i sposobnost institucija o kojima ovise gra\u0111ani Bosne i Hercegovine i koje su neophodne da bi zemlja zavr\u0161ila svoj put ka integraciji u evro-atlantske institucije\u201c.<\/p>\n<p>Dakle, plan za mirno razdru\u017eivanje predstavlja, ni manje ni vi\u0161e, \u201epretnju su\u0161tinskim interesima SAD\u201c, ljudima (kojim to ljudima?) u BiH treba pomo\u0107i da se integri\u0161u u EU i u NATO, \u010demu oni \u017eeljno te\u017ee i \u0161to zaslu\u017euju. SAD \u0107e pomo\u0107i da se obnovi (a kada su je imale?) \u201esnaga i sposobnost institucija o kojima ovise gra\u0111ani BiH\u201c.<\/p>\n<p>Prvo \u201eljudi\u201c, pa sad \u201egra\u0111ani\u201c BiH. Ko su oni? I ko je Majkl Marfi? Ambasador SAD u BiH ili ambasador \u201eljudi\u201c i \u201egra\u0111ana\u201c BiH, koje \u0107e SAD da brane od destruktivnog pona\u0161anja \u201eneljudi\u201c i \u201enegra\u0111ana\u201c te iste BiH?<\/p>\n<p>Ovo nije nikakvo \u0161ega\u010denje, iako prosto mami na to da se humorno tretira, ve\u0107 krajnje ozbiljno pitanje, \u0161to potvr\u0111uje nova objava na tviter profilu ameri\u010dke ambasade u Sarajevu, pod naslovom \u201eZajedni\u010dki interesi Amerike i gra\u0111ana BiH\u201c. Nabrojano je deset tih \u201ezajedni\u010dkih interesa\u201c, uz koje je ispred rubrika sa znakovima saglasnosti i podudaranja \u0161tampana ameri\u010dka zastava ispod koje logi\u010dno pi\u0161e SAD i zastava BiH, ispod koje stoji \u201eGra\u0111ani BiH\u201c!<\/p>\n<p>Zna\u010di, ne BiH, kao dr\u017eava, ve\u0107 \u201egra\u0111ani BiH\u201c, \u0161to poja\u010dava utisak da gospodin Marfi diplomatski zastupa, pored SAD, i \u201egra\u0111ane BiH\u201c.<\/p>\n<p>\u201eZajedni\u010dki interesi\u201c ne donose nikakvo iznena\u0111enje ili novost u odnosu na poznate stereotipove i floskule o teritorijalnom integritetu, suverenitetu i multietni\u010dkom karakteru BiH, integraciji BiH u EU, sigurnoj evroatlantskoj budu\u0107nost BiH itd.<\/p>\n<p>Valja skrenuti pa\u017enju na \u201ezajedni\u010dki interes\u201c naveden kao tre\u0107i po redu: \u201eU\u010dinkovita, efikasna, odgovorna vlast na svim nivoima koja deluje u korist svih gra\u0111ana\u201c. Evo ih opet ti \u201esvi gra\u0111ann\u201c, valjda i oni ranije pomenuti \u201eljudi\u201c BiH.<\/p>\n<p>Ako je suditi po \u201ezajedni\u010dkim interesima\u201c navedenim na Marfijevoj listi, sasvim je sigurno da ih bar polovina dr\u017eavljana\/stanovnika BiH ne do\u017eivljava kao svoje. Treba li ove na neki na\u010din ukinuti ili izbrisati iz brojnog stanja, pa da u BiH ostanu samo Marfijevi \u201eljudi\u201c i \u201e(svi) gra\u0111ani\u201c \u010diji je on, izgleda ambasador, pored toga \u0161to je i ameri\u010dki.<\/p>\n<p>Svi dosada\u0161nji istorijski poku\u0161aji da se to u\u010dini, na ovaj ili onaj na\u010din, milom ili silom, a naj\u010de\u0161\u0107e silom, nisu uspeli, a doneli su velike tragedije svim Bo\u0161njacima i Hercegovcima, stvarnim, a ne fantomskim \u201eljudima\u201c i \u201egra\u0111anima\u201c BiH.<\/p>\n<p>Iluzija da se tronacionalna BiH mo\u017ee u\u010diniti dr\u017eavom nekakvih \u201esvih gra\u0111ana\u201c koji bi bili spremni da prihvate Marfijeve \u201ezajedni\u010dke interese\u201c sa SAD (i njihovim trabantima) potvr\u0111eno i neuporedivo je opasnija fantazija od bilo kakvog plana o razdru\u017eivanju na koji se okomio ameri\u010dko-bosnaskohercegova\u010dko-gra\u0111anski ambasador Majkl Marfi.<\/p>\n<p>Ako bi se Marfijeva (i ne samo njegova) vizija \u201cgra\u0111anske BiH\u201c kojim slu\u010dajem poku\u0161ala nemetnuti nekim vidom primene sile, jedino \u0161to je izvesno jeste da bi posle jo\u0161 jedne takve tragedije ishod bio ne samo raspr\u0161ivanje tlapnji o tobo\u017ee \u201egra\u0111anskoj\u201c dr\u017eavi, u ime koje su neki, izgleda, opet spremni da se poigraju \u017eivotima Bo\u0161njaka i Hercegovaca (neodgovorni i nekompetentni ministar odbrane pozira sa pu\u0161kom u ruci i preti), ve\u0107 nestanak bilo kakve dr\u017eave koja bi okupljala stvarne gra\u0111ane, a ne Marfijeve \u201egra\u0111ane\u201c sa tvita ameri\u010dke ambasade.<\/p>\n<p>Trebalo bi mu objasniti da je to neumoljiva realnost, a ne snovi\u0111enja o svetskoj dominaciji, na tragu davna\u0161njeg obja\u0161njenja D\u017eord\u017ea Bu\u0161a starijeg da je ameri\u010dki nacionalni interes \u017eiv na svakom pedlju planete, jer su SAD supersila.<\/p>\n<p>Sila nesumnjivo jesu, i to treba racionalno uva\u017eavati, ali nema te sile koja bi od Bosne i Hercegovine mogla napraviti zajedni\u010dku dr\u017eavu kojom ne bi bili zadovoljni i Bo\u0161njaci, i Srbi i Hrvati.<\/p>\n<p>Setite se ZAVNOBIH-a, vi koji se u njegove odluke kunete! Marfi to ne mora da ima na pameti. Potomci tada\u0161njih ve\u0107nika bi morali.<\/p>\n<p>Pa i taj Marfi. Ne znamo koliko voli ljude i haje li uop\u0161te za mogu\u0107e posledice svoga delovanja po sudbinu Bo\u0161njaka i Hercegovaca. Nema osnove za pretpostavku da njega i njegove naredbodavce to uop\u0161te zanima. Uostalom, tu je plamte\u0107i primer Ukrajine\u2026<\/p>\n<p>Mo\u017ee li nam ne\u0161to nade da gospodin Marfi ipak nije sasvim bezose\u0107ajan \u010dovek probuditi saznanje da su on i njegova supruga Kimberli veliki ljubitelji pasa?<\/p>\n<p>Zna se da su bolno tugovali za Tedijem, siro\u010di\u0107em prona\u0111enim na Jahorini 2006, prilikom njegovog prethodnog slu\u017ebovanja u BiH, a koji ih je napustio 2021, da bi danas u\u017eivali u privr\u017eenosti \u201eKosovara\u201c Brava, Nikija iz Bocvane i Sarajlije Marlija\u2026<\/p>\n<p>Odvojite, ambasadore Marfi, bar malo ose\u0107anja za stvarne ljude zemlje koja Vam je u Va\u0161ingtonu diplomatski poverena.<\/p>\n<p>Ne zaboravite, u ratu stradaju i psi\u2026<\/p>\n","protected":false},"excerpt":{"rendered":"<p>Sve o Srpskoj | 29. jun 2024. godine DODIK KRAJI\u0160KI ODGOVARA NA KAUBOJSKI STIL AMBASADORA SAD KOJI NIJE \u010cITAO KO\u010cI\u0106A I \u0106OPI\u0106A Ameri\u010dki ambasador u Sarajevu tvrdi da plan RS za mirno razdru\u017eivanje predstavlja, ni manje ni vi\u0161e, \u201epretnju su\u0161tinskim interesima SAD\u201c, te da ljudima u BiH (kojim to ljudima?) treba pomo\u0107i da se integri\u0161u&#8230;<\/p>\n","protected":false},"author":2,"featured_media":13614,"comment_status":"closed","ping_status":"closed","sticky":false,"template":"","format":"standard","meta":[],"categories":[44],"tags":[94],"_links":{"self":[{"href":"https:\/\/predstavnistvorsbg.rs\/sr-Latn\/wp-json\/wp\/v2\/posts\/13616"}],"collection":[{"href":"https:\/\/predstavnistvorsbg.rs\/sr-Latn\/wp-json\/wp\/v2\/posts"}],"about":[{"href":"https:\/\/predstavnistvorsbg.rs\/sr-Latn\/wp-json\/wp\/v2\/types\/post"}],"author":[{"embeddable":true,"href":"https:\/\/predstavnistvorsbg.rs\/sr-Latn\/wp-json\/wp\/v2\/users\/2"}],"replies":[{"embeddable":true,"href":"https:\/\/predstavnistvorsbg.rs\/sr-Latn\/wp-json\/wp\/v2\/comments?post=13616"}],"version-history":[{"count":3,"href":"https:\/\/predstavnistvorsbg.rs\/sr-Latn\/wp-json\/wp\/v2\/posts\/13616\/revisions"}],"predecessor-version":[{"id":13619,"href":"https:\/\/predstavnistvorsbg.rs\/sr-Latn\/wp-json\/wp\/v2\/posts\/13616\/revisions\/13619"}],"wp:featuredmedia":[{"embeddable":true,"href":"https:\/\/predstavnistvorsbg.rs\/sr-Latn\/wp-json\/wp\/v2\/media\/13614"}],"wp:attachment":[{"href":"https:\/\/predstavnistvorsbg.rs\/sr-Latn\/wp-json\/wp\/v2\/media?parent=13616"}],"wp:term":[{"taxonomy":"category","embeddable":true,"href":"https:\/\/predstavnistvorsbg.rs\/sr-Latn\/wp-json\/wp\/v2\/categories?post=13616"},{"taxonomy":"post_tag","embeddable":true,"href":"https:\/\/predstavnistvorsbg.rs\/sr-Latn\/wp-json\/wp\/v2\/tags?post=13616"}],"curies":[{"name":"wp","href":"https:\/\/api.w.org\/{rel}","templated":true}]}}