{"id":15744,"date":"2024-11-20T15:29:56","date_gmt":"2024-11-20T14:29:56","guid":{"rendered":"https:\/\/predstavnistvorsbg.rs\/?p=15744"},"modified":"2024-11-20T15:29:56","modified_gmt":"2024-11-20T14:29:56","slug":"vece-saveza-krajiskih-udruzenja-i-prijatelja-2","status":"publish","type":"post","link":"https:\/\/predstavnistvorsbg.rs\/sr-Latn\/najava-dogadjaja-sr-latn\/vece-saveza-krajiskih-udruzenja-i-prijatelja-2\/","title":{"rendered":"Ve\u010de Saveza kraji\u0161kih udru\u017eenja i prijatelja"},"content":{"rendered":"<p style=\"text-align: justify;\">U petak, 22. novembra, s po\u010detkom\u00a0 u 19 sati u sve\u010danoj sali restorana ,,\u041aristal\u201c u Veterniku (Ive Lole Ribara 4a) odr\u017ea\u0107e se tre\u0107e po redu Ve\u010de Saveza kraji\u0161kih udru\u017eenja i prijatelja.<\/p>\n<p style=\"text-align: justify;\"><img loading=\"lazy\" class=\"size-medium wp-image-9500 aligncenter\" src=\"https:\/\/predstavnistvorsbg.rs\/wp-content\/uploads\/2023\/11\/savez_kr_udruzenja-300x300.jpg\" alt=\"\" width=\"300\" height=\"300\" srcset=\"https:\/\/predstavnistvorsbg.rs\/wp-content\/uploads\/2023\/11\/savez_kr_udruzenja-300x300.jpg 300w, https:\/\/predstavnistvorsbg.rs\/wp-content\/uploads\/2023\/11\/savez_kr_udruzenja.jpg 1024w, https:\/\/predstavnistvorsbg.rs\/wp-content\/uploads\/2023\/11\/savez_kr_udruzenja-150x150.jpg 150w\" sizes=\"(max-width: 300px) 100vw, 300px\" \/><\/p>\n<p style=\"text-align: justify;\">Skupu \u0107e prisustvovati predstavnici zavi\u010dajnih i srodnih organizacija, predstavnici srpskih op\u0161tina u Federaciji BiH, kao i \u0161ef Predstavni\u0161tva Republike Srpske u Srbiji Mla\u0111en Cicovi\u0107.<\/p>\n<p style=\"text-align: justify;\">Predvi\u0111en je bogat kulturno-umjetni\u010dki program u kome \u0107e nastupiti zdravi\u010dar iz Republike Srpske Rade Banjanin, narodni guslar Vitomir Vulin, sestre Crnomarkovi\u0107, pjesnik iz Banjaluke Radomir Vulin i izvo\u0111a\u010di na \u0161argiji ,,\u017dubor Vrbanje&#8220;, kao i folk izvo\u0111a\u010di Goran Goci Risti\u0107, Vesna Duda\u0161, Ranko Stani\u0107 i Du\u0161an Videkanji\u0107.<\/p>\n<p style=\"text-align: justify;\">Savez kraji\u0161kih Udru\u017eenja, sa sjedi\u0161tem u Novom Sadu, broji 23 \u010dlanice, koje imaju zajedni\u010dki cilj \u2013 njegovanje tradicije, istorije i kulturne ba\u0161tine Srba \u041araji\u0161nika i \u041arajine.<\/p>\n<p style=\"text-align: justify;\">Predstavni\u0161tvo Republike Srpske u Srbiji podr\u017eava programe i projekte Saveza kraji\u0161kih udru\u017eenja od njegovog osnivanja 2016. godine, a svake godine podr\u017eava i ovu sve\u010danost.<\/p>\n","protected":false},"excerpt":{"rendered":"<p>U petak, 22. novembra, s po\u010detkom\u00a0 u 19 sati u sve\u010danoj sali restorana ,,\u041aristal\u201c u Veterniku (Ive Lole Ribara 4a) odr\u017ea\u0107e se tre\u0107e po redu Ve\u010de Saveza kraji\u0161kih udru\u017eenja i prijatelja. Skupu \u0107e prisustvovati predstavnici zavi\u010dajnih i srodnih organizacija, predstavnici srpskih op\u0161tina u Federaciji BiH, kao i \u0161ef Predstavni\u0161tva Republike Srpske u Srbiji Mla\u0111en Cicovi\u0107&#8230;.<\/p>\n","protected":false},"author":6,"featured_media":0,"comment_status":"closed","ping_status":"closed","sticky":false,"template":"","format":"standard","meta":[],"categories":[57],"tags":[94],"_links":{"self":[{"href":"https:\/\/predstavnistvorsbg.rs\/sr-Latn\/wp-json\/wp\/v2\/posts\/15744"}],"collection":[{"href":"https:\/\/predstavnistvorsbg.rs\/sr-Latn\/wp-json\/wp\/v2\/posts"}],"about":[{"href":"https:\/\/predstavnistvorsbg.rs\/sr-Latn\/wp-json\/wp\/v2\/types\/post"}],"author":[{"embeddable":true,"href":"https:\/\/predstavnistvorsbg.rs\/sr-Latn\/wp-json\/wp\/v2\/users\/6"}],"replies":[{"embeddable":true,"href":"https:\/\/predstavnistvorsbg.rs\/sr-Latn\/wp-json\/wp\/v2\/comments?post=15744"}],"version-history":[{"count":4,"href":"https:\/\/predstavnistvorsbg.rs\/sr-Latn\/wp-json\/wp\/v2\/posts\/15744\/revisions"}],"predecessor-version":[{"id":15748,"href":"https:\/\/predstavnistvorsbg.rs\/sr-Latn\/wp-json\/wp\/v2\/posts\/15744\/revisions\/15748"}],"wp:attachment":[{"href":"https:\/\/predstavnistvorsbg.rs\/sr-Latn\/wp-json\/wp\/v2\/media?parent=15744"}],"wp:term":[{"taxonomy":"category","embeddable":true,"href":"https:\/\/predstavnistvorsbg.rs\/sr-Latn\/wp-json\/wp\/v2\/categories?post=15744"},{"taxonomy":"post_tag","embeddable":true,"href":"https:\/\/predstavnistvorsbg.rs\/sr-Latn\/wp-json\/wp\/v2\/tags?post=15744"}],"curies":[{"name":"wp","href":"https:\/\/api.w.org\/{rel}","templated":true}]}}