{"id":16198,"date":"2024-12-16T10:18:28","date_gmt":"2024-12-16T09:18:28","guid":{"rendered":"https:\/\/predstavnistvorsbg.rs\/?p=16198"},"modified":"2024-12-16T10:18:28","modified_gmt":"2024-12-16T09:18:28","slug":"u-beogradu-odrzana-godisnja-skupstina-udruzenja-romanija","status":"publish","type":"post","link":"https:\/\/predstavnistvorsbg.rs\/sr-Latn\/prethodni-dogadjaji-sr-latn\/u-beogradu-odrzana-godisnja-skupstina-udruzenja-romanija\/","title":{"rendered":"U Beogradu odr\u017eana godi\u0161nja skup\u0161tina Udru\u017eenja \u201eRomanija\u201c"},"content":{"rendered":"<p>U Beogradu je ju\u010de odr\u017eana godi\u0161nja radna skup\u0161tina Udru\u017eenja \u201eRomanija\u201c, \u010diji \u010dlanovi \u017eive, rade i \u0161koluju se u Srbiji, na kojoj su podneseni izvje\u0161taji o dosada\u0161njem radu i predo\u010den plan budu\u0107ih aktivnosti ove organizacije.<\/p>\n<p><img loading=\"lazy\" class=\"aligncenter wp-image-16186 size-full\" title=\"Mla\u0111en Cicovi\u0107, \u0161ef Predstavni\u0161tva Republike Srpske u Srbiji uru\u010deno priznanje na godi\u0161njoj skup\u0161tini Udru\u017eenja \u201eRomanija\u201c\" src=\"https:\/\/predstavnistvorsbg.rs\/wp-content\/uploads\/2024\/12\/sk_udr_romanija2.jpg\" alt=\"Mla\u0111en Cicovi\u0107, \u0161ef Predstavni\u0161tva Republike Srpske u Srbiji uru\u010deno priznanje na godi\u0161njoj skup\u0161tini Udru\u017eenja \u201eRomanija\u201c\" width=\"1023\" height=\"768\" srcset=\"https:\/\/predstavnistvorsbg.rs\/wp-content\/uploads\/2024\/12\/sk_udr_romanija2.jpg 1023w, https:\/\/predstavnistvorsbg.rs\/wp-content\/uploads\/2024\/12\/sk_udr_romanija2-300x225.jpg 300w\" sizes=\"(max-width: 1023px) 100vw, 1023px\" \/><\/p>\n<p>Uru\u010dena su i priznanja ljudima koji su pomogli rad Udru\u017eenja od njegovog obnavljanja 2021. godine, me\u0111u kojima je i priznanje \u0161efu Predstavni\u0161tva Republike Srpske u Srbiji Mla\u0111enu Cicovi\u0107u.<\/p>\n<p>Cicovi\u0107 je istakao da Predstavni\u0161tvo posebnu pa\u017enju posve\u0107uje svim udru\u017eenjima koja \u010duvaju svoj zavi\u010daj u sebi i na najbolji na\u010din ga predstavljaju u sredinama u kojima su se trajno opredijelili da \u017eive.<\/p>\n<p>\u201eAktivnosti sa udru\u017eenjima nama daju prostor da radimo kvalitetno na \u010duvanju na\u0161eg identiteta, kulture, tradicije, obi\u010daja i vjere, a me\u0111u njima je Udru\u017eenje `Romanija`, koje tome posve\u0107uje posebnu pa\u017enju i jedno je od udru\u017eenja koje je najodgovornije, prije svega, prema sredinama iz kojih su do\u0161li, kao i prema sredinama gdje su se opredijelili trajno da \u017eive\u201c, rekao je Cicovi\u0107 novinarima.<\/p>\n<p><img loading=\"lazy\" class=\"aligncenter wp-image-16189 size-full\" title=\"Priznanje Cicovi\u0107u za pomo\u0107 u radu Udru\u017eenja Romanija\" src=\"https:\/\/predstavnistvorsbg.rs\/wp-content\/uploads\/2024\/12\/sk_udr_romanija3.jpg\" alt=\"Priznanje Cicovi\u0107u za pomo\u0107 u radu Udru\u017eenja Romanija\" width=\"1024\" height=\"768\" srcset=\"https:\/\/predstavnistvorsbg.rs\/wp-content\/uploads\/2024\/12\/sk_udr_romanija3.jpg 1024w, https:\/\/predstavnistvorsbg.rs\/wp-content\/uploads\/2024\/12\/sk_udr_romanija3-300x225.jpg 300w\" sizes=\"(max-width: 1024px) 100vw, 1024px\" \/><\/p>\n<p>On je istakao da ovo udru\u017eenje sa dosta akcija poma\u017ee svojim sunarodnicima, a pomagali su domove zdravlja, kao i lica sa socijalnim potrebama i problemima.<\/p>\n<p><img loading=\"lazy\" class=\"aligncenter wp-image-16192 size-full\" title=\"Predsjednik Udru\u017eenja Vinko Pandurevi\u0107 na godi\u0161njoj skup\u0161tini Udru\u017eenja \u201eRomanija\u201c\" src=\"https:\/\/predstavnistvorsbg.rs\/wp-content\/uploads\/2024\/12\/sk_udr_romanija4.jpg\" alt=\"Predsjednik Udru\u017eenja Vinko Pandurevi\u0107 na godi\u0161njoj skup\u0161tini Udru\u017eenja \u201eRomanija\u201c\" width=\"1023\" height=\"640\" srcset=\"https:\/\/predstavnistvorsbg.rs\/wp-content\/uploads\/2024\/12\/sk_udr_romanija4.jpg 1023w, https:\/\/predstavnistvorsbg.rs\/wp-content\/uploads\/2024\/12\/sk_udr_romanija4-300x188.jpg 300w\" sizes=\"(max-width: 1023px) 100vw, 1023px\" \/><\/p>\n<p>Predsjednik Udru\u017eenja Vinko Pandurevi\u0107 izjavio je za Srnu da se aktivnosti Udru\u017eenja \u201eRomanija\u201c uglavnom odnose na rje\u0161avanje socijalnih potreba i problema pojedinaca, te kulturne aktivnosti &#8211; promocije knjiga i filmova, a podr\u017eani su i neki dje\u010diji festivali i organizovana nabavka knjiga za djecu sa posebnim potrebama.<\/p>\n<p>Udru\u017eenje je u protekle tri i po godine, ka\u017ee Pandurevi\u0107, dalo znatan doprinos, prije svega, na planu zdravstvenih pregleda i za\u0161tite, nabavke medicinskih aparata, te pru\u017eanju pomo\u0107i sunarodnicima koji \u017eive u Srbiji i poru\u010dio da \u0107e Udru\u017eenje uvijek biti otvoreno za njih.<\/p>\n<p>\u201eNismo uspeli neku zna\u010dajniju ekonomsku, privrednu saradnju da uspostavimo sa na\u0161im ljudima koji \u017eive ovde i sa na\u0161im zavi\u010dajem, ali sam izuzetno zadovoljan odzivom i podr\u0161kom na\u0161ih ljudi koji \u017eive ovde, jer bez njihove materijalne i finansijske pomo\u0107i udru\u017eenje ne bi moglo da \u017eivi i da radi\u201c, rekao je Pandurevi\u0107.<\/p>\n<p>Udru\u017eenje \u201eRomanija\u201c obnovljeno je 16. maja 2021. godine, a sljede\u0107e godine Udru\u017eenje o\u010dekuju izbori.<\/p>\n","protected":false},"excerpt":{"rendered":"<p>U Beogradu je ju\u010de odr\u017eana godi\u0161nja radna skup\u0161tina Udru\u017eenja \u201eRomanija\u201c, \u010diji \u010dlanovi \u017eive, rade i \u0161koluju se u Srbiji, na kojoj su podneseni izvje\u0161taji o dosada\u0161njem radu i predo\u010den plan budu\u0107ih aktivnosti ove organizacije. Uru\u010dena su i priznanja ljudima koji su pomogli rad Udru\u017eenja od njegovog obnavljanja 2021. godine, me\u0111u kojima je i priznanje \u0161efu&#8230;<\/p>\n","protected":false},"author":4,"featured_media":16185,"comment_status":"closed","ping_status":"closed","sticky":false,"template":"","format":"standard","meta":[],"categories":[56],"tags":[94],"_links":{"self":[{"href":"https:\/\/predstavnistvorsbg.rs\/sr-Latn\/wp-json\/wp\/v2\/posts\/16198"}],"collection":[{"href":"https:\/\/predstavnistvorsbg.rs\/sr-Latn\/wp-json\/wp\/v2\/posts"}],"about":[{"href":"https:\/\/predstavnistvorsbg.rs\/sr-Latn\/wp-json\/wp\/v2\/types\/post"}],"author":[{"embeddable":true,"href":"https:\/\/predstavnistvorsbg.rs\/sr-Latn\/wp-json\/wp\/v2\/users\/4"}],"replies":[{"embeddable":true,"href":"https:\/\/predstavnistvorsbg.rs\/sr-Latn\/wp-json\/wp\/v2\/comments?post=16198"}],"version-history":[{"count":1,"href":"https:\/\/predstavnistvorsbg.rs\/sr-Latn\/wp-json\/wp\/v2\/posts\/16198\/revisions"}],"predecessor-version":[{"id":16199,"href":"https:\/\/predstavnistvorsbg.rs\/sr-Latn\/wp-json\/wp\/v2\/posts\/16198\/revisions\/16199"}],"wp:featuredmedia":[{"embeddable":true,"href":"https:\/\/predstavnistvorsbg.rs\/sr-Latn\/wp-json\/wp\/v2\/media\/16185"}],"wp:attachment":[{"href":"https:\/\/predstavnistvorsbg.rs\/sr-Latn\/wp-json\/wp\/v2\/media?parent=16198"}],"wp:term":[{"taxonomy":"category","embeddable":true,"href":"https:\/\/predstavnistvorsbg.rs\/sr-Latn\/wp-json\/wp\/v2\/categories?post=16198"},{"taxonomy":"post_tag","embeddable":true,"href":"https:\/\/predstavnistvorsbg.rs\/sr-Latn\/wp-json\/wp\/v2\/tags?post=16198"}],"curies":[{"name":"wp","href":"https:\/\/api.w.org\/{rel}","templated":true}]}}