{"id":16236,"date":"2024-12-27T14:09:53","date_gmt":"2024-12-27T13:09:53","guid":{"rendered":"https:\/\/predstavnistvorsbg.rs\/?p=16236"},"modified":"2024-12-27T14:28:33","modified_gmt":"2024-12-27T13:28:33","slug":"svecano-otvaranje-manifestacije-u-okviru-projekta-321-srpska","status":"publish","type":"post","link":"https:\/\/predstavnistvorsbg.rs\/sr-Latn\/najava-dogadjaja-sr-latn\/svecano-otvaranje-manifestacije-u-okviru-projekta-321-srpska\/","title":{"rendered":"Sve\u010dano otvaranje manifestacije u okviru projekta \u201e3,2,1 Srpska\u201c"},"content":{"rendered":"<p>U Trebinju \u0107e sutra, 28.12.2024. godine u 17.00 \u010dasova u Domu u\u010denika (\u041aino sala) sve\u010dano biti otvorena manifestacija u okviru projekta \u201e3, 2, 1 Srpska\u201c, o\u010dekuje se da \u0107e manifestaciju otvoriti Zlatan \u041aloki\u0107, ministar za za evropske integracije i me\u0111unarodnu saradnju u Vladi Republike Srpske. Otvaranju \u0107e prisustvovati i \u0110or\u0111e Mili\u0107evi\u0107, ministar bez portfelja zadu\u017een za koordinaciju aktivnosti i mjera u oblasti odnosa sa dijasporom u Vladi Republike Srbije, Mirko \u0106uri\u0107,gradona\u010delnik Trebinja i druge zvanice.<\/p>\n<p><img loading=\"lazy\" class=\"aligncenter wp-image-16230 size-full\" title=\"U Trebinju \u0107e, 28.12.2024. godine u 17.00 \u010dasova u Domu u\u010denika (\u041aino sala) sve\u010dano biti otvorena manifestacija u okviru projekta \u201e3, 2, 1 Srpska\u201c\" src=\"https:\/\/predstavnistvorsbg.rs\/wp-content\/uploads\/2024\/12\/321_srpska.jpg?_t=1735304901\" alt=\"U Trebinju \u0107e, 28.12.2024. godine u 17.00 \u010dasova u Domu u\u010denika (\u041aino sala) sve\u010dano biti otvorena manifestacija u okviru projekta \u201e3, 2, 1 Srpska\u201c\" width=\"1024\" height=\"1024\" srcset=\"https:\/\/predstavnistvorsbg.rs\/wp-content\/uploads\/2024\/12\/321_srpska.jpg 1024w, https:\/\/predstavnistvorsbg.rs\/wp-content\/uploads\/2024\/12\/321_srpska-300x300.jpg 300w, https:\/\/predstavnistvorsbg.rs\/wp-content\/uploads\/2024\/12\/321_srpska-150x150.jpg 150w\" sizes=\"(max-width: 1024px) 100vw, 1024px\" \/><\/p>\n<p>Program manifestacije je takmi\u010darskog karaktera, bez rezultatskog pritiska, sa ciljem dru\u017eenja, upoznavanja i me\u0111usobnog povezivanja djece iz Republike Srpske i Srbije kroz sportske aktivnosti.<\/p>\n<p>U realizaciji projekta u\u010destvuje 150 takmi\u010dara uzrasta 10-15 godina koji su \u010dlanovi klubova iz mjesta i okolnih gradova Trebinja, a dio ih dolazi iz Aran\u0111elovca, Priboja i Ni\u0161a.<\/p>\n<p>Manifestacija \u0107e trajati tri dana, a kao gosti u okviru tematskih tribina u\u010de\u0161\u0107e \u0107e uzeti istaknuti sportisti Republike Srpske Sa\u0161a \u010ca\u0111o, Marija Aleksi\u0107 i Mitar Mrdi\u0107.<\/p>\n<p>Predstavni\u0161tvo Republike Srpske u Srbiji finansiralo je tro\u0161kove prevoza za djecu iz Republike Srbije u Republiku Srpsku sa ciljem zajedni\u010dkog unapre\u0111enja sportske i omladinske saradnje Srbije i Srpske.<\/p>\n","protected":false},"excerpt":{"rendered":"<p>U Trebinju \u0107e sutra, 28.12.2024. godine u 17.00 \u010dasova u Domu u\u010denika (\u041aino sala) sve\u010dano biti otvorena manifestacija u okviru projekta \u201e3, 2, 1 Srpska\u201c, o\u010dekuje se da \u0107e manifestaciju otvoriti Zlatan \u041aloki\u0107, ministar za za evropske integracije i me\u0111unarodnu saradnju u Vladi Republike Srpske. Otvaranju \u0107e prisustvovati i \u0110or\u0111e Mili\u0107evi\u0107, ministar bez portfelja zadu\u017een&#8230;<\/p>\n","protected":false},"author":4,"featured_media":0,"comment_status":"closed","ping_status":"closed","sticky":false,"template":"","format":"standard","meta":[],"categories":[57],"tags":[94],"_links":{"self":[{"href":"https:\/\/predstavnistvorsbg.rs\/sr-Latn\/wp-json\/wp\/v2\/posts\/16236"}],"collection":[{"href":"https:\/\/predstavnistvorsbg.rs\/sr-Latn\/wp-json\/wp\/v2\/posts"}],"about":[{"href":"https:\/\/predstavnistvorsbg.rs\/sr-Latn\/wp-json\/wp\/v2\/types\/post"}],"author":[{"embeddable":true,"href":"https:\/\/predstavnistvorsbg.rs\/sr-Latn\/wp-json\/wp\/v2\/users\/4"}],"replies":[{"embeddable":true,"href":"https:\/\/predstavnistvorsbg.rs\/sr-Latn\/wp-json\/wp\/v2\/comments?post=16236"}],"version-history":[{"count":5,"href":"https:\/\/predstavnistvorsbg.rs\/sr-Latn\/wp-json\/wp\/v2\/posts\/16236\/revisions"}],"predecessor-version":[{"id":16245,"href":"https:\/\/predstavnistvorsbg.rs\/sr-Latn\/wp-json\/wp\/v2\/posts\/16236\/revisions\/16245"}],"wp:attachment":[{"href":"https:\/\/predstavnistvorsbg.rs\/sr-Latn\/wp-json\/wp\/v2\/media?parent=16236"}],"wp:term":[{"taxonomy":"category","embeddable":true,"href":"https:\/\/predstavnistvorsbg.rs\/sr-Latn\/wp-json\/wp\/v2\/categories?post=16236"},{"taxonomy":"post_tag","embeddable":true,"href":"https:\/\/predstavnistvorsbg.rs\/sr-Latn\/wp-json\/wp\/v2\/tags?post=16236"}],"curies":[{"name":"wp","href":"https:\/\/api.w.org\/{rel}","templated":true}]}}