{"id":16296,"date":"2025-01-07T15:08:04","date_gmt":"2025-01-07T14:08:04","guid":{"rendered":"https:\/\/predstavnistvorsbg.rs\/?p=16296"},"modified":"2025-01-13T10:14:21","modified_gmt":"2025-01-13T09:14:21","slug":"republika-srpska-slavi-9-januar-dan-republike","status":"publish","type":"post","link":"https:\/\/predstavnistvorsbg.rs\/sr-Latn\/u-fokusu-sr-latn\/republika-srpska-slavi-9-januar-dan-republike\/","title":{"rendered":"Republika Srpska slavi 9. januar Dan Republike"},"content":{"rendered":"<p>Dan Republike Srpske ustanovljen je kao praznik u znak sje\u0107anja na 9. januar 1992. godine kada je tada\u0161nja Skup\u0161tina srpskog naroda u Bosni i Hercegovini donijela Deklaraciju o progla\u0161enju Republike srpskog naroda u Bosni i Hercegovini. Ustavni sud BiH poni\u0161tio je 2016. godine ovaj praznik, ali je on ponovo potvr\u0111en odlukom Narodne skup\u0161tine Republike Srpske nakon referenduma na kome su se gra\u0111ani Srpske izjasnili da podr\u017eavaju 9. januar kao Dan Republike.<\/p>\n<p>Svake godine \u0161irom Republike Srpske 9. januara sve\u010dano se obilje\u017eava Dan Republike, a tim povodom i ove 2025. godine je tako, a pire\u0111en je i centralni program proslave 9. janura Dana Republike pod sloganom \u201eZa vje\u010dnost ro\u0111ena\u201c.<\/p>\n<p><strong>\u00a0<\/strong><\/p>\n<p><u>SRIJEDA, 8. januar 2025. godine<\/u><\/p>\n<p>10:00 Polaganje vijenaca na Spomenik palim borcima Vojske Republike Srpske<\/p>\n<p>11:00 Polaganje vijenaca na Trgu palih boraca NOR-a<\/p>\n<p>12:00 Polaganje vijenaca na Spomen kosturnici<\/p>\n<p>Tom prilikom bi\u0107e polo\u017eeno cvije\u0107e i na Spomen obilje\u017eju dvanaest banjalu\u010dkih beba.<\/p>\n<p>16:00 Sve\u010dana akademija povodom Dana Republike Srpske<\/p>\n<p>18:00 Sve\u010dani prijem<\/p>\n<p><strong>\u00a0<\/strong><\/p>\n<p><u>\u010cETVRTAK, 9. januar 2025. godine<\/u><\/p>\n<p>10:00 Polaganje vijenaca na srpskom vojni\u010dkom spomen-groblju Novi Zejtinlik u Sokocu<\/p>\n<p>14:00 Sjednica Senata Republike Srpske<\/p>\n<p>17:00 Sve\u010dani defile &#8211; Trg Krajine, Banjaluka<\/p>\n<p>19:00 Koncert<\/p>\n<p>Koncert na kojem \u0107e nastupiti regionalne zvijezde Pavlina Radovanovi\u0107 i Dejan Mati\u0107 bi\u0107e odr\u017ean na Trgu Krajine u Banjaluci.<\/p>\n<p><strong>\u00a0<\/strong><\/p>\n<p><u>PETAK, 10. januar 2024. godine<\/u><\/p>\n<p>11:30 Obilje\u017eavanje Dana Republike u Br\u010dko Distriktu &#8211; polaganje vijenaca<\/p>\n<p>12:00 Sve\u010dana Akademija<\/p>\n<p>Tako\u0111e, izlo\u017eba &#8222;Jasenovac &#8211; 80 godina od proboja logora\u0161a&#8220;, Galerija ANURS obilje\u017eava Dan Republike i zapo\u010dinje svoje izlaga\u010dke aktivnosti za 2025. godinu. Otvaranje izlo\u017ebe je predvi\u0111eno 8. januara 2025. godine i traja\u0107e do 28. februara 2025. godine.<\/p>\n<p>Radio-televizija Republike Srpske direktno \u0107e prenositi sve\u010danu akademiju i sve\u010dani defile, koji mo\u017eete pratiti i na njihovom portalu i Jutjub kanalu.<\/p>\n","protected":false},"excerpt":{"rendered":"<p>Dan Republike Srpske ustanovljen je kao praznik u znak sje\u0107anja na 9. januar 1992. godine kada je tada\u0161nja Skup\u0161tina srpskog naroda u Bosni i Hercegovini donijela Deklaraciju o progla\u0161enju Republike srpskog naroda u Bosni i Hercegovini. Ustavni sud BiH poni\u0161tio je 2016. godine ovaj praznik, ali je on ponovo potvr\u0111en odlukom Narodne skup\u0161tine Republike Srpske&#8230;<\/p>\n","protected":false},"author":4,"featured_media":16292,"comment_status":"closed","ping_status":"closed","sticky":false,"template":"","format":"standard","meta":[],"categories":[44],"tags":[98],"_links":{"self":[{"href":"https:\/\/predstavnistvorsbg.rs\/sr-Latn\/wp-json\/wp\/v2\/posts\/16296"}],"collection":[{"href":"https:\/\/predstavnistvorsbg.rs\/sr-Latn\/wp-json\/wp\/v2\/posts"}],"about":[{"href":"https:\/\/predstavnistvorsbg.rs\/sr-Latn\/wp-json\/wp\/v2\/types\/post"}],"author":[{"embeddable":true,"href":"https:\/\/predstavnistvorsbg.rs\/sr-Latn\/wp-json\/wp\/v2\/users\/4"}],"replies":[{"embeddable":true,"href":"https:\/\/predstavnistvorsbg.rs\/sr-Latn\/wp-json\/wp\/v2\/comments?post=16296"}],"version-history":[{"count":5,"href":"https:\/\/predstavnistvorsbg.rs\/sr-Latn\/wp-json\/wp\/v2\/posts\/16296\/revisions"}],"predecessor-version":[{"id":16323,"href":"https:\/\/predstavnistvorsbg.rs\/sr-Latn\/wp-json\/wp\/v2\/posts\/16296\/revisions\/16323"}],"wp:featuredmedia":[{"embeddable":true,"href":"https:\/\/predstavnistvorsbg.rs\/sr-Latn\/wp-json\/wp\/v2\/media\/16292"}],"wp:attachment":[{"href":"https:\/\/predstavnistvorsbg.rs\/sr-Latn\/wp-json\/wp\/v2\/media?parent=16296"}],"wp:term":[{"taxonomy":"category","embeddable":true,"href":"https:\/\/predstavnistvorsbg.rs\/sr-Latn\/wp-json\/wp\/v2\/categories?post=16296"},{"taxonomy":"post_tag","embeddable":true,"href":"https:\/\/predstavnistvorsbg.rs\/sr-Latn\/wp-json\/wp\/v2\/tags?post=16296"}],"curies":[{"name":"wp","href":"https:\/\/api.w.org\/{rel}","templated":true}]}}