{"id":16361,"date":"2025-01-14T12:53:35","date_gmt":"2025-01-14T11:53:35","guid":{"rendered":"https:\/\/predstavnistvorsbg.rs\/?p=16361"},"modified":"2025-01-14T12:53:35","modified_gmt":"2025-01-14T11:53:35","slug":"u-beogradu-predstavljen-festival-kestenburg","status":"publish","type":"post","link":"https:\/\/predstavnistvorsbg.rs\/sr-Latn\/prethodni-dogadjaji-sr-latn\/u-beogradu-predstavljen-festival-kestenburg\/","title":{"rendered":"U Beogradu predstavljen festival \u201eKestenburg\u201c"},"content":{"rendered":"<p>U Beogradu je predstavljen \u0160esti internacionalni festival studentskih pozori\u0161ta \u201e\u041aestenburg\u201c, koji \u0107e biti odr\u017ean od 6. do 8. marta u \u0161est gradova Republike Srpske, gdje \u0107e se predstaviti 63 studenta iz 10 zemalja sa tri kontinenta &#8211; Azije, Evrope i Sjeverne Amerike.<\/p>\n<p>Organizator festivala je Banjalu\u010dko studentsko pozori\u0161te u saradnji sa Predstavni\u0161tvom Republike Srpske u Srbiji.<\/p>\n<p>Festival \u0107e ove godine biti u znaku prate\u0107e predstave \u201e\u041anjiga o Milutinu\u201c, u kojoj igra srpski glumac Nenad Jezdi\u0107, koji je i predsjednik stru\u010dnog \u017eirija Festivala.<\/p>\n<p>Prvi put ove godine postoji prolog i epilog Festivala, pa \u0107e ova predstava biti odigrana u okviru prate\u0107eg programa u Prijedoru 5. marta, a njen epilog \u0107e biti u Trebinju 9. marta.<\/p>\n<p><img loading=\"lazy\" class=\"aligncenter wp-image-16346 size-full\" title=\"Nenad Jezdi\u0107, predsjednik stru\u010dnog \u017eirija festivala \u201e\u041aestenburg\u201c\" src=\"https:\/\/predstavnistvorsbg.rs\/wp-content\/uploads\/2025\/01\/predstavljen_kestenburg2.jpg\" alt=\"Nenad Jezdi\u0107, predsjednik stru\u010dnog \u017eirija festivala \u201e\u041aestenburg\u201c\" width=\"1024\" height=\"682\" srcset=\"https:\/\/predstavnistvorsbg.rs\/wp-content\/uploads\/2025\/01\/predstavljen_kestenburg2.jpg 1024w, https:\/\/predstavnistvorsbg.rs\/wp-content\/uploads\/2025\/01\/predstavljen_kestenburg2-300x200.jpg 300w\" sizes=\"(max-width: 1024px) 100vw, 1024px\" \/><\/p>\n<p>Na konferenciji za novinare u Zvezdara teatru, Jezdi\u0107 je rekao da je ovo njegovo prvo \u017eiriranje, te da je do sada izbjegavao u\u010de\u0161\u0107a u \u017eiriju.<\/p>\n<p>\u201eAli, ovo je neka vrsta obaveze i radosti, ipak je ovo festival mladih i mladi nastupaju na ovom festivalu. Treba im doneti neku odgovornost, zrelost i iskustvo u pozori\u0161tu. Trebalo bi tu neku vrstu tajne da prenesemo na te mlade ljude. Da budemo od pomo\u0107i onome ko bude \u017eeleo da \u010duje i ima u komunikaciju sa nama iskusnima\u201c, rekao je Jezdi\u0107.<\/p>\n<p>On je dodao da je mnogo predstava i premijera odigrao, tako da \u0107e biti zadovoljstvo da to iskustvo prenese i na nekog drugog.<\/p>\n<p>Jezdi\u0107 je rekao da \u0107e morati da isprati sve predstave da vidi kakav je sadr\u017eaj, \u0161ta mladi ho\u0107e da ka\u017eu, dokle su dosegli u profesionalnom smislu.<\/p>\n<p>\u201eVrlo \u010desto mladi mogu da budu inspiracija i starima tako da radujem se pozori\u0161tu generalno. Ali mislim da mi ne manjka inspiracije za ono \u0161to jeste pozori\u0161te i \u0161to jeste tajna pozori\u0161ta. Pozori\u0161te ima svoju tajnu, ima jednu dobru i plementu igru otkrivanja istine i otkrivanje tajne\u201c, istakao je Jezdi\u0107.<\/p>\n<p><img loading=\"lazy\" class=\"aligncenter wp-image-16349 size-full\" title=\"Mla\u0111en Cicovi\u0107, \u0161ef Predstavni\u0161tva Republike Srpske u Srbiji\" src=\"https:\/\/predstavnistvorsbg.rs\/wp-content\/uploads\/2025\/01\/predstavljen_kestenburg3.jpg\" alt=\"Mla\u0111en Cicovi\u0107, \u0161ef Predstavni\u0161tva Republike Srpske u Srbiji\" width=\"1024\" height=\"682\" srcset=\"https:\/\/predstavnistvorsbg.rs\/wp-content\/uploads\/2025\/01\/predstavljen_kestenburg3.jpg 1024w, https:\/\/predstavnistvorsbg.rs\/wp-content\/uploads\/2025\/01\/predstavljen_kestenburg3-300x200.jpg 300w\" sizes=\"(max-width: 1024px) 100vw, 1024px\" \/><\/p>\n<p>\u0160ef Predstavni\u0161tva Republike Srpske u Srbiji Mla\u0111en Cicovi\u0107 rekao je da Predstavni\u0161tvo od po\u010detka podr\u017eava ovu sjajnu manifestaciju i mlade umjetnike Republike Srpske, ali i \u0161irom svijeta.<\/p>\n<p>\u201e`\u041aestenburg` za nas u Predstavni\u0161tvu ima poseban zna\u010daj i u programu Predstavni\u0161tva zauzima posebno mjesto, prije svega zbog \u010dinjenice \u0161to okuplja mlade umjetnike i \u0161to na najbolji na\u010din afirmi\u0161e i promovi\u0161e Republiku Srpsku \u0161irom svijeta\u201c, istakao je Cicovi\u0107.<\/p>\n<p>Prema njegovim rije\u010dima, \u010dinjenica da su u\u010desnici festivala ove godine sa tri kontinenta i da se odr\u017eava u \u0161est gradova Republike Srpske, dovoljno govori koliko je posebna ova manifestacija i koliko je zna\u010dajna za afirmaciju promociju mladih umjetnika i prije svega studentskog pozori\u0161ta Srpske.<\/p>\n<p>\u201eSaradnja na\u0161eg studentskog pozori\u0161ta sa svim u\u010desnicima ovog festivala je od posebnog zna\u010daja za podsticaj i razvoj na\u0161ih umjetnika u narednom periodu\u201c, rekao je Cicovi\u0107.<\/p>\n<p><img loading=\"lazy\" class=\"aligncenter wp-image-16352 size-full\" title=\"Aleksandar Pejakovi\u0107, direktor festivala \u201e\u041aestenburg\u201c\" src=\"https:\/\/predstavnistvorsbg.rs\/wp-content\/uploads\/2025\/01\/predstavljen_kestenburg4.jpg\" alt=\"Aleksandar Pejakovi\u0107, direktor festivala \u201e\u041aestenburg\u201c\" width=\"1024\" height=\"682\" srcset=\"https:\/\/predstavnistvorsbg.rs\/wp-content\/uploads\/2025\/01\/predstavljen_kestenburg4.jpg 1024w, https:\/\/predstavnistvorsbg.rs\/wp-content\/uploads\/2025\/01\/predstavljen_kestenburg4-300x200.jpg 300w\" sizes=\"(max-width: 1024px) 100vw, 1024px\" \/><\/p>\n<p>Direktor festivala \u201e\u041aestenburg\u201c Aleksandar Pejakovi\u0107 rekao je da \u0107e Festival imati tri selekcije &#8211; zlatnu, srebrnu i bronzanu.<\/p>\n<p>On je dodao da \u0107e biti predstave i iz Meksika, Irana, studenti \u0107e predstave igrati i u Banjaluci, a zlatna selekcija bi\u0107e u Isto\u010dnom Sarajevu, gdje \u0107e biti regionalne predstave studentskih pozori\u0161ta, me\u0111u kojima \u0107e biti i gosti sa Akademije scenskih umjetnosti iz Sarajeva, kao i Fakulteta dramskih umjetnosti.<\/p>\n<p>Prvi put \u0107e na Festivalu u\u010destvovati i Akademija umetnosti iz Beograda.<\/p>\n<p><img loading=\"lazy\" class=\"aligncenter wp-image-16355 size-full\" title=\"Neda Simi\u0107 \u017deraji\u0107, urednik festivalskog programa \u201e\u041aestenburg\u201c\" src=\"https:\/\/predstavnistvorsbg.rs\/wp-content\/uploads\/2025\/01\/predstavljen_kestenburg5.jpg\" alt=\"Neda Simi\u0107 \u017deraji\u0107, urednik festivalskog programa \u201e\u041aestenburg\u201c\" width=\"1024\" height=\"682\" srcset=\"https:\/\/predstavnistvorsbg.rs\/wp-content\/uploads\/2025\/01\/predstavljen_kestenburg5.jpg 1024w, https:\/\/predstavnistvorsbg.rs\/wp-content\/uploads\/2025\/01\/predstavljen_kestenburg5-300x200.jpg 300w\" sizes=\"(max-width: 1024px) 100vw, 1024px\" \/><\/p>\n<p>Neda Simi\u0107 \u017deraji\u0107, urednik festivalskog programa \u201e\u041aestenburg\u201c, rekla je da se festival prvi put ove godine odr\u017eava u \u0161est gradova, osim Banjaluke, gdje \u0107e biti otvoren i zatvoren.<\/p>\n<p>Dio programa bi\u0107e i u Prijedoru, gdje se po\u010dinje sa predstavom \u201e\u041anjiga o Milutinu\u201c u izvo\u0111enju Jezdi\u0107a, a zavr\u0161ava se u Trebinju.<\/p>\n<p>\u201eOvaj festival otvara nove perspektive i pru\u017ea \u0161ansu mladim stvaraocima da ispolje kreativnost, ali isto tako i da razmene kreativne ideje sa svojim kolegama iz zemalja \u0161irom svijeta\u201c, rekla je \u017deraji\u0107eva.<\/p>\n","protected":false},"excerpt":{"rendered":"<p>U Beogradu je predstavljen \u0160esti internacionalni festival studentskih pozori\u0161ta \u201e\u041aestenburg\u201c, koji \u0107e biti odr\u017ean od 6. do 8. marta u \u0161est gradova Republike Srpske, gdje \u0107e se predstaviti 63 studenta iz 10 zemalja sa tri kontinenta &#8211; Azije, Evrope i Sjeverne Amerike. Organizator festivala je Banjalu\u010dko studentsko pozori\u0161te u saradnji sa Predstavni\u0161tvom Republike Srpske u&#8230;<\/p>\n","protected":false},"author":4,"featured_media":16345,"comment_status":"closed","ping_status":"closed","sticky":false,"template":"","format":"standard","meta":[],"categories":[56],"tags":[98],"_links":{"self":[{"href":"https:\/\/predstavnistvorsbg.rs\/sr-Latn\/wp-json\/wp\/v2\/posts\/16361"}],"collection":[{"href":"https:\/\/predstavnistvorsbg.rs\/sr-Latn\/wp-json\/wp\/v2\/posts"}],"about":[{"href":"https:\/\/predstavnistvorsbg.rs\/sr-Latn\/wp-json\/wp\/v2\/types\/post"}],"author":[{"embeddable":true,"href":"https:\/\/predstavnistvorsbg.rs\/sr-Latn\/wp-json\/wp\/v2\/users\/4"}],"replies":[{"embeddable":true,"href":"https:\/\/predstavnistvorsbg.rs\/sr-Latn\/wp-json\/wp\/v2\/comments?post=16361"}],"version-history":[{"count":1,"href":"https:\/\/predstavnistvorsbg.rs\/sr-Latn\/wp-json\/wp\/v2\/posts\/16361\/revisions"}],"predecessor-version":[{"id":16362,"href":"https:\/\/predstavnistvorsbg.rs\/sr-Latn\/wp-json\/wp\/v2\/posts\/16361\/revisions\/16362"}],"wp:featuredmedia":[{"embeddable":true,"href":"https:\/\/predstavnistvorsbg.rs\/sr-Latn\/wp-json\/wp\/v2\/media\/16345"}],"wp:attachment":[{"href":"https:\/\/predstavnistvorsbg.rs\/sr-Latn\/wp-json\/wp\/v2\/media?parent=16361"}],"wp:term":[{"taxonomy":"category","embeddable":true,"href":"https:\/\/predstavnistvorsbg.rs\/sr-Latn\/wp-json\/wp\/v2\/categories?post=16361"},{"taxonomy":"post_tag","embeddable":true,"href":"https:\/\/predstavnistvorsbg.rs\/sr-Latn\/wp-json\/wp\/v2\/tags?post=16361"}],"curies":[{"name":"wp","href":"https:\/\/api.w.org\/{rel}","templated":true}]}}