{"id":16392,"date":"2025-01-22T09:26:36","date_gmt":"2025-01-22T08:26:36","guid":{"rendered":"https:\/\/predstavnistvorsbg.rs\/?p=16392"},"modified":"2025-01-23T09:28:50","modified_gmt":"2025-01-23T08:28:50","slug":"dzatras-ako-rusija-pobjedi-srpska-ce-dobiti-prostor-da-zastupa-svoje-interese","status":"publish","type":"post","link":"https:\/\/predstavnistvorsbg.rs\/sr-Latn\/u-fokusu-sr-latn\/dzatras-ako-rusija-pobjedi-srpska-ce-dobiti-prostor-da-zastupa-svoje-interese\/","title":{"rendered":"D\u017eatras: Ako Rusija pobjedi, Srpska \u0107e dobiti prostor da zastupa svoje interese"},"content":{"rendered":"<p>Srna | 22. januar 2025. godine &#8211;<\/p>\n<p>D\u017eatras: Ako Rusija pobjedi, Srpska \u0107e dobiti prostor da zastupa svoje interese<\/p>\n<p>Izgledi odnosa Republike Srpske i SAD u budu\u0107nosti najvi\u0161e \u0107e zavisiti od toga \u0161ta \u0107e se sljede\u0107e dogoditi u Ukrajini, jer \u0107e Srpska imati vi\u0161e prostora za zastupanje svojih interesa u slu\u010daju odlu\u010dne pobjede Rusije u ukrajinskom sukobu, izjavio je za Srnu ugledni ameri\u010dki analiti\u010dar i biv\u0161i diplomata D\u017eejms D\u017eatras.<\/p>\n<p>On je nakon inauguracije predsjednika SAD Donalda Trampa rekao da je prerano govoriti o tome kakav \u0107e to imati uticaj na Republiku Srpsku, Srbe i Balkan uop\u0161te, te da su signali pomije\u0161ani.<\/p>\n<p>Prema njegovim rije\u010dima, svijet ulazi u nestabilan, privremen period, za koji procjenjuje da \u0107e trajati oko pet godina, mo\u017eda manje, kada je sudbina &#8222;carstva predvo\u0111enog Va\u0161ingtonom&#8220; dovedena u pitanje.<\/p>\n<p>&#8211; Ili \u0107e se takozvani evroatlantski poredak u Evropi, koji sprovode NATO i njegova konkubina EU, sru\u0161iti nakon odlu\u010dne pobjede Rusije u Ukrajini ili \u0107e Moskva sebi dozvoliti da jo\u0161 jednom bude prevarena i pusti NATO, EU i bandera\u0161ku Ukrajinu da pre\u017eive za jo\u0161 jedan dan borbe &#8211; za sada je ishod neizvjestan. Ako bude prvo, pro\u0161iri\u0107e se prostor za Republiku Srpsku da zastupa svoje interese, zajedno sa interesima Srbije, i za slabljenje i eventualni nestanak la\u017ene dr\u017eave Kosovo, zajedno sa sve nezavisnijim pravcem zemalja kao \u0161to su Ma\u0111arska i Slova\u010dka, kojima \u0107e se uskoro pridru\u017eiti drugi &#8211; istakao je D\u017eatras.<\/p>\n<p>S druge strane, nastavlja D\u017eatras, ukoliko se desi drugi scenario, mrtva ruka ameri\u010dke dominacije u Evropi preko NATO-a \u0107e se du\u017ee odr\u017eati, a u tom slu\u010daju bi Republika Srpska i Srbi uop\u0161te ostali pod nemilosrdnim pritiskom pod kojim su od 1991. godine, dok prijeti opasnost ve\u0107eg rata u Evropi u ne tako dalekoj budu\u0107nosti.<\/p>\n<p>&#8211; \u0160to se ti\u010de Srba \/Republike Srpske i Srbije\/ i Balkana u uop\u0161te, mora se imati na umu da gotovo niko u Va\u0161ingtonu ne razmi\u0161lja mnogo o Srbima ili, konkretno, o Republici Srpskoj, osim nekoliko zvani\u010dnika kojima je taj mali dio svijeta zadatak. Oni su gotovo svi `manihejci`, nulti zbir fanatika sa stavom da su Srbi lo\u0161i, koji mogu samo da razmi\u0161ljaju u smislu natjerivanja Srba u `evroatlantsku kutiju NATO-a i EU`, \u0161to zna\u010di `poni\u0161tavanje` Srba, ja\u010danje atributa `dr\u017eavnosti` takozvanog Kosova i vr\u0161enje pritiska na Srbiju i njeno odvra\u0107anje od orijentacije ka Rusiji, Evroaziji i BRIKS-u i usmjeravanje ka pot\u010dinjenosti evroatlantskom kampu &#8211; naveo je D\u017eatras.<\/p>\n<p>Prema njegovim rije\u010dima, jedini djelimi\u010dni izuzetak bila je &#8222;farsa od `kosovskog projekta` Ri\u010darda Grenela&#8220; tokom prvog Trampovog mandata, ali samo zato \u0161to je Grenel umislio da bi to bilo dobro politi\u010dko dokazivanje po \u0161ablonu pregovora o Sporazumu iz Kemp Dejvida, koji su 1978. godine potpisali egipatski predsjednik Anvar el Sadat i izraelski premijer Menahem Begin, nakon 12 dana tajnih pregovora u Kemp Dejvidu.<\/p>\n<p>&#8211; Vidjeli smo kako je to ispalo &#8211; rekao je D\u017eatras.<\/p>\n<p>D\u017eatras je ocijenio da je glavno pitanje da li Tramp namjerava da udalji SAD od misije unipolarne dominacije cijelim svijetom ka zadatku osiguravanja direktnih i ograni\u010denih ameri\u010dkih nacionalnih interesa u multipolarnom svijetu u kojem se po\u0161tuju sfere interesa drugih sila, prije svih Rusije i Kine.<\/p>\n<p>&#8211; To \u0107e u velikoj mjeri zavisiti od toga kakve ljude imenuje u svoju administraciju. Do sada je, o\u010dekivano, ve\u0107ina njih lo\u0161a &#8211; naro\u010dito dr\u017eavni sekretar Marko Rubio &#8211; ali ima i nekoliko dobrih, \u010dija imena bi najbolje bilo ne pominjati &#8211; naveo je D\u017eatras.<\/p>\n<p>Komentari\u0161u\u0107i Trampov govor na inauguraciji, D\u017eatras je napomenuo da ono \u0161to je govorio ameri\u010dki predsjednik u ve\u0107oj mjeri ukazuje na njegovu \u017eelju da se kre\u0107e u drugom pravcu, ka politici zasnovanoj na nacionalnim interesima, ali da je naglasio &#8222;izuzetnu&#8220; prirodu SAD, \u0161to usmjerava na prekomjerne privilegije koje su SAD tra\u017eile u odnosu na druge sile nakon raspada Sovjetskog Saveza.<\/p>\n","protected":false},"excerpt":{"rendered":"<p>Srna | 22. januar 2025. godine &#8211; D\u017eatras: Ako Rusija pobjedi, Srpska \u0107e dobiti prostor da zastupa svoje interese Izgledi odnosa Republike Srpske i SAD u budu\u0107nosti najvi\u0161e \u0107e zavisiti od toga \u0161ta \u0107e se sljede\u0107e dogoditi u Ukrajini, jer \u0107e Srpska imati vi\u0161e prostora za zastupanje svojih interesa u slu\u010daju odlu\u010dne pobjede Rusije u&#8230;<\/p>\n","protected":false},"author":4,"featured_media":16387,"comment_status":"closed","ping_status":"closed","sticky":false,"template":"","format":"standard","meta":[],"categories":[44],"tags":[98],"_links":{"self":[{"href":"https:\/\/predstavnistvorsbg.rs\/sr-Latn\/wp-json\/wp\/v2\/posts\/16392"}],"collection":[{"href":"https:\/\/predstavnistvorsbg.rs\/sr-Latn\/wp-json\/wp\/v2\/posts"}],"about":[{"href":"https:\/\/predstavnistvorsbg.rs\/sr-Latn\/wp-json\/wp\/v2\/types\/post"}],"author":[{"embeddable":true,"href":"https:\/\/predstavnistvorsbg.rs\/sr-Latn\/wp-json\/wp\/v2\/users\/4"}],"replies":[{"embeddable":true,"href":"https:\/\/predstavnistvorsbg.rs\/sr-Latn\/wp-json\/wp\/v2\/comments?post=16392"}],"version-history":[{"count":1,"href":"https:\/\/predstavnistvorsbg.rs\/sr-Latn\/wp-json\/wp\/v2\/posts\/16392\/revisions"}],"predecessor-version":[{"id":16393,"href":"https:\/\/predstavnistvorsbg.rs\/sr-Latn\/wp-json\/wp\/v2\/posts\/16392\/revisions\/16393"}],"wp:featuredmedia":[{"embeddable":true,"href":"https:\/\/predstavnistvorsbg.rs\/sr-Latn\/wp-json\/wp\/v2\/media\/16387"}],"wp:attachment":[{"href":"https:\/\/predstavnistvorsbg.rs\/sr-Latn\/wp-json\/wp\/v2\/media?parent=16392"}],"wp:term":[{"taxonomy":"category","embeddable":true,"href":"https:\/\/predstavnistvorsbg.rs\/sr-Latn\/wp-json\/wp\/v2\/categories?post=16392"},{"taxonomy":"post_tag","embeddable":true,"href":"https:\/\/predstavnistvorsbg.rs\/sr-Latn\/wp-json\/wp\/v2\/tags?post=16392"}],"curies":[{"name":"wp","href":"https:\/\/api.w.org\/{rel}","templated":true}]}}