{"id":16610,"date":"2025-02-19T15:04:15","date_gmt":"2025-02-19T14:04:15","guid":{"rendered":"https:\/\/predstavnistvorsbg.rs\/?p=16610"},"modified":"2025-02-19T15:04:15","modified_gmt":"2025-02-19T14:04:15","slug":"u-cetvrtak-promocija-turisticke-ponude-laktasa-i-visegrada","status":"publish","type":"post","link":"https:\/\/predstavnistvorsbg.rs\/sr-Latn\/najava-dogadjaja-sr-latn\/u-cetvrtak-promocija-turisticke-ponude-laktasa-i-visegrada\/","title":{"rendered":"U \u010detvrtak promocija turisti\u010dke ponude Lakta\u0161a i Vi\u0161egrada"},"content":{"rendered":"<p>Prvog dana 46. Me\u0111unarodnog sajma turizma, u <strong>\u010detvrtak, 20. februara<\/strong>, \u00a0na\u00a0 reprezentativnom \u0161tandu Turisti\u010dke organizacije Republike Srpske i Predstavni\u0161tva Republike Srpske u Srbiji,\u00a0 kao i\u00a0 na \u0161tandovima lokalnih turisti\u010dkih organizacija i subjekata predstavi\u0107e se turisti\u010dka ponuda i potencijali Republike Srpske.<\/p>\n<p>Na\u00a0 reprezentativnom \u0161tandu TORS-a i Predstavni\u0161tva od 13 do 14 sati bi\u0107e odr\u017eana projekcija promotivnih filmova turisti\u010dke ponude Grada Lakta\u0161i (Banja Slatina, Banja Lakta\u0161i, \u0110edova rakija) i prezentacija \u0110edove rakije, dok \u0107e od 14.30 do 14.50 biti odr\u017eana promocija turisti\u010dkih manifestacija Op\u0161tine Vi\u0161egrad u 2025. godini.<\/p>\n<p>Prvog dana 46. Me\u0111unarodnog sajma turizma o\u010dekuje se prisustvo v.d. direktora TORS-a Kostadina Vasi\u0107a i drugih poslenika turisti\u010dke privrede Republike Srpske.<\/p>\n<p>Od 20. do 23. februara na 46. Me\u0111unarodnom sajmu turizma na jednom mjestu bi\u0107e predstavljena turisti\u010dka ponuda Republike Srpske u Hali 1 na ukupno izgra\u0111enom prostoru od 350 m2.<\/p>\n<p>Samostalno \u0107e se u okviru jedinstvenog prostora Republike Srpske na 278m2 na svojim \u0161tandovima predstaviti turisti\u010dke organizacije: Trebinja, Isto\u010dnog Sarajeva (Jahorine), Bijeljine, Vi\u0161egrada, Doboja, Br\u010dko distrikta, Nacionalnog parka \u201eKozara\u201c i banje Republike Srpske.<\/p>\n<p>TORS i Predstavni\u0161tvo Republike Srpske u Srbiji na\u00a0 reprezentativnom \u0161tandu od 72 m2 predstavi\u0107e \u00a0veliki broj lokalnih turisti\u010dkih organizacija, kao i druge privredne subjekte koji se bave pru\u017eanjem usluga u turizmu.<\/p>\n<p>Nastup na ovom sajmu je od velikog interesa za Republiku Srpsku, jer najve\u0107i broj posjetilaca i turista u Srpsku dolazi upravo iz Republike Srbije.<\/p>\n<p>Radno vrijeme za posjetioce 46. Me\u0111unarodnog sajma turizma je 20, 21. i 22. februara od 10 do 19 sati, a 23. februara od 10 do 18 sati.<\/p>\n","protected":false},"excerpt":{"rendered":"<p>Prvog dana 46. Me\u0111unarodnog sajma turizma, u \u010detvrtak, 20. februara, \u00a0na\u00a0 reprezentativnom \u0161tandu Turisti\u010dke organizacije Republike Srpske i Predstavni\u0161tva Republike Srpske u Srbiji,\u00a0 kao i\u00a0 na \u0161tandovima lokalnih turisti\u010dkih organizacija i subjekata predstavi\u0107e se turisti\u010dka ponuda i potencijali Republike Srpske. Na\u00a0 reprezentativnom \u0161tandu TORS-a i Predstavni\u0161tva od 13 do 14 sati bi\u0107e odr\u017eana projekcija promotivnih&#8230;<\/p>\n","protected":false},"author":4,"featured_media":0,"comment_status":"closed","ping_status":"closed","sticky":false,"template":"","format":"standard","meta":[],"categories":[57],"tags":[98],"_links":{"self":[{"href":"https:\/\/predstavnistvorsbg.rs\/sr-Latn\/wp-json\/wp\/v2\/posts\/16610"}],"collection":[{"href":"https:\/\/predstavnistvorsbg.rs\/sr-Latn\/wp-json\/wp\/v2\/posts"}],"about":[{"href":"https:\/\/predstavnistvorsbg.rs\/sr-Latn\/wp-json\/wp\/v2\/types\/post"}],"author":[{"embeddable":true,"href":"https:\/\/predstavnistvorsbg.rs\/sr-Latn\/wp-json\/wp\/v2\/users\/4"}],"replies":[{"embeddable":true,"href":"https:\/\/predstavnistvorsbg.rs\/sr-Latn\/wp-json\/wp\/v2\/comments?post=16610"}],"version-history":[{"count":1,"href":"https:\/\/predstavnistvorsbg.rs\/sr-Latn\/wp-json\/wp\/v2\/posts\/16610\/revisions"}],"predecessor-version":[{"id":16611,"href":"https:\/\/predstavnistvorsbg.rs\/sr-Latn\/wp-json\/wp\/v2\/posts\/16610\/revisions\/16611"}],"wp:attachment":[{"href":"https:\/\/predstavnistvorsbg.rs\/sr-Latn\/wp-json\/wp\/v2\/media?parent=16610"}],"wp:term":[{"taxonomy":"category","embeddable":true,"href":"https:\/\/predstavnistvorsbg.rs\/sr-Latn\/wp-json\/wp\/v2\/categories?post=16610"},{"taxonomy":"post_tag","embeddable":true,"href":"https:\/\/predstavnistvorsbg.rs\/sr-Latn\/wp-json\/wp\/v2\/tags?post=16610"}],"curies":[{"name":"wp","href":"https:\/\/api.w.org\/{rel}","templated":true}]}}