{"id":16886,"date":"2025-02-28T09:12:17","date_gmt":"2025-02-28T08:12:17","guid":{"rendered":"https:\/\/predstavnistvorsbg.rs\/?p=16886"},"modified":"2025-03-03T13:29:24","modified_gmt":"2025-03-03T12:29:24","slug":"ogoljena-antisrpska-politika","status":"publish","type":"post","link":"https:\/\/predstavnistvorsbg.rs\/sr-Latn\/u-fokusu-sr-latn\/ogoljena-antisrpska-politika\/","title":{"rendered":"Ogoljena antisrpska politika"},"content":{"rendered":"<p>Beogradski forum za svet ravnopravnih | 28.02.2025.g.<\/p>\n<p>&#8211; <strong>Saop\u0161tenje povodom politi\u010dkog progona predsednika RS Milorada Dodika<\/strong><\/p>\n<p>Beogradski forum za svet ravnopravnih najo\u0161trije osu\u0111uje protivustavan politi\u010dki progon Predsednika Republike Srpske Milorada Dodika, montirani proces kvazi-suda u Sarajevu, po direktivi Kristijana \u0160mita, nelegalnog, samoprogla\u0161enog Visokog predstavnika. Forum poziva sve odgovorne \u010dinioce u BiH i na me\u0111unarodnom planu, na dijalog u cilju zaustavljanja politi\u010dkog progona predsednika Dodika, zaustavljanja eskalacije nepoverenja i napetosti.<\/p>\n<p>Nazovi sud BiH nije deo ustavnog sistema utvr\u0111enog Dejtonsko-pariskim sporazumom i ne mo\u017ee odlu\u010divati o radu ustavnih institucija RS. Kristijan \u0160mit nije Visoki predstavnik, potvr\u0111en odlukom Saveta bezbednosti UN. Prema tome, on nije izvor prava, ne mo\u017ee da nara\u0111uje \u0161ta je \u010dija imovina ili ko za \u0161ta odgovara u zemlji ravnopravnoj \u010dlanici UN i OEBS.<\/p>\n<p>Politi\u010dki progon Predsednika Milorada Dodika je izraz ogoljene anti-srpske politike, revan\u0161izma i neokolonijalnog mentaliteta kome smeta ravnopravnst Republike Srpske, Srbije i srpskog naroda. Vreme geopolitike ekspanzije, dominacije i neokolonijalizma je stvar pro\u0161losti. Niko u svetu vi\u0161e ne prihvata tutorstvo stranih gaulajtera pa ni srpski narod.<\/p>\n<p>Strani Visoki predstavnik je anahronizam koji treba hitno ukinuti.<\/p>\n<p>Beogradski forum se pridru\u017euje apelima za jedinstvo srpskog naroda u pru\u017eanju odlu\u010dne podr\u0161ke legitimnom Predsedniku RS Miloradu Dodiku i njegovoj principijelnoj odbrani ustavnog poretka.<\/p>\n<p>Srbija, kao garant Dejtonsko-Pariskog sporazuma i Republika Srpska, u saradnji sa prijateljskim zemljama, treba da razmotre pokretanje odgovaraju\u0107e inicijative kako bi SB UN sve odluke Kristijana \u0160mita i formalno proglasio neustavnim i ni\u0161tavnim. Izvorne ustavne nadle\u017enosti Republike Srpske oduzete politikom svr\u0161enih \u010dinova, pritiscima i manipulacijama treba da vrati institucijama RS, a sve strane pozvati da otvorena pitanja re\u0161avaju dijalogom, po\u0161tovanjem i doslednim sprovo\u0111enjem Dejtonsko-Pariskog sporazuma.<\/p>\n","protected":false},"excerpt":{"rendered":"<p>Beogradski forum za svet ravnopravnih | 28.02.2025.g. &#8211; Saop\u0161tenje povodom politi\u010dkog progona predsednika RS Milorada Dodika Beogradski forum za svet ravnopravnih najo\u0161trije osu\u0111uje protivustavan politi\u010dki progon Predsednika Republike Srpske Milorada Dodika, montirani proces kvazi-suda u Sarajevu, po direktivi Kristijana \u0160mita, nelegalnog, samoprogla\u0161enog Visokog predstavnika. Forum poziva sve odgovorne \u010dinioce u BiH i na me\u0111unarodnom planu,&#8230;<\/p>\n","protected":false},"author":2,"featured_media":15757,"comment_status":"closed","ping_status":"closed","sticky":false,"template":"","format":"standard","meta":[],"categories":[44],"tags":[98],"_links":{"self":[{"href":"https:\/\/predstavnistvorsbg.rs\/sr-Latn\/wp-json\/wp\/v2\/posts\/16886"}],"collection":[{"href":"https:\/\/predstavnistvorsbg.rs\/sr-Latn\/wp-json\/wp\/v2\/posts"}],"about":[{"href":"https:\/\/predstavnistvorsbg.rs\/sr-Latn\/wp-json\/wp\/v2\/types\/post"}],"author":[{"embeddable":true,"href":"https:\/\/predstavnistvorsbg.rs\/sr-Latn\/wp-json\/wp\/v2\/users\/2"}],"replies":[{"embeddable":true,"href":"https:\/\/predstavnistvorsbg.rs\/sr-Latn\/wp-json\/wp\/v2\/comments?post=16886"}],"version-history":[{"count":3,"href":"https:\/\/predstavnistvorsbg.rs\/sr-Latn\/wp-json\/wp\/v2\/posts\/16886\/revisions"}],"predecessor-version":[{"id":16894,"href":"https:\/\/predstavnistvorsbg.rs\/sr-Latn\/wp-json\/wp\/v2\/posts\/16886\/revisions\/16894"}],"wp:featuredmedia":[{"embeddable":true,"href":"https:\/\/predstavnistvorsbg.rs\/sr-Latn\/wp-json\/wp\/v2\/media\/15757"}],"wp:attachment":[{"href":"https:\/\/predstavnistvorsbg.rs\/sr-Latn\/wp-json\/wp\/v2\/media?parent=16886"}],"wp:term":[{"taxonomy":"category","embeddable":true,"href":"https:\/\/predstavnistvorsbg.rs\/sr-Latn\/wp-json\/wp\/v2\/categories?post=16886"},{"taxonomy":"post_tag","embeddable":true,"href":"https:\/\/predstavnistvorsbg.rs\/sr-Latn\/wp-json\/wp\/v2\/tags?post=16886"}],"curies":[{"name":"wp","href":"https:\/\/api.w.org\/{rel}","templated":true}]}}