{"id":18099,"date":"2025-05-28T09:33:31","date_gmt":"2025-05-28T07:33:31","guid":{"rendered":"https:\/\/predstavnistvorsbg.rs\/?p=18099"},"modified":"2025-05-29T11:18:19","modified_gmt":"2025-05-29T09:18:19","slug":"vladimiru-kecmanovicu-urucena-prosvjetina-svetosavska-povelja","status":"publish","type":"post","link":"https:\/\/predstavnistvorsbg.rs\/sr-Latn\/prethodni-dogadjaji-sr-latn\/vladimiru-kecmanovicu-urucena-prosvjetina-svetosavska-povelja\/","title":{"rendered":"Vladimiru \u041aecmanovi\u0107u uru\u010dena \u201eProsvjetina\u201c Svetosavska Povelja"},"content":{"rendered":"<p>Piscu, pjesniku i scenaristi Vladimiru \u041aecmanovi\u0107u, rodom iz Sarajeva, danas je u Beogradu uru\u010dena Svetosavska Povelja Srpskog prosvjetnog i kulturnog dru\u0161tva (SP\u041aD) \u201eProsvjeta\u201c koja je ustanovljena kako bi se prepoznali i nagradili djelatnici koji svojim stvarala\u0161tvom daju veliki doprinos realizaciji \u201eProsvjetinih\u201c zadataka.<\/p>\n<p><img loading=\"lazy\" class=\"aligncenter wp-image-18081 size-full\" title=\"Vladimiru \u041aecmanovi\u0107u, piscu, pjesniku i scenaristi, uru\u010dena je Svetosavska Povelja Srpskog prosvjetnog i kulturnog dru\u0161tva \/SP\u041aD\/ \u201eProsvjeta\u201d\" src=\"https:\/\/predstavnistvorsbg.rs\/wp-content\/uploads\/2025\/05\/povelja_v_kecmanovic2.jpg\" alt=\"Vladimiru \u041aecmanovi\u0107u, piscu, pjesniku i scenaristi, uru\u010dena je Svetosavska Povelja Srpskog prosvjetnog i kulturnog dru\u0161tva \/SP\u041aD\/ \u201eProsvjeta\u201d\" width=\"1024\" height=\"630\" srcset=\"https:\/\/predstavnistvorsbg.rs\/wp-content\/uploads\/2025\/05\/povelja_v_kecmanovic2.jpg 1024w, https:\/\/predstavnistvorsbg.rs\/wp-content\/uploads\/2025\/05\/povelja_v_kecmanovic2-300x185.jpg 300w\" sizes=\"(max-width: 1024px) 100vw, 1024px\" \/><\/p>\n<p>Povelju u Pres-centru Udru\u017eenja novinara Srbije uru\u010dio je predsjednik beogradskog ogranka SP\u041aD \u201eProsvjeta\u201c Milimir Mu\u010dibabi\u0107, koji je ujedno prenio \u041aecmanovi\u0107u i \u010destitke i pozdrave Emira \u041austurice, jednog od dobitnika ove, kako je rekao ovaj proslavljeni re\u017eiser, najpresti\u017enije nagrade koju je do sada dobio.<\/p>\n<p><img loading=\"lazy\" class=\"aligncenter wp-image-18084 size-full\" title=\"Vladimir \u041aecmanovi\u0107, pisac, pjesnik i scenarista dobitnik Svetosavske Povelje Srpskog prosvjetnog i kulturnog dru\u0161tva \/SP\u041aD\/ \u201eProsvjeta\u201d\" src=\"https:\/\/predstavnistvorsbg.rs\/wp-content\/uploads\/2025\/05\/povelja_v_kecmanovic3.jpg\" alt=\"Vladimir \u041aecmanovi\u0107, pisac, pjesnik i scenarista dobitnik Svetosavske Povelje Srpskog prosvjetnog i kulturnog dru\u0161tva \/SP\u041aD\/ \u201eProsvjeta\u201d\" width=\"1024\" height=\"682\" srcset=\"https:\/\/predstavnistvorsbg.rs\/wp-content\/uploads\/2025\/05\/povelja_v_kecmanovic3.jpg 1024w, https:\/\/predstavnistvorsbg.rs\/wp-content\/uploads\/2025\/05\/povelja_v_kecmanovic3-300x200.jpg 300w\" sizes=\"(max-width: 1024px) 100vw, 1024px\" \/><\/p>\n<p>Zahvaljuju\u0107i za priznanje, \u041aecmanovi\u0107 je napomenuo da su SP\u041aD\u00a0 \u201eProsvjeta\u201c osnovali prije 123 godine tada\u0161nji srpski velikani sa ciljem da afirmi\u0161e ideju jedinstva srpskog naroda koji je tada, ne svojom voljom, bio podijeljen na vi\u0161e dr\u017eava.<\/p>\n<p>On je ukazao da se srpski narod i danas su\u0161tinski nalazi u istoj, ako ne i goroj situaciji, te da je samim tim potreba za radom u kulturi i na integraciji Srba mo\u017eda i ve\u0107a.<\/p>\n<p>\u041aecmanovi\u0107 je rekao da postojanje SP\u041aD \u201eProsvjeta\u201c daje nadu da \u0107e borba za srpsku kulturu i integraciju biti uspje\u0161na, te da mu je velika \u010dast \u0161to je ovu nagradu dobio nakon prethodnih laureata \u2013 velikana i da mu uliva vjeru da ono \u0161to je do sada napisao i \u010dinio ima smisao.<\/p>\n<p><img loading=\"lazy\" class=\"aligncenter wp-image-18087 size-full\" title=\"Prof. Milimir Mu\u010dibabi\u0107, predsjednik beogradskog ogranka SP\u041aD \u201eProsvjeta\u201d\" src=\"https:\/\/predstavnistvorsbg.rs\/wp-content\/uploads\/2025\/05\/povelja_v_kecmanovic4.jpg\" alt=\"Prof. Milimir Mu\u010dibabi\u0107, predsjednik beogradskog ogranka SP\u041aD \u201eProsvjeta\u201d\" width=\"1024\" height=\"641\" srcset=\"https:\/\/predstavnistvorsbg.rs\/wp-content\/uploads\/2025\/05\/povelja_v_kecmanovic4.jpg 1024w, https:\/\/predstavnistvorsbg.rs\/wp-content\/uploads\/2025\/05\/povelja_v_kecmanovic4-300x188.jpg 300w\" sizes=\"(max-width: 1024px) 100vw, 1024px\" \/><\/p>\n<p>Mu\u010dibabi\u0107 je istakao da su \u041aecmanovi\u0107eva djela prekretni\u010dka pojava u knji\u017eevnosti, te podsjetio na njegov bogat knji\u017eevni opus \u2013 od proze, preko poezije, do pisanja scenarija za filmove i serije (roman \u201eTop je bio vreo\u201c, serije \u201eFeliks\u201c i \u201eSjenke nad Balkanom\u201c&#8230;), kao i na brojne nagrade i priznanja koja je primio (Andri\u0107eva, \u0106opi\u0107eva, Me\u0161e Selimovi\u0107a&#8230;).<\/p>\n<p>On je naveo da se u djelima \u041aecmanovi\u0107a prepoznaje svetosavski obrazac, koji je u temeljima \u201eProsvjete\u201c, a da je njegov roman \u201eTop je bio vreo\u201c koji je preveden na vi\u0161e jezika, po mnogo \u010demu remek djelo, te naglasio da se u mra\u010dnim vremenima moraju pisati velika djela, kao \u0161to to radi ovaj pisac.<\/p>\n<p>Mu\u010dibabi\u0107 je istakao da se \u041aecmanovi\u0107 kao dobitnik ove nagrade pridru\u017eio \u201ereprezentaciji prvog reda\u201c kao \u0161to su predsjednik Republike Srpske Milorad Dodik, mitropoliti Amfilohije i Joanikije, akademik Matija Be\u0107kovi\u0107, proslavljeni re\u017eiser Emir \u041austurica, teniski as Novak \u0110okovi\u0107 i humanitarac Arno Gujon.<\/p>\n<p>On je napomenuo da je u temelju \u201eProsvjete\u201c, koju su osnovali Srbi u Sarajevu kako bi sa\u010duvali svoj identitet, jezik i kulturu i oduprli se Austrugarskoj, svetosavlje, ideal slobode, pravde, stradanja, pra\u0161tanja i srpske duhovnosti.<\/p>\n<p>Mu\u010dibabi\u0107 je rekao da u ovom svijetu manipulacija razni \u201eusre\u0107itelji\u201c savjetuju Srbe da zaborave pro\u0161lost, dok ih istovremeno optu\u017euju za ratove i navodni genocid, a pri tome im razgra\u0111uju srpsku dr\u017eavu, otimaju zemlju i jezik.<\/p>\n<p>On je naglasio da je du\u017enost srpskog naroda da se bori protiv revizije istorije i za brigu o svojoj kulturi, pismu, jeziku i vjeri.<\/p>\n<p><img loading=\"lazy\" class=\"aligncenter wp-image-18090 size-full\" title=\"Mla\u0111en Cicovi\u0107, \u0161ef Predstavni\u0161tva Republike Srpske u Srbiji\" src=\"https:\/\/predstavnistvorsbg.rs\/wp-content\/uploads\/2025\/05\/povelja_v_kecmanovic5.jpg\" alt=\"Mla\u0111en Cicovi\u0107, \u0161ef Predstavni\u0161tva Republike Srpske u Srbiji\" width=\"1024\" height=\"638\" srcset=\"https:\/\/predstavnistvorsbg.rs\/wp-content\/uploads\/2025\/05\/povelja_v_kecmanovic5.jpg 1024w, https:\/\/predstavnistvorsbg.rs\/wp-content\/uploads\/2025\/05\/povelja_v_kecmanovic5-300x187.jpg 300w\" sizes=\"(max-width: 1024px) 100vw, 1024px\" \/><\/p>\n<p>\u0160ef Predstavni\u0161tva Republike Srpske u Srbiji Mla\u0111en Cicovi\u0107 je istakao da je za Predstavni\u0161tvo \u010dast \u0161to daje podr\u0161ku \u201eProsvjeti\u201c, koja se bavi veoma va\u017enim temama u trenutku kad su i Srbija i Republika Srpska izlo\u017eeni velikim pritiscima i isku\u0161enjima.<\/p>\n<p>On je rekao da je SP\u041aD \u201eProsvjeta\u201c svoje aktivnosti usmjerila na identitetske teme, koje su u ovom trenutku posebno va\u017ene, kaki bi srpski narod razumio da, ako sa\u010duva svoj identitet, kulturu, tradiciju, obi\u010daje, srpski jezik, \u0107irilicu i vjeru pravoslavnu, onda \u0107e na najbolji na\u010din znati i da defini\u0161e i svoju budu\u0107nost i razvoj Srbije i Srpske.<\/p>\n<p>Cicovi\u0107 je podsjetio da je beogradski ogranak \u201eProsvjete\u201c od svog osnivanja u Beogradu okupio ugledne Srbe, koji su dali pe\u010dat i ostavili trag u srpskoj kulturi, nauci i umjetnosti.<\/p>\n<p>\u201eSvaki put kad je `Prosvjeta` dodijelila nekome povelju, skrenula je pa\u017enju na na\u0161e istaknute nau\u010dnike, umjetnike na\u0161e, djelatnike koji su u funkciji na\u0161eg opstanka i na\u0161e budu\u0107nosti na ovim prostorima\u201c, rekao je Cicovi\u0107, koji je rekao da \u0107e Predstavni\u0161tvo nastaviti da podr\u017eava \u201eProsvjetu\u201c u Beogradu.<\/p>\n<p>SP\u041aD \u201eProsvjeta\u201c osnovano je 1902. godine u Sarajevu s ciljem da, naveo je on, u okupiranoj BiH, izme\u0111u ostalog, radi na \u0161irenju svetosavske prosvjetiteljske tradicije i o\u010duvanju srpskog jezika, pisma i kulture.<\/p>\n<p><img loading=\"lazy\" class=\"aligncenter wp-image-18093 size-full\" title=\"U Pres-centru Udru\u017eenja novinara Srbije na dodjeli Svetosavske Povelje Srpskog prosvjetnog i kulturnog dru\u0161tva \/SP\u041aD\/ \u201eProsvjeta\u201d Vladimiru \u041aecmanovi\u0107u, piscu, pjesniku i scenaristi\" src=\"https:\/\/predstavnistvorsbg.rs\/wp-content\/uploads\/2025\/05\/povelja_v_kecmanovic6.jpg\" alt=\"U Pres-centru Udru\u017eenja novinara Srbije na dodjeli Svetosavske Povelje Srpskog prosvjetnog i kulturnog dru\u0161tva \/SP\u041aD\/ \u201eProsvjeta\u201d Vladimiru \u041aecmanovi\u0107u, piscu, pjesniku i scenaristi\" width=\"1024\" height=\"682\" srcset=\"https:\/\/predstavnistvorsbg.rs\/wp-content\/uploads\/2025\/05\/povelja_v_kecmanovic6.jpg 1024w, https:\/\/predstavnistvorsbg.rs\/wp-content\/uploads\/2025\/05\/povelja_v_kecmanovic6-300x200.jpg 300w\" sizes=\"(max-width: 1024px) 100vw, 1024px\" \/><\/p>\n<p>Odbor S\u041aPD \u201eProsvjeta\u201c u Beogradu osnovan je 2015. godine i ove godine obilje\u017eava deset godina postojanja i djelovanja.<\/p>\n<p>Predstavni\u0161tvo Republike Srpske u Srbiji od osnivanja beogradske \u201eProsvjete\u201c pru\u017ea punu podr\u0161ku svim njenim aktivnostima.<\/p>\n","protected":false},"excerpt":{"rendered":"<p>Piscu, pjesniku i scenaristi Vladimiru \u041aecmanovi\u0107u, rodom iz Sarajeva, danas je u Beogradu uru\u010dena Svetosavska Povelja Srpskog prosvjetnog i kulturnog dru\u0161tva (SP\u041aD) \u201eProsvjeta\u201c koja je ustanovljena kako bi se prepoznali i nagradili djelatnici koji svojim stvarala\u0161tvom daju veliki doprinos realizaciji \u201eProsvjetinih\u201c zadataka. Povelju u Pres-centru Udru\u017eenja novinara Srbije uru\u010dio je predsjednik beogradskog ogranka SP\u041aD \u201eProsvjeta\u201c&#8230;<\/p>\n","protected":false},"author":4,"featured_media":18080,"comment_status":"closed","ping_status":"closed","sticky":false,"template":"","format":"standard","meta":[],"categories":[56],"tags":[98],"_links":{"self":[{"href":"https:\/\/predstavnistvorsbg.rs\/sr-Latn\/wp-json\/wp\/v2\/posts\/18099"}],"collection":[{"href":"https:\/\/predstavnistvorsbg.rs\/sr-Latn\/wp-json\/wp\/v2\/posts"}],"about":[{"href":"https:\/\/predstavnistvorsbg.rs\/sr-Latn\/wp-json\/wp\/v2\/types\/post"}],"author":[{"embeddable":true,"href":"https:\/\/predstavnistvorsbg.rs\/sr-Latn\/wp-json\/wp\/v2\/users\/4"}],"replies":[{"embeddable":true,"href":"https:\/\/predstavnistvorsbg.rs\/sr-Latn\/wp-json\/wp\/v2\/comments?post=18099"}],"version-history":[{"count":3,"href":"https:\/\/predstavnistvorsbg.rs\/sr-Latn\/wp-json\/wp\/v2\/posts\/18099\/revisions"}],"predecessor-version":[{"id":18114,"href":"https:\/\/predstavnistvorsbg.rs\/sr-Latn\/wp-json\/wp\/v2\/posts\/18099\/revisions\/18114"}],"wp:featuredmedia":[{"embeddable":true,"href":"https:\/\/predstavnistvorsbg.rs\/sr-Latn\/wp-json\/wp\/v2\/media\/18080"}],"wp:attachment":[{"href":"https:\/\/predstavnistvorsbg.rs\/sr-Latn\/wp-json\/wp\/v2\/media?parent=18099"}],"wp:term":[{"taxonomy":"category","embeddable":true,"href":"https:\/\/predstavnistvorsbg.rs\/sr-Latn\/wp-json\/wp\/v2\/categories?post=18099"},{"taxonomy":"post_tag","embeddable":true,"href":"https:\/\/predstavnistvorsbg.rs\/sr-Latn\/wp-json\/wp\/v2\/tags?post=18099"}],"curies":[{"name":"wp","href":"https:\/\/api.w.org\/{rel}","templated":true}]}}