{"id":20628,"date":"2025-12-05T10:01:04","date_gmt":"2025-12-05T09:01:04","guid":{"rendered":"https:\/\/predstavnistvorsbg.rs\/?p=20628"},"modified":"2025-12-03T12:05:26","modified_gmt":"2025-12-03T11:05:26","slug":"iskorak-iz-pat-pozicije-ili-put-u-neizvesnost","status":"publish","type":"post","link":"https:\/\/predstavnistvorsbg.rs\/sr-Latn\/u-fokusu-sr-latn\/iskorak-iz-pat-pozicije-ili-put-u-neizvesnost\/","title":{"rendered":"Iskorak iz pat-pozicije ili put u neizvesnost?"},"content":{"rendered":"<p>Milomir Stepi\u0107 | 05.12.2025.g. \u2013 Autorizovano izlaganje na tribini \u201eNova faza odnosa u BiH: \u0161ta stoji iza dogovora Va\u0161ingtona i Dodika?\u201c, odr\u017eanoj 26.11.2025. u Pres centru UNS-a &#8211;<\/p>\n<p>Proti\u010du burni doga\u0111aji s kraja oktobra i tokom novembra 2025, te se po svoj prilici ulazi u period \u201esmirivanja tla\u201c posle \u201epoliti\u010dkog zemljotresa\u201c \u2013 Dodikovog demisioniranja u zamenu za ukidanje sankcija njemu, njegovim saradnicima i nekim pravnim subjektima. I dalje ostaje pitanje ulo\u017eenog i profita: za njega li\u010dno i naro\u010dito za Republiku Srpsku.<\/p>\n<p><strong>Indikatori<\/strong><\/p>\n<p>\u201e\u010citanje izme\u0111u redova\u201c upu\u0107uje na neke \u2013 istina, nesigurne \u2013zaklju\u010dke, pretpostavke i pokazatelje. Ima ih vi\u0161e, ali se izdvajaju tri:<\/p>\n<ol>\n<li><em>\u0160mit<\/em> \u2013 \u0160mit se primirio, a tek \u0107e se videti na koju stranu \u0107e to prevagnuti. Da li ka njegovom samo privremenom smirivanju, da bi potom usledili novi udari na status Republike Srpske ili, pak, ka obesmi\u0161ljavanju njegove uloge i \u010dak (in)direktnom povla\u010denju. Mo\u017eda i ka ukidanju OHR-a i visokih predstavnika, koji su od 1995. doneli 166 zakona i 900 odluka, te od 1997. kori\u0161\u0107enjem tzv. Bonskih ovla\u0161\u0107enja prili\u010dno razvlastili Republiku Srpsku, oduzimaju\u0107i joj 83 nadle\u017enosti i prenose\u0107i ih na nivo BiH.<\/li>\n<\/ol>\n<p>U tom kontekstu, indikativno je razo\u010daranje i, \u0161tavi\u0161e, bes politi\u010dki \u201erazma\u017eenog\u201c muslimanskog\/bo\u0161nja\u010dkog korpusa koji je o\u010dekivao da \u0107e u re\u017eiji pravih ili la\u017enih visokih predstavnika i institucija formiranih mimo \u201eDejtona\u201c (prvenstveno Suda BiH i Ustavnog suda BiH) do\u0107i do \u201esamo svoje BiH\u201c.<\/p>\n<ol start=\"2\">\n<li><em>Dejton<\/em> \u2013 Obele\u017eeno je i tri decenije od Op\u0161teg okvirnog sporazuma za mir u BiH (Dejtonskog sporazuma) brojnim manje ili vi\u0161e pristrasnim manifestacijama, medijskim nastupima i tekstovima. Karakteristi\u010dna je bila Me\u0111unarodna nau\u010dna konferencija \u201eTrideset godina Dejtonskog mirovnog sporazuma: dosezi u izgradnji mira i funkcionalne dr\u017eave\u201c, odr\u017eana 18-19. novembra 2025, u organizaciji Akademije nauka i umjetnosti BiH iz Sarajeva i Univerziteta u Sarajevu.<\/li>\n<\/ol>\n<p>Crvena nit koja se provla\u010dila kroz ve\u0107inu referata bila je tragikomi\u010dna i daleko od realnosti: \u010dinila su je notorna zalaganja za navodnu funkcionalnost BiH i njen put u EU i NATO, \u010dime se otvoreno dodvoravalo Zapadu, a neve\u0161to prikrivale unitaristi\u010dke i hegemonisti\u010dke te\u017enje \u201epoliti\u010dkog Sarajeva\u201c, uz neizbe\u017eno osu\u0111ivanje Srbije i Republike Srpske.<\/p>\n<ol start=\"3\">\n<li><em>Izbori<\/em> \u2013 Nedavno su odr\u017eani iznu\u0111eni, prevremeni izbori za predsednika Republike Srpske. Prema preliminarnim, nezvani\u010dnim i nekompletnim rezultatima CIK-a pobedio je \u201eDodikov kandidat\u201c sa nepuna dva procentna poena prednosti \u2013 Sini\u0161a Karan iz SNSD-a sa 50,31% bio je ispred SDS-ovog Branka Blanu\u0161e sa 48,36%. Razlika nije bila velika s obzirom da je opozicioni lider pobedio sa velikom predno\u0161\u0107u u dva najve\u0107a i geopoliti\u010dki va\u017ena grada \u2013 glavnom, Banja Luci, i onom gde se sti\u010du isto\u010dno i zapadno \u201ekrilo\u201c Republike Srpske \u2013 Bijeljini. S druge strane, kandidat vladaju\u0107e stranke pobedio je u dvostruko vi\u0161e op\u0161tina nego SDS-ov \u2013 u 44 prema 20.<\/li>\n<\/ol>\n<p>Sa stanovi\u0161ta elektoralne (izborne) geografije do\u0161lo je do interesantnog i za strana\u010dke poslenikepa\u017enje vrednog obrta. U isto\u010dnom delu Republike Srpske, koji je va\u017eio za ba\u0161tinika desni\u010darske, pro\u010detni\u010dke tradicije, nekada sna\u017enom upori\u0161tu SDS-a, sa samo nekoliko op\u0161tina-izuzetaka, pobedio je Sini\u0161a Karan kao uzdanica levi\u010darske SNSD. U zapadnom delu, pak, u tradicionalno partizanskoj i levi\u010darskoj Krajini, koja se smatrala neprikosnovenim \u201ezabranom\u201c SNSD-a, politi\u010dki prodor u desetak prostranih i mnogoljudnih op\u0161tina i gradova pobedom Branka Blanu\u0161e u\u010dinio je SDS.<\/p>\n<p><strong>Dodik kao paradigma<\/strong><\/p>\n<p>Sve ovo predstavlja tek posredne naznake promena koje mogu da proisteknu iz dogovora SAD-Dodik, \u010diji su elementi razumljivo obavijeni tajnovito\u0161\u0107u. U svakom slu\u010daju, u\u010dinjen je prvi korak da se nasle\u0111ena duboka u\u0161an\u010denost prevazi\u0111e i odnosi pomere sa mrtve ta\u010dke. Iznena\u0111uju\u0107a je sama \u010dinjenica da su Amerikanci nekome kome su uveli sankcije ipak ih ukinuli, \u0161to se retko doga\u0111a i \u0161to dovoljno govori. Pri tome, njihovi zvani\u010dnici naglasili su da \u0107e re\u0161enja u BiH prepustiti lokalnim akterima i konstitutivnim narodima.<\/p>\n<p>Ne mora da zna\u010di da je to radikalna promena kursa njihovog \u201ediplomatskog nosa\u010da aviona\u201c, ali za po\u010detak je dovoljno. Ako to vodi zaustavljanju dalje devastacije \u201eDejtona\u201c \u2013 naro\u010dito muslimanskih\/bo\u0161nja\u010dkih unitaristi\u010dkih i hegemonisti\u010dkih te\u017enji \u2013 a cena bude prihvatljiva, nagodba \u0107e mo\u0107i da se oceni kao pozitivna. S druge strane, Republiku Srpsku mo\u017ee \u010dekati neizvesna budu\u0107nost, naro\u010dito ako u neku vrstu b-h vakuuma usled ratom iznu\u0111ene defanzive Rusije i dugoro\u010dnog pasivizovanja SAD bude poku\u0161ao da se intenzivnije infiltrira neko tre\u0107i.<\/p>\n<p><strong>Kandidati za \u201ekalifa umesto kalifa\u201c<\/strong><\/p>\n<p>Naravno, radi se prvenstveno o EU, koja \u0107e tako poku\u0161atida manifestuje naru\u0161eno jedinstvo, odnosno obnovi poljuljani kredibilitet. Nema\u010dka i Austrija odavno pola\u017eu ekskluzivno pravo da BiH dr\u017ee pod svojom \u201e\u0161apom\u201c, uz podr\u0161ku osvedo\u010denim geopoliti\u010dkim <em>eh-yu<\/em> \u201epodizvo\u0111a\u010dima\u201c Hrvatskoj, pa \u010dak i Sloveniji. Tu je i \u201ede\u017eurno\u201c Ujedinjeno Kraljevstvo, a da ne bi zaostajala \u2013 i Francuska. Ne zaboravimo regionalnu silu kojoj je rahmetli Alija BiH \u201eostavio u amanet\u201c \u2013 erdoganisti\u010dku Tursku i njene neoosmanisti\u010dki i panturkisti\u010dki profilisane ambicije u vidu Davutogluove \u201estrategijske dubine\u201c.<\/p>\n<p>U svakom slu\u010daju, \u201eDejton\u201c o\u010digledno ne mo\u017ee trajati do sudnjeg dana. Republika Srpska se mora spremati za postdejtonska vremena. Podrazumeva se \u2013 i Srbija.<\/p>\n","protected":false},"excerpt":{"rendered":"<p>Milomir Stepi\u0107 | 05.12.2025.g. \u2013 Autorizovano izlaganje na tribini \u201eNova faza odnosa u BiH: \u0161ta stoji iza dogovora Va\u0161ingtona i Dodika?\u201c, odr\u017eanoj 26.11.2025. u Pres centru UNS-a &#8211; Proti\u010du burni doga\u0111aji s kraja oktobra i tokom novembra 2025, te se po svoj prilici ulazi u period \u201esmirivanja tla\u201c posle \u201epoliti\u010dkog zemljotresa\u201c \u2013 Dodikovog demisioniranja u&#8230;<\/p>\n","protected":false},"author":2,"featured_media":20552,"comment_status":"closed","ping_status":"closed","sticky":false,"template":"","format":"standard","meta":[],"categories":[44],"tags":[98],"_links":{"self":[{"href":"https:\/\/predstavnistvorsbg.rs\/sr-Latn\/wp-json\/wp\/v2\/posts\/20628"}],"collection":[{"href":"https:\/\/predstavnistvorsbg.rs\/sr-Latn\/wp-json\/wp\/v2\/posts"}],"about":[{"href":"https:\/\/predstavnistvorsbg.rs\/sr-Latn\/wp-json\/wp\/v2\/types\/post"}],"author":[{"embeddable":true,"href":"https:\/\/predstavnistvorsbg.rs\/sr-Latn\/wp-json\/wp\/v2\/users\/2"}],"replies":[{"embeddable":true,"href":"https:\/\/predstavnistvorsbg.rs\/sr-Latn\/wp-json\/wp\/v2\/comments?post=20628"}],"version-history":[{"count":3,"href":"https:\/\/predstavnistvorsbg.rs\/sr-Latn\/wp-json\/wp\/v2\/posts\/20628\/revisions"}],"predecessor-version":[{"id":20637,"href":"https:\/\/predstavnistvorsbg.rs\/sr-Latn\/wp-json\/wp\/v2\/posts\/20628\/revisions\/20637"}],"wp:featuredmedia":[{"embeddable":true,"href":"https:\/\/predstavnistvorsbg.rs\/sr-Latn\/wp-json\/wp\/v2\/media\/20552"}],"wp:attachment":[{"href":"https:\/\/predstavnistvorsbg.rs\/sr-Latn\/wp-json\/wp\/v2\/media?parent=20628"}],"wp:term":[{"taxonomy":"category","embeddable":true,"href":"https:\/\/predstavnistvorsbg.rs\/sr-Latn\/wp-json\/wp\/v2\/categories?post=20628"},{"taxonomy":"post_tag","embeddable":true,"href":"https:\/\/predstavnistvorsbg.rs\/sr-Latn\/wp-json\/wp\/v2\/tags?post=20628"}],"curies":[{"name":"wp","href":"https:\/\/api.w.org\/{rel}","templated":true}]}}