{"id":20634,"date":"2025-12-05T13:01:46","date_gmt":"2025-12-05T12:01:46","guid":{"rendered":"https:\/\/predstavnistvorsbg.rs\/?p=20634"},"modified":"2026-02-12T13:19:31","modified_gmt":"2026-02-12T12:19:31","slug":"usvajanje-rezolucije-2795-2025-i-novo-pozicioniranje-clanica-saveta-bezbednosti-po-pitanju-bih","status":"publish","type":"post","link":"https:\/\/predstavnistvorsbg.rs\/sr-Latn\/u-fokusu-sr-latn\/usvajanje-rezolucije-2795-2025-i-novo-pozicioniranje-clanica-saveta-bezbednosti-po-pitanju-bih\/","title":{"rendered":"Usvajanje Rezolucije 2795 (2025) i novo pozicioniranje \u010dlanica Saveta bezbednosti po pitanju BiH"},"content":{"rendered":"<p>Du\u0161an Prorokovi\u0107 | 05.12.2025.g. \u2013 Autorizovano izlaganje na tribini \u201eNova faza odnosa u BiH: \u0161ta stoji iza dogovora Va\u0161ingtona i Dodika?\u201c, odr\u017eanoj 26.11.2025. u Pres centru UNS-a &#8211;<\/p>\n<p>Savet bezbednosti UN jednoglasno je usvojio 31. oktobra 2025. godine Rezoluciju 2795 kojom se produ\u017eava mandat vojne misije predvo\u0111ene Evropskom unijom za stabilizaciju Bosne i Hercegovine (EuropeanUnion-ledStabilizationForceinBosniaandHerzegovina). Dokument \u0161tur po sadr\u017eaju i kratak po formi govori da \u0107e EUFOR jo\u0161 godinu dana pomagati u sprovo\u0111enju vojnih aspekata koji se ti\u010du me\u0111uentitetske granice i srodnih pitanja vezanih za Dejtonski sporazum. Reklo bi se kako je ova odluka rutinska i da ne zaslu\u017euje opse\u017eniju analizu, no ako se u obzir uzmu i prate\u0107a izlaganja predstavnika stalnih i nestalnih \u010dlanica Saveta bezbednosti, ispostavlja se da prisustvujemo oblikovanju neke nove realnosti. Najzanimljivija stvar je odnos izme\u0111u SAD i evropskih dr\u017eava, koji poprima druga\u010diji karakter nego ranije. Sa strane SAD istaknuto je da su sankcije zvani\u010dnicima Republike Srpske ukinute u cilju deeskalacije, kao i da se vi\u0161e ne\u0107e te\u017eiti \u201ete\u0161koj me\u0111unarodnoj intervenciji\u201c. Ovakav stav korespondira sa ranijim najavama direktorke ameri\u010dke Nacionalne obave\u0161tajne agencije Tulsi Galbard o promeni kursa i zavr\u0161etku intervencionisti\u010dke spoljne politike. Paradoks je u tome \u0161to se od strane evropske trojke ili \u201ekoalicije voljnih\u201c EUFOR do\u017eivljava sasvim suprotno \u2013 kao instrument za vo\u0111enje intervencionisti\u010dke politike u BiH. EUFOR je, dakle, dobio produ\u017eenje mandata, a kako \u0107e to svoje ovla\u0161\u0107enje u narednih godinu dana koristiti ostaje otvoreno. U odre\u0111enoj meri, to \u0107e dalje zavisiti od strategije EU i rukovo\u0111enja Velike Britanije, Francuske i Nema\u010dke hibridnim ratom protiv Rusije. Za sada, primetno je da se za potrebe vo\u0111enja intervencionisti\u010dke politike sa njihove strane insistira na odr\u017eavanju funkcije Visokog predstavnika, odnosno da bi ukidanje te funkcije, a \u0161to je ponovo zahtevao predstavnik Rusije, najverovatnije predstavljalo i po\u010detak kraja misije EUFOR-a. Kada je re\u010d o stavu Rusije pored kritike \u201eo\u010digledne antisrpske pristrasnosti\u201c politi\u010dkog Zapada, jo\u0161 je pomenuto i \u201euskra\u0107ivanje prava bosanskim Hrvatima na legitimnom predstavljanju u vladaju\u0107im strukturama\u201c. Bez ikakve dileme, to se odnosi na ve\u0107 kontinualne izbore \u017deljka Kom\u0161i\u0107a u Predsedni\u0161tvo BiH zahvaljuju\u0107i bo\u0161nja\u010dkim glasovima. Poznat je primer iz Kalesije u kojoj prema rezultatima popisa \u017eivi 20 Hrvata, a Kom\u0161i\u0107 je na poslednjim izborima osvojio 2559 glasova. Bez obzira na to, \u017deljko Kom\u0161i\u0107 se tako\u0111e obratio na zasedanju Saveta bezbednosti i to kao predsedavaju\u0107i Predsedni\u0161tva, \u0161to je jo\u0161 jedan paradoks.<\/p>\n<p>U svakom slu\u010daju, dalji odnos prema uveliko delegitimizovanoj Kancelariji Visokog predstavnika, ali i prema ulozi EUFOR-a determinisa\u0107e u velikoj meri i razli\u010diti pogledi SAD i evropske koalicije voljnih. Na te poglede svakako \u0107e uticati razvoj situacije iz \u0161ireg, kontinentalnog bezbednosnog okru\u017eenja i situacija u Ukrajini. Iz te perspektive posmatrano, \u010dini se kako u ovom trenutku EU do\u017eivljava sebe kao politi\u010dko krilo NATO, dok administracija Donalda Trampa posmatra NATO kao vojno krilo EU. Su\u0161tinski, do razila\u017eenja izme\u0111u Brisela i Va\u0161ingtona dolazi zbog suprotstavljenih percepcija, a te percepcije odre\u0111uju strate\u0161ki ciljevi jednih i drugih. Trampova administracija posve\u0107ena je poku\u0161ajima odr\u017eavanja ameri\u010dke dominacije u globalnim okvirima u oblastima koje su za njih strate\u0161ke i na pitanjima koja jo\u0161 uvek mogu koristiti za tu svrhu, poput recimo upravljanja tr\u017ei\u0161tem nafte. Geopoliti\u010dki, sada je ve\u0107 o\u010digledno da se Kina do\u017eivljava kao najve\u0107i suparnik, pa se i fokus stavlja na indo-pacifi\u010dki makroregion. Za London, Pariz i Berlin goru\u0107a su pitanja sasvim druga\u010dijeg karaktera, povezana sa rapidnim smanjenjem konkurentnosti na globalnom tr\u017ei\u0161tu i posledi\u010dnoj ekonomskoj krizi \u010dije posledice se sve vi\u0161e ose\u0107aju, a \u0161to se geopolitike ti\u010de tu se ni\u0161ta drugo ne vidi sem Ukrajine. U ovom kontekstu, Tramp bi partnerstvo sa Evropom verovatno uslovio zajedni\u010dkim nastupom u indo-pacifi\u010dkom arealu, za \u0161ta u ovim okolnostima nema ni zainteresovanosti ni potencijala u Evropi. Sa druge strane, Evropa bi pristala na svaku vrstu ameri\u010dkih uslovljavanja samo da dobije bezrezervnu i neograni\u010denu podr\u0161ku po pitanju Ukrajine, \u0161to u ovim okolnostima nije mogu\u0107e po\u0161to se ta stvar u Va\u0161ingtonu tretira kao \u010disti tro\u0161ak i konflikt sa vrlo neizvesnim krajem.<\/p>\n<p>Od daljeg oblikovanja ovih transatlantskih relacija, ve\u0107 se pokazalo, mnogo toga zavisi i u Bosni i Hercegovini, a to \u0107e se odraziti kako na pitanje opstanka Kanceparije Visokog predstavnika, tako i na ulogu EUFOR \u2013 a. Nije uop\u0161te isklju\u010deno da \u0107e neusagla\u0161enost strate\u0161kih usmerenja SAD i vode\u0107ih evropskih dra\u017eava uticati na dalju delegitimizaciju me\u0111unarodnih institucija i platformi u Bosni i Hercegovini, mada nije ni isklju\u010deno da se EU na to ne\u0107e obazirati, odnosno da \u0107e nastaviti sa zahtevima da se izvr\u0161e ustavne promene i dedejtonizuje BiH. Delegitimizovane me\u0111unarodne institucije i platforme, uz to jo\u0161 delimi\u010dno i sa osporenim legalnim statusom, ne mogu slu\u017eiti implementaciji ekstremne intervencionisti\u010dke politike, gotovo je izvesno da u stanju u kakvom se nalazi i bez ameri\u010dke podr\u0161ke EU i nije sposobna da vodi bilo kakvu intervencionististi\u010dku politiku bilo gde u svetu, ali sude\u0107i po stavovima predstavnika \u010dlanica EU na poslednjoj sednici SB UN njihova procena situacije je sasvim druga\u010dija. Dogovor Va\u0161ingtona i Milorada Dodika jeste utiranje puta ka deeskalaciji preko amortizacije efekata suludih poteza \u201ekoalicije voljnih\u201c usmerenih ka produ\u017eavanju intervencionizma. Me\u0111utim, sa poku\u0161ajima da se artikuli\u0161e intervencionizam jo\u0161 uvek nije zavr\u0161eno, niti su odluke Kristijana \u0160mita iz 2025. godine bili poslednji suludi potezi me\u0111unarodnih predstavnika u BiH. Zbog toga, najverovatnije je da nas sve do odr\u017eavanja redovnih izbora u jesen 2026. godine o\u010dekuje nastavak teku\u0107e agonije, sa mnogo pri\u010de o evroperspektivi BiH, pritisaka usmerenih ka ustavnim promenama, ali i nemogu\u0107nosti da se te pri\u010de zna\u010dajnije ukorene u celokupnoj B-H javnosti i nesposobnosti da se pritisak manifestuje konkretnim politi\u010dkim ustupcima.<\/p>\n","protected":false},"excerpt":{"rendered":"<p>Du\u0161an Prorokovi\u0107 | 05.12.2025.g. \u2013 Autorizovano izlaganje na tribini \u201eNova faza odnosa u BiH: \u0161ta stoji iza dogovora Va\u0161ingtona i Dodika?\u201c, odr\u017eanoj 26.11.2025. u Pres centru UNS-a &#8211; Savet bezbednosti UN jednoglasno je usvojio 31. oktobra 2025. godine Rezoluciju 2795 kojom se produ\u017eava mandat vojne misije predvo\u0111ene Evropskom unijom za stabilizaciju Bosne i Hercegovine (EuropeanUnion-ledStabilizationForceinBosniaandHerzegovina)&#8230;.<\/p>\n","protected":false},"author":2,"featured_media":20561,"comment_status":"closed","ping_status":"closed","sticky":false,"template":"","format":"standard","meta":[],"categories":[44],"tags":[98],"_links":{"self":[{"href":"https:\/\/predstavnistvorsbg.rs\/sr-Latn\/wp-json\/wp\/v2\/posts\/20634"}],"collection":[{"href":"https:\/\/predstavnistvorsbg.rs\/sr-Latn\/wp-json\/wp\/v2\/posts"}],"about":[{"href":"https:\/\/predstavnistvorsbg.rs\/sr-Latn\/wp-json\/wp\/v2\/types\/post"}],"author":[{"embeddable":true,"href":"https:\/\/predstavnistvorsbg.rs\/sr-Latn\/wp-json\/wp\/v2\/users\/2"}],"replies":[{"embeddable":true,"href":"https:\/\/predstavnistvorsbg.rs\/sr-Latn\/wp-json\/wp\/v2\/comments?post=20634"}],"version-history":[{"count":3,"href":"https:\/\/predstavnistvorsbg.rs\/sr-Latn\/wp-json\/wp\/v2\/posts\/20634\/revisions"}],"predecessor-version":[{"id":21116,"href":"https:\/\/predstavnistvorsbg.rs\/sr-Latn\/wp-json\/wp\/v2\/posts\/20634\/revisions\/21116"}],"wp:featuredmedia":[{"embeddable":true,"href":"https:\/\/predstavnistvorsbg.rs\/sr-Latn\/wp-json\/wp\/v2\/media\/20561"}],"wp:attachment":[{"href":"https:\/\/predstavnistvorsbg.rs\/sr-Latn\/wp-json\/wp\/v2\/media?parent=20634"}],"wp:term":[{"taxonomy":"category","embeddable":true,"href":"https:\/\/predstavnistvorsbg.rs\/sr-Latn\/wp-json\/wp\/v2\/categories?post=20634"},{"taxonomy":"post_tag","embeddable":true,"href":"https:\/\/predstavnistvorsbg.rs\/sr-Latn\/wp-json\/wp\/v2\/tags?post=20634"}],"curies":[{"name":"wp","href":"https:\/\/api.w.org\/{rel}","templated":true}]}}