{"id":20658,"date":"2025-12-05T09:10:35","date_gmt":"2025-12-05T08:10:35","guid":{"rendered":"https:\/\/predstavnistvorsbg.rs\/?p=20658"},"modified":"2025-12-05T09:10:35","modified_gmt":"2025-12-05T08:10:35","slug":"jubilej-beogradskog-foruma-za-svet-ravnopravnih","status":"publish","type":"post","link":"https:\/\/predstavnistvorsbg.rs\/sr-Latn\/najava-dogadjaja-sr-latn\/jubilej-beogradskog-foruma-za-svet-ravnopravnih\/","title":{"rendered":"Jubilej Beogradskog foruma za svet ravnopravnih"},"content":{"rendered":"<p>Beogradski forum za svet ravnopravnih obilje\u017eava 25 godina rada. U sve\u010danoj sali Skup\u0161tine op\u0161tine Vra\u010dar, u subotu 6. decembra sa po\u010detkom u 11 \u010dasova povodom 25. godi\u0161njice postojanja i rada odr\u017ea\u0107e se sve\u010dana sjednica Skup\u0161tine Beogradskog foruma. Tom prilikom sve\u010dano \u0107e se uru\u010diti priznanja li\u010dnostima i organizacijama, iz Srbije i drugih zemalja, koje su najzaslu\u017enije za doprinos ciljevima foruma \u2013 \u0161irenje ideja ravnopravnosti, mira, istine, pravde i solidarnosti me\u0111u narodima.<\/p>\n<p><img loading=\"lazy\" class=\"aligncenter wp-image-20655 size-full\" title=\"Beogradski forum za svet ravnopravnih\" src=\"https:\/\/predstavnistvorsbg.rs\/wp-content\/uploads\/2025\/12\/Logo_Forum002.png\" alt=\"Beogradski_forum:za_svet_ravnopravnih\" width=\"979\" height=\"788\" srcset=\"https:\/\/predstavnistvorsbg.rs\/wp-content\/uploads\/2025\/12\/Logo_Forum002.png 979w, https:\/\/predstavnistvorsbg.rs\/wp-content\/uploads\/2025\/12\/Logo_Forum002-300x241.png 300w\" sizes=\"(max-width: 979px) 100vw, 979px\" \/><\/p>\n<p>Sve\u010danoj skup\u0161tini Beogradskog foruma za svet ravnopravnih prisustvova\u0107e i Mla\u0111en Cicovi\u0107, \u0161ef Predstavni\u0161tva Republike Srpske u Srbiji. Predstavni\u0161tvo pru\u017ea podr\u0161ku forumu, a i \u010dlanovi foruma u\u010destvuju na tematskim tribinama koje Predstavni\u0161tvo organizuje na aktuelne teme iz politi\u010dkog, dru\u0161tvenog, ekonomskog, kulturnog i vjerskog \u017eivota Republike Srpske\/BiH.<\/p>\n<p>Prva me\u0111unarodna konferencija Foruma kojoj su prisustvovali gosti iz 80 zemalja sa svih kontinenata, odr\u017eana je 18. februara 2000. godine u Sava Centru u Beogradu. Tema Konferencije bila je \u201eMe\u0111unarodni odnosi u novom stole\u0107u &#8211; za svet ravnopravnih\u201c.<\/p>\n<p>U zavr\u0161nom dokumentu Konferencije Beogradskog foruma, odr\u017eane pre 25 godina u Beogradu, pored ostalog, pi\u0161e:<\/p>\n<p>\u201eIzazivanjem nestabilnosti unutra\u0161njih i regionalnih sukoba, ekspanzijom NATO-a na Istok, vojno-industrijski kompleks najbogatijih zemalja, a pre svih SAD, \u0161iri tr\u017ei\u0161te za vojnu industriju, pove\u0107ava zadu\u017eenost, kontrolu i zavisnost manje razvijenih, name\u0107e marionetske re\u017eime, sa kona\u010dnim ciljem postizanja globalne dominacije u svetu. Multipolarnost za koju se zala\u017ee ogromna ve\u0107ina \u010dove\u010danstva, demokratski svetski poredak, ravnopravnost i nezavisnost, slobodan izbor unutra\u0161nje i politi\u010dkog ekonomskog razvoja \u2013 predstavljaju osnovu za borbu protiv hegemonizma i hijerarhije u svetskim odnosima.\u201c<\/p>\n","protected":false},"excerpt":{"rendered":"<p>Beogradski forum za svet ravnopravnih obilje\u017eava 25 godina rada. U sve\u010danoj sali Skup\u0161tine op\u0161tine Vra\u010dar, u subotu 6. decembra sa po\u010detkom u 11 \u010dasova povodom 25. godi\u0161njice postojanja i rada odr\u017ea\u0107e se sve\u010dana sjednica Skup\u0161tine Beogradskog foruma. Tom prilikom sve\u010dano \u0107e se uru\u010diti priznanja li\u010dnostima i organizacijama, iz Srbije i drugih zemalja, koje su najzaslu\u017enije&#8230;<\/p>\n","protected":false},"author":8,"featured_media":0,"comment_status":"closed","ping_status":"closed","sticky":false,"template":"","format":"standard","meta":[],"categories":[57],"tags":[98],"_links":{"self":[{"href":"https:\/\/predstavnistvorsbg.rs\/sr-Latn\/wp-json\/wp\/v2\/posts\/20658"}],"collection":[{"href":"https:\/\/predstavnistvorsbg.rs\/sr-Latn\/wp-json\/wp\/v2\/posts"}],"about":[{"href":"https:\/\/predstavnistvorsbg.rs\/sr-Latn\/wp-json\/wp\/v2\/types\/post"}],"author":[{"embeddable":true,"href":"https:\/\/predstavnistvorsbg.rs\/sr-Latn\/wp-json\/wp\/v2\/users\/8"}],"replies":[{"embeddable":true,"href":"https:\/\/predstavnistvorsbg.rs\/sr-Latn\/wp-json\/wp\/v2\/comments?post=20658"}],"version-history":[{"count":1,"href":"https:\/\/predstavnistvorsbg.rs\/sr-Latn\/wp-json\/wp\/v2\/posts\/20658\/revisions"}],"predecessor-version":[{"id":20659,"href":"https:\/\/predstavnistvorsbg.rs\/sr-Latn\/wp-json\/wp\/v2\/posts\/20658\/revisions\/20659"}],"wp:attachment":[{"href":"https:\/\/predstavnistvorsbg.rs\/sr-Latn\/wp-json\/wp\/v2\/media?parent=20658"}],"wp:term":[{"taxonomy":"category","embeddable":true,"href":"https:\/\/predstavnistvorsbg.rs\/sr-Latn\/wp-json\/wp\/v2\/categories?post=20658"},{"taxonomy":"post_tag","embeddable":true,"href":"https:\/\/predstavnistvorsbg.rs\/sr-Latn\/wp-json\/wp\/v2\/tags?post=20658"}],"curies":[{"name":"wp","href":"https:\/\/api.w.org\/{rel}","templated":true}]}}