{"id":20801,"date":"2025-12-19T10:42:58","date_gmt":"2025-12-19T09:42:58","guid":{"rendered":"https:\/\/predstavnistvorsbg.rs\/?p=20801"},"modified":"2025-12-19T10:42:58","modified_gmt":"2025-12-19T09:42:58","slug":"u-beogradu-predstavljena-knjiga-nasa-ispovijest-2-svjedocenje-zena-zrtava-rata-u-republici-srpskoj-1992-1995","status":"publish","type":"post","link":"https:\/\/predstavnistvorsbg.rs\/sr-Latn\/prethodni-dogadjaji-sr-latn\/u-beogradu-predstavljena-knjiga-nasa-ispovijest-2-svjedocenje-zena-zrtava-rata-u-republici-srpskoj-1992-1995\/","title":{"rendered":"U Beogradu predstavljena knjiga \u201eNa\u0161a ispovijest 2 \u2013 svjedo\u010denje \u017eena \u017ertava rata u Republici Srpskoj 1992 \u2013 1995\u201c"},"content":{"rendered":"<p>U Ministarstvu spoljnih poslova Srbije u Beogradu predstavljena je knjiga \u201eNa\u0161a ispovijest 2 \u2013 svjedo\u010denje \u017eena \u017ertava rata u Republici Srpskoj 1992 \u2013 1995\u201c.<\/p>\n<p>Knjiga predstavlja zbirku autenti\u010dnih svjedo\u010denja \u017eena, koje su tokom Odbrambeno-otad\u017ebinskog rata u BiH pretrpjele torturu i zlostavljanja. Nastala je kao zajedni\u010dki projekat institucija Republike Srpske i Srbije.<\/p>\n<p>Gordana Boti\u0107 jedna je od \u017eena koje su smogle snage da javno progovore o fizi\u010dkom i psihi\u010dkom zlostavljanju, za vrijeme zato\u010deni\u0161tva tokom rata na prostoru Sarajeva.<\/p>\n<p>&#8211; Po cijelu no\u0107 su nas znali tu\u0107i, da nam potom ne bi dali ni vode, ni hrane. Ni\u0161ta &#8211; rekla je ona.<\/p>\n<p><img loading=\"lazy\" class=\"alignnone wp-image-20787 size-full\" title=\"Predstavljanje knjige \u201eNa\u0161a ispovijest 2 \u2013 svjedo\u010denje \u017eena \u017ertava rata u Republici Srpskoj 1992 \u2013 1995\u201c\" src=\"https:\/\/predstavnistvorsbg.rs\/wp-content\/uploads\/2025\/12\/knjiga_nasa_ispovijest_2_2.jpg?_t=1766137235\" alt=\"Predstavljanje knjige \u201eNa\u0161a ispovijest 2 \u2013 svjedo\u010denje \u017eena \u017ertava rata u Republici Srpskoj 1992 \u2013 1995\u201c\" width=\"1024\" height=\"682\" srcset=\"https:\/\/predstavnistvorsbg.rs\/wp-content\/uploads\/2025\/12\/knjiga_nasa_ispovijest_2_2.jpg 1024w, https:\/\/predstavnistvorsbg.rs\/wp-content\/uploads\/2025\/12\/knjiga_nasa_ispovijest_2_2-300x200.jpg 300w\" sizes=\"(max-width: 1024px) 100vw, 1024px\" \/><\/p>\n<p>Prihvatili smo da govorimo istinu da iza nas ostane trag, poru\u010duje Bo\u017eica \u017divkovi\u0107 Rajili\u0107, koja je i sama pre\u017eivjela stradanja i osna\u017eila druge \u017eene da progovore. Srpske \u017ertve, ka\u017ee, ne tra\u017ee privilegije, ve\u0107 samo pravdu i ravnopravnost.<\/p>\n<p>&#8211; Ukupno nad Srbima bilo je 536 mjesta zatvaranja. To su dokumentovana mjesta i ti izvje\u0161taji stoje u Briselu, u Hagu, gdje god ho\u0107ete \u2013 ali procesa nema &#8211; navela je Rajili\u0107eva, predsjednica Udru\u017eenja \u017eena \u017ertava rata Republike Srpske.<\/p>\n<p>Ova knjiga je nastavak kontinuiteta zapo\u010detog objavljivanjem prve monografije 2016. godine, sa svjedo\u010denjima \u017eena koje su pre\u017eivjele boravak u logorima, zlostavljanje, gubitak najmilijih i torturu svake vrste.<\/p>\n<p>&#8211; Danas imamo novih 12 autenti\u010dnih svjedo\u010denja koja na najbolji na\u010din ilustruju i opisuju kakve muke i \u0161ta je Srbe zateklo 90-tih godina u BiH &#8211; rekao je Viktor Nu\u017edi\u0107 direktor Centra za istra\u017eivanje rata, ratnih zlo\u010dina i tra\u017eenje nestalih lica Republike Srpske.<\/p>\n<p><img loading=\"lazy\" class=\"alignnone wp-image-20790 size-full\" title=\"Predstavljanje knjige \u201eNa\u0161a ispovijest 2 \u2013 svjedo\u010denje \u017eena \u017ertava rata u Republici Srpskoj 1992 \u2013 1995\u201c\" src=\"https:\/\/predstavnistvorsbg.rs\/wp-content\/uploads\/2025\/12\/knjiga_nasa_ispovijest_2_3.jpg?_t=1766137256\" alt=\"Predstavljanje knjige \u201eNa\u0161a ispovijest 2 \u2013 svjedo\u010denje \u017eena \u017ertava rata u Republici Srpskoj 1992 \u2013 1995\u201c\" width=\"1024\" height=\"682\" srcset=\"https:\/\/predstavnistvorsbg.rs\/wp-content\/uploads\/2025\/12\/knjiga_nasa_ispovijest_2_3.jpg 1024w, https:\/\/predstavnistvorsbg.rs\/wp-content\/uploads\/2025\/12\/knjiga_nasa_ispovijest_2_3-300x200.jpg 300w\" sizes=\"(max-width: 1024px) 100vw, 1024px\" \/><\/p>\n<p>Du\u0161an Kozarev, generalni sekretar Ministarstva spoljnih poslova Srbije naveo je da su ove dvije izdate knjige samo djeli\u0107 ogromnog jednog mozaika patnji i stradanja pripadnika na\u0161eg naroda.<\/p>\n<p>&#8211; Njihove ispovijesti nisu samo li\u010dne pri\u010de bola i patnje, one su dokument vremena, one su optu\u017enica protiv zlo\u010dina i apel savjesti \u010dovje\u010danstva &#8211; poru\u010dio je Miroslav Ljubojevi\u0107 prire\u0111iva\u010d knjige, Republi\u010dki centar za istra\u017eivanje rata, ratnih zlo\u010dina i tra\u017eenje nestalih lica Republike Srpske.<\/p>\n<p>Knjiga je objavljena u saradnji sa Arhivom Vojvodine.<\/p>\n<p>&#8211; Na\u0161 zadatak kao Arhiva, dr\u017eavnih organa u Srbiji i Republici Srpskoj je bio da ovo dakle pripremimo, objavimo, od\u0161tampano i da iznesemo pred javnost &#8211; naveo je Neboj\u0161a Kuzmanovi\u0107 direktor Arhiva Vojvodine.<\/p>\n<p><img loading=\"lazy\" class=\"alignnone wp-image-20793 size-full\" title=\"Predstavljanje knjige \u201eNa\u0161a ispovijest 2 \u2013 svjedo\u010denje \u017eena \u017ertava rata u Republici Srpskoj 1992 \u2013 1995\u201c\" src=\"https:\/\/predstavnistvorsbg.rs\/wp-content\/uploads\/2025\/12\/knjiga_nasa_ispovijest_2_4.jpg?_t=1766137266\" alt=\"Predstavljanje knjige \u201eNa\u0161a ispovijest 2 \u2013 svjedo\u010denje \u017eena \u017ertava rata u Republici Srpskoj 1992 \u2013 1995\u201c\" width=\"1024\" height=\"576\" srcset=\"https:\/\/predstavnistvorsbg.rs\/wp-content\/uploads\/2025\/12\/knjiga_nasa_ispovijest_2_4.jpg 1024w, https:\/\/predstavnistvorsbg.rs\/wp-content\/uploads\/2025\/12\/knjiga_nasa_ispovijest_2_4-300x169.jpg 300w\" sizes=\"(max-width: 1024px) 100vw, 1024px\" \/><\/p>\n<p>Knjiga je objavljena na srpskom i engleskom jeziku, jer je cilj upoznati doma\u0107u i me\u0111unarodnu javnost o neka\u017enjenim zlo\u010dinima nad srpskim narodom. Predstavljanju knjige prisustvovali su i predstavnici Srpske pravoslavne crkve i diplomatskog kora.<\/p>\n<p>Izvor: RTRS<\/p>\n","protected":false},"excerpt":{"rendered":"<p>U Ministarstvu spoljnih poslova Srbije u Beogradu predstavljena je knjiga \u201eNa\u0161a ispovijest 2 \u2013 svjedo\u010denje \u017eena \u017ertava rata u Republici Srpskoj 1992 \u2013 1995\u201c. Knjiga predstavlja zbirku autenti\u010dnih svjedo\u010denja \u017eena, koje su tokom Odbrambeno-otad\u017ebinskog rata u BiH pretrpjele torturu i zlostavljanja. Nastala je kao zajedni\u010dki projekat institucija Republike Srpske i Srbije. Gordana Boti\u0107 jedna je&#8230;<\/p>\n","protected":false},"author":2,"featured_media":20786,"comment_status":"closed","ping_status":"closed","sticky":false,"template":"","format":"standard","meta":[],"categories":[56],"tags":[98],"_links":{"self":[{"href":"https:\/\/predstavnistvorsbg.rs\/sr-Latn\/wp-json\/wp\/v2\/posts\/20801"}],"collection":[{"href":"https:\/\/predstavnistvorsbg.rs\/sr-Latn\/wp-json\/wp\/v2\/posts"}],"about":[{"href":"https:\/\/predstavnistvorsbg.rs\/sr-Latn\/wp-json\/wp\/v2\/types\/post"}],"author":[{"embeddable":true,"href":"https:\/\/predstavnistvorsbg.rs\/sr-Latn\/wp-json\/wp\/v2\/users\/2"}],"replies":[{"embeddable":true,"href":"https:\/\/predstavnistvorsbg.rs\/sr-Latn\/wp-json\/wp\/v2\/comments?post=20801"}],"version-history":[{"count":2,"href":"https:\/\/predstavnistvorsbg.rs\/sr-Latn\/wp-json\/wp\/v2\/posts\/20801\/revisions"}],"predecessor-version":[{"id":20803,"href":"https:\/\/predstavnistvorsbg.rs\/sr-Latn\/wp-json\/wp\/v2\/posts\/20801\/revisions\/20803"}],"wp:featuredmedia":[{"embeddable":true,"href":"https:\/\/predstavnistvorsbg.rs\/sr-Latn\/wp-json\/wp\/v2\/media\/20786"}],"wp:attachment":[{"href":"https:\/\/predstavnistvorsbg.rs\/sr-Latn\/wp-json\/wp\/v2\/media?parent=20801"}],"wp:term":[{"taxonomy":"category","embeddable":true,"href":"https:\/\/predstavnistvorsbg.rs\/sr-Latn\/wp-json\/wp\/v2\/categories?post=20801"},{"taxonomy":"post_tag","embeddable":true,"href":"https:\/\/predstavnistvorsbg.rs\/sr-Latn\/wp-json\/wp\/v2\/tags?post=20801"}],"curies":[{"name":"wp","href":"https:\/\/api.w.org\/{rel}","templated":true}]}}