{"id":20902,"date":"2026-01-08T11:48:40","date_gmt":"2026-01-08T10:48:40","guid":{"rendered":"https:\/\/predstavnistvorsbg.rs\/?p=20902"},"modified":"2026-01-08T11:48:40","modified_gmt":"2026-01-08T10:48:40","slug":"cicovic-o-radu-predstavnistva-republike-srpske-u-srbiji-u-2025-godini","status":"publish","type":"post","link":"https:\/\/predstavnistvorsbg.rs\/sr-Latn\/u-fokusu-sr-latn\/cicovic-o-radu-predstavnistva-republike-srpske-u-srbiji-u-2025-godini\/","title":{"rendered":"Cicovi\u0107 o radu Predstavni\u0161tva Republike Srpske u Srbiji u 2025. godini"},"content":{"rendered":"<p>Sumiraju\u0107i rezultate rada Predstavni\u0161tva Republike Srpske u Republici Srbiji na kraju 2025. godine, tu godinu ocjenjujem kao izuzetno sadr\u017eajnu i uspje\u0161nu. Rad Predstavni\u0161tva obilje\u017eila je intenzivna i konkretna saradnja sa institucijama Republike Srbije na svim nivoima, sa jasnim ciljem ja\u010danja specijalnih i paralelnih veza, unapre\u0111enja me\u0111usobnog povjerenja i stvaranja novih mogu\u0107nosti za zajedni\u010dki razvoj.<\/p>\n<p>Tokom cijele godine rad Predstavni\u0161tva bio je usmjeren na kvalitetno obavljanje poslova u interesu Republike Srpske, uz o\u010duvanje njenog ugleda i ugleda njenih institucija. Poseban fokus bio je na ja\u010danju institucionalne saradnje na republi\u010dkom, regionalnom i lokalnom nivou, u skladu sa Sporazumom o uspostavljanju specijalnih paralelnih odnosa izme\u0111u Republike Srpske i Srbije.<\/p>\n<p>U tom kontekstu, Predstavni\u0161tvo je u 2025. godini aktivno u\u010destvovalo u organizaciji brojnih susreta zvani\u010dnika Republike Srpske i Republike Srbije, kao i predstavnika ministarstava, javnih institucija i lokalnih samouprava. Pru\u017eali smo kontinuiranu logisti\u010dku i savjetodavnu podr\u0161ku delegacijama iz Republike Srpske kad dolaze u Srbiju, a \u00a0u\u010destvovali smo i u pripremi zajedni\u010dkih inicijativa i projekata od obostranog interesa.<\/p>\n<p>Kao konkretan rezultat institucionalne saradnje izdvajam potpisivanje Sporazuma o uspostavljanju saradnje izme\u0111u grada Sombora i grada Isto\u010dno Sarajevo, koji je potpisan 17. februara u Somboru, u okviru obilje\u017eavanja Dana grada Sombora.<\/p>\n<p>I 2025. godine posebno mjesto u radu Predstavni\u0161tva zauzimala je organizacija sve\u010danosti povodom 9. januara \u2013 Dana Republike Srpske, koju Predstavni\u0161tvo organizuje 28. februara, na dan kada je progla\u0161en prvi Ustav Republike Srpske. Ova manifestacija, koju organizujemo kontinuirano od 2015. godine, okupila je velikodostojnike Srpske pravoslavne crkve, zvani\u010dnike Republike Srpske i Republike Srbije, predstavnike diplomatskog kora, kao i brojne zvanice iz svijeta kulture, nauke, umjetnosti i privrede. Na sve\u010danosti je istaknuto da su konstituisanje Republike Srpske i dono\u0161enje njenog Ustava 1992. godine u miru, najve\u0107a politi\u010dka pobjeda srpskog naroda u BiH u tom periodu.<\/p>\n<p>Jedan od klju\u010dnih segmenata rada Predstavni\u0161tva u 2025. godini bila je promocija privrednih i investicionih potencijala Republike Srpske u Republici Srbiji. U saradnji sa Privrednom komorom Republike Srpske, Turisti\u010dkom organizacijom Republike Srpske, Investiciono-razvojnom bankom Republike Srpske, razvojnim agencijama i udru\u017eenjima privrednika, organizovani su i podr\u017eani brojni poslovni forumi, investicioni sastanci i sajamski nastupi.<\/p>\n<p><img loading=\"lazy\" class=\"alignnone wp-image-19274 size-full\" title=\"Poslovni forum u Novom Sadu\" src=\"https:\/\/predstavnistvorsbg.rs\/wp-content\/uploads\/2025\/09\/treci_dan_ds1.jpg\" alt=\"U Novom Sadu u prostorijama Privredne komore Vojvodine odr\u017ean poslovni forum \u201eDani Srpske u Srbiji - Susreti privrednika\u201c\" width=\"1024\" height=\"768\" srcset=\"https:\/\/predstavnistvorsbg.rs\/wp-content\/uploads\/2025\/09\/treci_dan_ds1.jpg 1024w, https:\/\/predstavnistvorsbg.rs\/wp-content\/uploads\/2025\/09\/treci_dan_ds1-300x225.jpg 300w\" sizes=\"(max-width: 1024px) 100vw, 1024px\" \/><\/p>\n<p>Predstavni\u0161tvo je podr\u017ealo i u\u010destvovalo u organizaciji predstavljanja Republike Srpske na 46. Me\u0111unarodnom sajmu turizma u Beogradu od 20. do 23. februara na zajedni\u010dkom \u0161tandu od 350 m\u00b2 sa ponudama op\u0161tina, gradova, banja i nacionalnih parkova. Tako\u0111e, organizovani su nastupi na 49. Me\u0111unarodnom sajmu gra\u0111evinarstva u Beogradu, 92. Me\u0111unarodnom sajmu poljoprivrede u Novom Sadu, 67. Me\u0111unarodnom sajmu tehnike i tehni\u010dkih dostignu\u0107a, 56. Me\u0111unarodnom sajmu turizma u Novom Sadu, kao i na 4. Me\u0111unarodnom sajmu vina, hrane, rakije i turizma \u201eVinska vizija Otvorenog Balkana\u201c u Beogradu.<\/p>\n<p>Tako\u0111e u okviru manifestacije \u201eDani Srpske u Srbiji\u201c, 25. septembra u Novom Sadu odr\u017ean je poslovni forum \u201eDani Srpske u Srbiji \u2013 susreti privrednika\u201d na kojem je ukazano\u00a0 na potrebu intenziviranja plasmana proizvoda iz Republike Srpske na tr\u017ei\u0161te \u0161irom Srbije, a u Ekspo 2027 sali Beogradskog sajma, Turisti\u010dka organizacija Banje Luke predstavila je svoju turisti\u010dku ponudu i privredni ambijent grada Banje Luke.<\/p>\n<p>Kulturna i obrazovna saradnja i u 2025. godini zauzimale su posebno mjesto u radu Predstavni\u0161tva. Podr\u017eane su brojne kulturne manifestacije, projekti i programi koji doprinose o\u010duvanju zajedni\u010dkog identiteta, kulture, tradicije, srpskog jezika i \u0107irili\u010dkog pisma, kao i aktivnosti zavi\u010dajnih udru\u017eenja.<\/p>\n<p>Posebno izdvajam na\u0161u tradicionalnu manifestaciju \u201eDani Srpske u Srbiji\u201c, koja je odr\u017eana od 23. do 30. septembra u 13 gradova \u0161irom Srbije. Tokom manifestacije izvedena su 23 programska sadr\u017eaja u 25 izvo\u0111enja, uz u\u010de\u0161\u0107e oko 100 izvo\u0111a\u010da i u\u010desnika iz Republike Srpske.<\/p>\n<p><img loading=\"lazy\" class=\"alignnone wp-image-19131 size-full\" title=\"Sve\u010dano otvaranje manifestacije \u201eDani Srpske u Srbiji\u201c 2025\" src=\"https:\/\/predstavnistvorsbg.rs\/wp-content\/uploads\/2025\/09\/dani_sr_u_srbiji1.jpg\" alt=\"U Beogradu je po\u010dela tradicionalna manifestacija \u201eDani Srpske u Srbiji\u201c\" width=\"1024\" height=\"682\" srcset=\"https:\/\/predstavnistvorsbg.rs\/wp-content\/uploads\/2025\/09\/dani_sr_u_srbiji1.jpg 1024w, https:\/\/predstavnistvorsbg.rs\/wp-content\/uploads\/2025\/09\/dani_sr_u_srbiji1-300x200.jpg 300w\" sizes=\"(max-width: 1024px) 100vw, 1024px\" \/><\/p>\n<p>Predstavni\u0161tvo je 2025, kao i prethodnih \u010detrnaest godina, organizovalo reprezentativni nastup Republike Srpske na 68. Me\u0111unarodnom beogradskom sajmu knjiga, od 25. oktobra do 2. novembra, gdje je predstavljeno 137 knjiga 46 izdava\u010da, uz u\u010de\u0161\u0107e 129 autora i 132 govornika u 54 termina. Poseban akcenat stavljen je na izdanja Akademije nauka i umjetnosti Republike Srpske, univerziteta i drugih zna\u010dajnih institucija.<\/p>\n<p>U oblasti nau\u010dno-tehni\u010dke saradnje organizovano je pet tematskih tribina u Pres centru Udru\u017eenja novinara Srbije u Beogradu, u saradnji sa portalima \u201eSve o Srpskoj\u201c i \u201eFakti\u201c, a svi autorizovani radovi bi\u0107e objavljeni u zborniku koji je u pripremi. Smatram potrebnim da vam navedem teme tih tribina: \u201eSrpska se brani Ustavom\u201c, \u201eBiH u slijepoj ulici \u2013 godina raspleta\u201c, \u201eSrebrenica protiv genocida \u2013 tri decenije manipulacije\u201c, \u201e\u0160ta je odgovor Srpske na agresiju protektorata\u201c i \u201eNova faza odnosa u BiH: \u0161ta stoji iza dogovora Va\u0161ingtona i Dodika?\u201c.<\/p>\n<p><img loading=\"lazy\" class=\"alignnone wp-image-20526 size-full\" title=\"Tribina \u201eNova faza odnosa u BiH: \u0161ta stoji iza dogovora Va\u0161ingtona i Dodika?\" src=\"https:\/\/predstavnistvorsbg.rs\/wp-content\/uploads\/2025\/11\/26_11_tribina1.jpg\" alt=\"Tematska tribina pod naslovom \u201eNova faza odnosa u BiH: \u0161ta stoji iza dogovora Va\u0161ingtona i Dodika?\" width=\"1024\" height=\"545\" srcset=\"https:\/\/predstavnistvorsbg.rs\/wp-content\/uploads\/2025\/11\/26_11_tribina1.jpg 1024w, https:\/\/predstavnistvorsbg.rs\/wp-content\/uploads\/2025\/11\/26_11_tribina1-300x160.jpg 300w\" sizes=\"(max-width: 1024px) 100vw, 1024px\" \/><\/p>\n<p>U oblasti sportske saradnje pru\u017eena je podr\u0161ka brojnim sportskim manifestacijama, me\u0111u kojima su \u201eBalkanski skok prijateljstva 2025\u201c, 19. Me\u0111unarodna biciklisti\u010dka trka \u201eBeograd \u2013 Banja Luka\u201c, kao i sportski susreti ratnih vojnih invalida Trebinja i Beograda.<\/p>\n<p>Pored izdvojenog, kontunurano smo radili na bora\u010dko-invalidskoj za\u0161titi lica iz Republike Srpske koja \u017eive u Srbiji, a pravo su ostvarili u Republici Srpskoj. Podr\u017eali smo \u0161tampanje knjiga autora \u010dije teme doprinose Republici Srpskoj i srpskom narodu, o\u010duvanju na\u0161eg identiteta, jezika i pisma, zajedni\u0161tvu i sabornosti.<\/p>\n<p>Tokom cijele godine Predstavni\u0161tvo je odr\u017eavalo redovnu i otvorenu komunikaciju sa medijima u Srbiji i Republici Srpskoj kroz medijske najave i saop\u0161tenja, konferencije za novinare, brifinge i javne nastupe. Istovremeno, redovno a\u017euriramo sajt Predstavni\u0161tva aktuelnim informacijama iz svih oblasti djelovanja, kao i informacijama iz Srbije i Republike Srpske zna\u010dajnim za me\u0111usobnu saradnju i rad Predstavni\u0161tva. Ovome dodajem i aktivnost Predstavni\u0161tva sa istim ciljem na dru\u0161tvenim mre\u017eama i elektronskim medijima.<\/p>\n<p>Imamo kontinuiranu komunikaciju sa gra\u0111anima Srpske i Srbije, gra\u0111ani Srbije su se javljali i javljaju na\u0161em Predstavni\u0161tvu <strong>naj\u010de\u0161\u0107e u \u017eelji da dobiju dvojno dr\u017eavljanstvo Republike Srpske<\/strong> kao drugo i tre\u0107e koljeno kolonista i to me, moram re\u0107i, raduje.<\/p>\n<p>Ovo je prilika da istaknem da je pripadnicima srpskog naroda iz Republike Srpske omogu\u0107eno sticanje dvojnog dr\u017eavljanstva\u00a0 Srbije po pojednostavljenoj proceduri (\u010dl. 23 Zakona o dr\u017eavljanstvu), procedura je jasna i pravno stabilna i u predhodnoj godini je znatno ubrzana.<\/p>\n<p>S druge strane, za gra\u0111ane Srbije koji \u017eele dvojno dr\u017eavljanstvo Bosne i Hercegovine, odnosno Republike Srpske, put je znatno slo\u017eeniji. Vi\u0161e nivoa vlasti u BiH, razli\u010dita tuma\u010denja propisa i dugotrajni postupci \u010dine ovaj proces zahtjevnijim. \u010cesto se sti\u010de utisak da pojedinac mora dokazivati ne samo porjeklo, ve\u0107 i opravdanost same \u017eelje za dvojnim dr\u017eavljanstvom. U BiH je pitanje dvojnog dr\u017eavljanstva za Srbe iz Srbije \u010desto\u00a0<strong>politi\u010dki os<\/strong><strong>j<\/strong><strong>etljivo<\/strong><strong>.<\/strong><\/p>\n<p>U 2026. godini \u00a0Predstavni\u0161tvo Republike Srpske u Republici Srbiji nastavi\u0107e da djeluje kao sna\u017ena institucionalna veza izme\u0111u Republike Srpske i Republike Srbije, uz poseban fokus na projekte koji ja\u010daju jedinstvo, identitet i sabornost srpskog naroda. Planirana je i obnova aktivnosti na projektu \u201ePodrinje\u201c, u saradnji sa Investiciono-razvojnom bankom Republike Srpske.<\/p>\n<p>Na kraju, zahvaljujem institucijama Republike Srpske i Republike Srbije, kao i svim partnerima i saradnicima, na svesrdnoj podr\u0161ci i saradnji tokom 2025. godine.<\/p>\n","protected":false},"excerpt":{"rendered":"<p>Sumiraju\u0107i rezultate rada Predstavni\u0161tva Republike Srpske u Republici Srbiji na kraju 2025. godine, tu godinu ocjenjujem kao izuzetno sadr\u017eajnu i uspje\u0161nu. Rad Predstavni\u0161tva obilje\u017eila je intenzivna i konkretna saradnja sa institucijama Republike Srbije na svim nivoima, sa jasnim ciljem ja\u010danja specijalnih i paralelnih veza, unapre\u0111enja me\u0111usobnog povjerenja i stvaranja novih mogu\u0107nosti za zajedni\u010dki razvoj. Tokom&#8230;<\/p>\n","protected":false},"author":2,"featured_media":20898,"comment_status":"closed","ping_status":"closed","sticky":false,"template":"","format":"standard","meta":[],"categories":[44],"tags":[105],"_links":{"self":[{"href":"https:\/\/predstavnistvorsbg.rs\/sr-Latn\/wp-json\/wp\/v2\/posts\/20902"}],"collection":[{"href":"https:\/\/predstavnistvorsbg.rs\/sr-Latn\/wp-json\/wp\/v2\/posts"}],"about":[{"href":"https:\/\/predstavnistvorsbg.rs\/sr-Latn\/wp-json\/wp\/v2\/types\/post"}],"author":[{"embeddable":true,"href":"https:\/\/predstavnistvorsbg.rs\/sr-Latn\/wp-json\/wp\/v2\/users\/2"}],"replies":[{"embeddable":true,"href":"https:\/\/predstavnistvorsbg.rs\/sr-Latn\/wp-json\/wp\/v2\/comments?post=20902"}],"version-history":[{"count":3,"href":"https:\/\/predstavnistvorsbg.rs\/sr-Latn\/wp-json\/wp\/v2\/posts\/20902\/revisions"}],"predecessor-version":[{"id":20911,"href":"https:\/\/predstavnistvorsbg.rs\/sr-Latn\/wp-json\/wp\/v2\/posts\/20902\/revisions\/20911"}],"wp:featuredmedia":[{"embeddable":true,"href":"https:\/\/predstavnistvorsbg.rs\/sr-Latn\/wp-json\/wp\/v2\/media\/20898"}],"wp:attachment":[{"href":"https:\/\/predstavnistvorsbg.rs\/sr-Latn\/wp-json\/wp\/v2\/media?parent=20902"}],"wp:term":[{"taxonomy":"category","embeddable":true,"href":"https:\/\/predstavnistvorsbg.rs\/sr-Latn\/wp-json\/wp\/v2\/categories?post=20902"},{"taxonomy":"post_tag","embeddable":true,"href":"https:\/\/predstavnistvorsbg.rs\/sr-Latn\/wp-json\/wp\/v2\/tags?post=20902"}],"curies":[{"name":"wp","href":"https:\/\/api.w.org\/{rel}","templated":true}]}}