{"id":21062,"date":"2026-02-10T12:16:08","date_gmt":"2026-02-10T11:16:08","guid":{"rendered":"https:\/\/predstavnistvorsbg.rs\/?p=21062"},"modified":"2026-02-11T10:39:02","modified_gmt":"2026-02-11T09:39:02","slug":"mladjen-cicovic-sutra-u-udruzenju-knjizevnika-srbije-svecano-urucuje-knjizevnu-nagradu-izvor-za-2025-godinu","status":"publish","type":"post","link":"https:\/\/predstavnistvorsbg.rs\/sr-Latn\/najava-dogadjaja-sr-latn\/mladjen-cicovic-sutra-u-udruzenju-knjizevnika-srbije-svecano-urucuje-knjizevnu-nagradu-izvor-za-2025-godinu\/","title":{"rendered":"Mla\u0111en Cicovi\u0107 sutra u Udru\u017eenju knji\u017eevnika Srbije sve\u010dano uru\u010duje knji\u017eevnu nagradu \u201eIzvor\u201c za 2025. godinu"},"content":{"rendered":"<p>Na konkurs za knji\u017eevnu nagradu <strong>Izvor 2025<\/strong>, koji su Predstavni\u0161tvo Republike Srpske u Srbiji i Udru\u017eenje knji\u017eevnika Srbije raspisali za najbolju pri\u010du, pjesmu ili esej o zavi\u010daju u 2025. godini, stigla su 283 rada; 60 pri\u010da, 208 pjesama i 15 eseja iz Srbije, Srpske, Crne Gore i rasijanja.<\/p>\n<p><img loading=\"lazy\" class=\"aligncenter wp-image-21056 size-large\" title=\"Knji\u017eevna nagrada Izvor 2025\" src=\"https:\/\/predstavnistvorsbg.rs\/wp-content\/uploads\/2026\/02\/nagrada_izvor_2025-819x1024.jpg\" alt=\"Knji\u017eevna nagrada Izvor 2025\" width=\"819\" height=\"1024\" srcset=\"https:\/\/predstavnistvorsbg.rs\/wp-content\/uploads\/2026\/02\/nagrada_izvor_2025-819x1024.jpg 819w, https:\/\/predstavnistvorsbg.rs\/wp-content\/uploads\/2026\/02\/nagrada_izvor_2025-240x300.jpg 240w, https:\/\/predstavnistvorsbg.rs\/wp-content\/uploads\/2026\/02\/nagrada_izvor_2025.jpg 1080w\" sizes=\"(max-width: 819px) 100vw, 819px\" \/><\/p>\n<p>\u017diri je odlu\u010dio da u u\u017eem izboru za nagradu budu tri pri\u010de: \u201eUto\u010di\u0161te\u201c, \u201ePotraga za smislom\u201c, \u201eDve Solunke\u201c; tri pjesme: \u201cZavi\u010daj\u201c, \u201eTamo je jutro\u201c, \u201e\u0160est zavi\u010dajnih slika\u201c i tri eseja: \u201eMoj grad du\u0161e\u201c, \u201eZavi\u010daj\u201c \u201eKamen\u010di\u0107\u201c. Nagradu Izvor za 2025. godinu dobija samo jedan od devet autora.<\/p>\n<p>\u017diri je radio u sastavu: Grozdana Lu\u010di\u0107 Lali\u0107 (predsjednik), Vidak Maslovari\u0107 i Du\u0161ko M. Petrovi\u0107.<\/p>\n<p>Nagra\u0111enom knji\u017eevniku nagradu \u0107e uru\u010dititi \u0161ef Predstavni\u0161tva Republike Srpske u Srbiji Mla\u0111en Cicovi\u0107 na sve\u010danosti u Salonu na spratu Udru\u017eenja knji\u017eevnika Srbije, Francuska 7, u srijedu 11. februara 2026. godine u 12 sati.<\/p>\n","protected":false},"excerpt":{"rendered":"<p>Na konkurs za knji\u017eevnu nagradu Izvor 2025, koji su Predstavni\u0161tvo Republike Srpske u Srbiji i Udru\u017eenje knji\u017eevnika Srbije raspisali za najbolju pri\u010du, pjesmu ili esej o zavi\u010daju u 2025. godini, stigla su 283 rada; 60 pri\u010da, 208 pjesama i 15 eseja iz Srbije, Srpske, Crne Gore i rasijanja. \u017diri je odlu\u010dio da u u\u017eem izboru&#8230;<\/p>\n","protected":false},"author":8,"featured_media":0,"comment_status":"closed","ping_status":"closed","sticky":false,"template":"","format":"standard","meta":[],"categories":[57],"tags":[105],"_links":{"self":[{"href":"https:\/\/predstavnistvorsbg.rs\/sr-Latn\/wp-json\/wp\/v2\/posts\/21062"}],"collection":[{"href":"https:\/\/predstavnistvorsbg.rs\/sr-Latn\/wp-json\/wp\/v2\/posts"}],"about":[{"href":"https:\/\/predstavnistvorsbg.rs\/sr-Latn\/wp-json\/wp\/v2\/types\/post"}],"author":[{"embeddable":true,"href":"https:\/\/predstavnistvorsbg.rs\/sr-Latn\/wp-json\/wp\/v2\/users\/8"}],"replies":[{"embeddable":true,"href":"https:\/\/predstavnistvorsbg.rs\/sr-Latn\/wp-json\/wp\/v2\/comments?post=21062"}],"version-history":[{"count":2,"href":"https:\/\/predstavnistvorsbg.rs\/sr-Latn\/wp-json\/wp\/v2\/posts\/21062\/revisions"}],"predecessor-version":[{"id":21067,"href":"https:\/\/predstavnistvorsbg.rs\/sr-Latn\/wp-json\/wp\/v2\/posts\/21062\/revisions\/21067"}],"wp:attachment":[{"href":"https:\/\/predstavnistvorsbg.rs\/sr-Latn\/wp-json\/wp\/v2\/media?parent=21062"}],"wp:term":[{"taxonomy":"category","embeddable":true,"href":"https:\/\/predstavnistvorsbg.rs\/sr-Latn\/wp-json\/wp\/v2\/categories?post=21062"},{"taxonomy":"post_tag","embeddable":true,"href":"https:\/\/predstavnistvorsbg.rs\/sr-Latn\/wp-json\/wp\/v2\/tags?post=21062"}],"curies":[{"name":"wp","href":"https:\/\/api.w.org\/{rel}","templated":true}]}}