{"id":21092,"date":"2026-02-11T15:23:48","date_gmt":"2026-02-11T14:23:48","guid":{"rendered":"https:\/\/predstavnistvorsbg.rs\/?p=21092"},"modified":"2026-02-13T12:44:36","modified_gmt":"2026-02-13T11:44:36","slug":"nagrada-izvor-razumenki-markovic-za-pjesmu-tamo-je-jutro","status":"publish","type":"post","link":"https:\/\/predstavnistvorsbg.rs\/sr-Latn\/prethodni-dogadjaji-sr-latn\/nagrada-izvor-razumenki-markovic-za-pjesmu-tamo-je-jutro\/","title":{"rendered":"Nagrada &#8222;Izvor&#8220; Razumenki Markovi\u0107 za pjesmu &#8222;Tamo je jutro&#8220;"},"content":{"rendered":"<p>Knji\u017eevnici iz Po\u017eege Razumenki Markovi\u0107 za pjesmu &#8222;Tamo je jutro&#8220; danas je u Beogradu uru\u010dena knji\u017eevna nagrada &#8222;Izvor&#8220;, koju dodjeljuju Predstavni\u0161tvo Republike Srpske u Srbiji i Udru\u017eenje knji\u017eevnika Srbije.<\/p>\n<p><img loading=\"lazy\" class=\"aligncenter wp-image-21076 size-full\" title=\"Razumenka Markovi\u0107\" src=\"https:\/\/predstavnistvorsbg.rs\/wp-content\/uploads\/2026\/02\/Razumenka_Markovic.jpeg\" alt=\"Razumenka Markovi\u0107\" width=\"1024\" height=\"767\" srcset=\"https:\/\/predstavnistvorsbg.rs\/wp-content\/uploads\/2026\/02\/Razumenka_Markovic.jpeg 1024w, https:\/\/predstavnistvorsbg.rs\/wp-content\/uploads\/2026\/02\/Razumenka_Markovic-300x225.jpeg 300w\" sizes=\"(max-width: 1024px) 100vw, 1024px\" \/><\/p>\n<p>Markovi\u0107eva je istakla da ova nagrada ima posebnu te\u017einu u njenom stvarala\u010dkom radu i zahvalila \u017eiriju \u0161to je prepoznao iskrenost pjesme koja u sebi nosi ne samo njenu li\u010dnu i porodi\u010dnu biografiju, nego i omladine koja odlazi u tu\u0111inu.<\/p>\n<p><img loading=\"lazy\" class=\"aligncenter wp-image-21080 size-full\" title=\"Mla\u0111en Cicovi\u0107 i Razumenka Markovi\u0107\" src=\"https:\/\/predstavnistvorsbg.rs\/wp-content\/uploads\/2026\/02\/izvor_2025.jpeg\" alt=\"Mla\u0111en Cicovi\u0107 i Razumenka Markovi\u0107\" width=\"1024\" height=\"768\" srcset=\"https:\/\/predstavnistvorsbg.rs\/wp-content\/uploads\/2026\/02\/izvor_2025.jpeg 1024w, https:\/\/predstavnistvorsbg.rs\/wp-content\/uploads\/2026\/02\/izvor_2025-300x225.jpeg 300w\" sizes=\"(max-width: 1024px) 100vw, 1024px\" \/><\/p>\n<p>Nagradu je uru\u010dio \u0161ef Predstavni\u0161tva Republike Srpske u Srbiji Mla\u0111en Cicovi\u0107 koji je izrazio uvjerenje da \u0107e ova nagrada postati jedna od zna\u010dajnijih koje \u0107e Udru\u017eenje knji\u017eevnika Srbije zajedno sa Predstavni\u0161tvom dodjeljivati piscima iz Srbije, Srpske, Crne Gore i rasijanja za djela o zavi\u010daju.<\/p>\n<p>Na taj na\u010din, naveo je, doprinosi\u0107e da se zavi\u010daj sa\u010duva od zaborava, ali i da se afirmi\u0161e u sredini u kojoj \u017eivimo.<\/p>\n<p><img loading=\"lazy\" class=\"aligncenter wp-image-21083 size-full\" title=\"Grozdana Luki\u0107 Lali\u0107, predsjednik \u017eirija\" src=\"https:\/\/predstavnistvorsbg.rs\/wp-content\/uploads\/2026\/02\/Grozdana_Lukic_Lalic.jpeg\" alt=\"Grozdana Luki\u0107 Lali\u0107\" width=\"1024\" height=\"768\" srcset=\"https:\/\/predstavnistvorsbg.rs\/wp-content\/uploads\/2026\/02\/Grozdana_Lukic_Lalic.jpeg 1024w, https:\/\/predstavnistvorsbg.rs\/wp-content\/uploads\/2026\/02\/Grozdana_Lukic_Lalic-300x225.jpeg 300w\" sizes=\"(max-width: 1024px) 100vw, 1024px\" \/><\/p>\n<p>Predsjednik \u017eirija Grozdana Lu\u010di\u0107 Lali\u0107 rekla je da je Markovi\u0107eva osvojila nagradu u izuzetno jakoj konkurenciji 283 rada pristigla na konkurs, me\u0111u kojima je bilo 60 pri\u010da, 15 eseja, a ostalo je bila poezija.<\/p>\n<p>\u017diri su \u010dinili generalni sekretar Udru\u017eenja knji\u017eevnika Srbije Grozdana Lu\u010di\u0107 Lali\u0107, Vidak Maslovari\u0107 i Du\u0161ko M. Petrovi\u0107.<\/p>\n<p><img loading=\"lazy\" class=\"aligncenter wp-image-21086 size-full\" title=\"Klji\u017eevna nagrada &quot;Izvor&quot; 2025\" src=\"https:\/\/predstavnistvorsbg.rs\/wp-content\/uploads\/2026\/02\/knjizevna_nagrada_izvor_2025-e1770819439909.jpeg\" alt=\"Knji\u017eevna nagrada\" width=\"1024\" height=\"724\" srcset=\"https:\/\/predstavnistvorsbg.rs\/wp-content\/uploads\/2026\/02\/knjizevna_nagrada_izvor_2025-e1770819439909.jpeg 1024w, https:\/\/predstavnistvorsbg.rs\/wp-content\/uploads\/2026\/02\/knjizevna_nagrada_izvor_2025-e1770819439909-300x212.jpeg 300w\" sizes=\"(max-width: 1024px) 100vw, 1024px\" \/><\/p>\n<p>U u\u017eem izboru za nagradu bile su i pri\u010de &#8222;Uto\u010di\u0161te&#8220; Tamare Lujak, &#8222;Potraga za smislom&#8220; \u017deljke Avri\u0107 i &#8222;Dve Solunke&#8220; Milinke Jovanovi\u0107, pjesme &#8222;Zavi\u010daj&#8220; Milenka Jev\u0111evi\u0107a, &#8222;\u0160est zavi\u010dajnih slika&#8220; Marine Nikoli\u0107, te eseji &#8222;Moj grad du\u0161e&#8220; Gordane Stankovi\u0107, &#8222;Zavi\u010daj&#8220; Marije Karad\u017ei\u0107 i &#8222;Kamen\u010di\u0107&#8220; Verice Preda.<\/p>\n<p>Predstavni\u0161tvo Republike Srpske u Srbiji od 2014. godine zajedno sa knji\u017eevnim \u010dasopisom &#8222;\u017drnov&#8220; dodjeljuje nagradu za najbolju pri\u010du i pjesmu o zavi\u010daju, a od ove godine sa Udru\u017eenjem knji\u017eevnika Srbije.<\/p>\n<p>Konkurs od ove godine predvi\u0111a da za nagradu mogu konkurisati i pisci eseja.<\/p>\n<p>Pjesmu koja je osvojila knji\u017eevnu nagradu &#8222;Izvor&#8220; za 2025. godinu mo\u017eete pro\u010ditati <a href=\"https:\/\/predstavnistvorsbg.rs\/wp-content\/uploads\/2026\/02\/Izvor_2025_Tamo_je_jutro.pdf\">OVDJE.<\/a><\/p>\n","protected":false},"excerpt":{"rendered":"<p>Knji\u017eevnici iz Po\u017eege Razumenki Markovi\u0107 za pjesmu &#8222;Tamo je jutro&#8220; danas je u Beogradu uru\u010dena knji\u017eevna nagrada &#8222;Izvor&#8220;, koju dodjeljuju Predstavni\u0161tvo Republike Srpske u Srbiji i Udru\u017eenje knji\u017eevnika Srbije. Markovi\u0107eva je istakla da ova nagrada ima posebnu te\u017einu u njenom stvarala\u010dkom radu i zahvalila \u017eiriju \u0161to je prepoznao iskrenost pjesme koja u sebi nosi ne&#8230;<\/p>\n","protected":false},"author":8,"featured_media":21096,"comment_status":"closed","ping_status":"closed","sticky":false,"template":"","format":"standard","meta":[],"categories":[56],"tags":[105],"_links":{"self":[{"href":"https:\/\/predstavnistvorsbg.rs\/sr-Latn\/wp-json\/wp\/v2\/posts\/21092"}],"collection":[{"href":"https:\/\/predstavnistvorsbg.rs\/sr-Latn\/wp-json\/wp\/v2\/posts"}],"about":[{"href":"https:\/\/predstavnistvorsbg.rs\/sr-Latn\/wp-json\/wp\/v2\/types\/post"}],"author":[{"embeddable":true,"href":"https:\/\/predstavnistvorsbg.rs\/sr-Latn\/wp-json\/wp\/v2\/users\/8"}],"replies":[{"embeddable":true,"href":"https:\/\/predstavnistvorsbg.rs\/sr-Latn\/wp-json\/wp\/v2\/comments?post=21092"}],"version-history":[{"count":4,"href":"https:\/\/predstavnistvorsbg.rs\/sr-Latn\/wp-json\/wp\/v2\/posts\/21092\/revisions"}],"predecessor-version":[{"id":21123,"href":"https:\/\/predstavnistvorsbg.rs\/sr-Latn\/wp-json\/wp\/v2\/posts\/21092\/revisions\/21123"}],"wp:featuredmedia":[{"embeddable":true,"href":"https:\/\/predstavnistvorsbg.rs\/sr-Latn\/wp-json\/wp\/v2\/media\/21096"}],"wp:attachment":[{"href":"https:\/\/predstavnistvorsbg.rs\/sr-Latn\/wp-json\/wp\/v2\/media?parent=21092"}],"wp:term":[{"taxonomy":"category","embeddable":true,"href":"https:\/\/predstavnistvorsbg.rs\/sr-Latn\/wp-json\/wp\/v2\/categories?post=21092"},{"taxonomy":"post_tag","embeddable":true,"href":"https:\/\/predstavnistvorsbg.rs\/sr-Latn\/wp-json\/wp\/v2\/tags?post=21092"}],"curies":[{"name":"wp","href":"https:\/\/api.w.org\/{rel}","templated":true}]}}