{"id":21144,"date":"2026-02-13T16:14:44","date_gmt":"2026-02-13T15:14:44","guid":{"rendered":"https:\/\/predstavnistvorsbg.rs\/?p=21144"},"modified":"2026-02-13T22:18:55","modified_gmt":"2026-02-13T21:18:55","slug":"sombor-obiljezava-dan-grada","status":"publish","type":"post","link":"https:\/\/predstavnistvorsbg.rs\/sr-Latn\/najava-dogadjaja-sr-latn\/sombor-obiljezava-dan-grada\/","title":{"rendered":"Sombor obilje\u017eava Dan grada"},"content":{"rendered":"<p>Pod sloganom \u201eSombor 1476-2026. \u2013 Od somborske tvr\u0111avice do grada obrazovanja, sporta, turizma, kulture i saobra\u0107ajne infrastrukture\u201c od 16. do 18. februara Sombor \u0107e sve\u010dano obilje\u017eiti Dan grada. Ovim povodom pripremljen je bogat trodnevni program koji obuhvata izlo\u017ebe, predstave, radionice za djecu i mlade, sportske doga\u0111aje i koncert.<\/p>\n<p>Na sam Dan grada \u2013 17. februara u 10 sati u Turisti\u010dko-informativnom centru \u201eGundel\u201c, gradona\u010delnik Sombora Antonio Ratkovi\u0107 uprili\u010di\u0107e prijem za delegacije bratskih i prijateljskih gradova, kojem \u0107e prisustvovati i Borislav Maksimovi\u0107, savjetnik za kulturu u Predstavni\u0161tvu Republike Srpske u Srbiji.<\/p>\n<p>Kulturni centar \u201eLaza Kosti\u0107\u201c organizuje radionicu za djecu \u201eMoj grad\u201c koja \u0107e se odr\u017eati u Galeriji Kulturnog centra sa po\u010detkom u 11 \u010dasova. Tako\u0111e u 11 \u010dasova otvara se izlo\u017eba \u201eTamo gde mastilo postaje svetlost\u201c- 150 godina od ro\u0111enja Ernesta Bo\u0161njaka, pionira kinematografije, u Gradskom muzeju Sombor. U 12 sati na Velikoj sceni Narodnog pozori\u0161ta Sombor, bi\u0107e odr\u017eana sve\u010dana akademija pod sloganom \u201eSombor 1476-2026. \u2013 Od somborske tvr\u0111avice do grada obrazovanja, sporta, turizma, kulture i saobra\u0107ajne infrastrukture &#8211; 550 godina od zavr\u0161etka izgradnje coborsentmihaljske tvr\u0111ave&#8220;<\/p>\n<p>U terminima od 16 i 18 \u010dasova u Velikoj sali Kulturnog centra Sombor, Venac Radomira Putnika 2, odigra\u0107e se predstava za djecu \u201eAladinova \u010darobna lampa\u201c, Pan teatara Beograd. Sa po\u010detkom u 17 \u010dasova organizuje se turnir u stonom tenisu Sombor \u2013 Baja\u00a0 povodom 60. godi\u0161njice bratimljenja dva grada, u OFO sali Gradske hale \u201eMostonga\u201c, a ulaz je slobodan za sve posjetioce. U 18 \u010dasova otvara se izlo\u017eba \u201eCrte\u017ei Milana Konjovi\u0107a\u201c\u00a0 u Galeriji \u201eMilan Konjovi\u0107\u201c. Tako\u0111e, 17. februara Sportski centar \u201eSoko\u201c omogu\u0107ava posjetiocima besplatan ulaz na bazen.<\/p>\n<p>Predstavni\u0161tvo Republike Srpske u Srbiji i Grad Sombor u kontinuitetu njeguju uspje\u0161nu saradnju koja doprinosi razvoju i ja\u010danju veza Republike Srpske i Srbije, posebno se iskazuju\u0107i kroz partnerstvo Sombora i Isto\u010dnog Sarajeva i sporazum o bratimljenju koji su potpisala dva grada.<\/p>\n<p>Kompletan program mo\u017eete pogledati <a href=\"https:\/\/predstavnistvorsbg.rs\/wp-content\/uploads\/2026\/02\/Grad_Sombor.pdf\">OVDJE.<\/a><\/p>\n","protected":false},"excerpt":{"rendered":"<p>Pod sloganom \u201eSombor 1476-2026. \u2013 Od somborske tvr\u0111avice do grada obrazovanja, sporta, turizma, kulture i saobra\u0107ajne infrastrukture\u201c od 16. do 18. februara Sombor \u0107e sve\u010dano obilje\u017eiti Dan grada. Ovim povodom pripremljen je bogat trodnevni program koji obuhvata izlo\u017ebe, predstave, radionice za djecu i mlade, sportske doga\u0111aje i koncert. Na sam Dan grada \u2013 17. februara&#8230;<\/p>\n","protected":false},"author":8,"featured_media":0,"comment_status":"closed","ping_status":"closed","sticky":false,"template":"","format":"standard","meta":[],"categories":[57],"tags":[105],"_links":{"self":[{"href":"https:\/\/predstavnistvorsbg.rs\/sr-Latn\/wp-json\/wp\/v2\/posts\/21144"}],"collection":[{"href":"https:\/\/predstavnistvorsbg.rs\/sr-Latn\/wp-json\/wp\/v2\/posts"}],"about":[{"href":"https:\/\/predstavnistvorsbg.rs\/sr-Latn\/wp-json\/wp\/v2\/types\/post"}],"author":[{"embeddable":true,"href":"https:\/\/predstavnistvorsbg.rs\/sr-Latn\/wp-json\/wp\/v2\/users\/8"}],"replies":[{"embeddable":true,"href":"https:\/\/predstavnistvorsbg.rs\/sr-Latn\/wp-json\/wp\/v2\/comments?post=21144"}],"version-history":[{"count":3,"href":"https:\/\/predstavnistvorsbg.rs\/sr-Latn\/wp-json\/wp\/v2\/posts\/21144\/revisions"}],"predecessor-version":[{"id":21150,"href":"https:\/\/predstavnistvorsbg.rs\/sr-Latn\/wp-json\/wp\/v2\/posts\/21144\/revisions\/21150"}],"wp:attachment":[{"href":"https:\/\/predstavnistvorsbg.rs\/sr-Latn\/wp-json\/wp\/v2\/media?parent=21144"}],"wp:term":[{"taxonomy":"category","embeddable":true,"href":"https:\/\/predstavnistvorsbg.rs\/sr-Latn\/wp-json\/wp\/v2\/categories?post=21144"},{"taxonomy":"post_tag","embeddable":true,"href":"https:\/\/predstavnistvorsbg.rs\/sr-Latn\/wp-json\/wp\/v2\/tags?post=21144"}],"curies":[{"name":"wp","href":"https:\/\/api.w.org\/{rel}","templated":true}]}}