{"id":21166,"date":"2026-02-18T10:35:23","date_gmt":"2026-02-18T09:35:23","guid":{"rendered":"https:\/\/predstavnistvorsbg.rs\/?p=21166"},"modified":"2026-03-05T12:41:52","modified_gmt":"2026-03-05T11:41:52","slug":"delegacija-istocnog-sarajeva-i-predstavnistva-srpske-u-srbiji-na-obiljezavanju-dana-grada-sombora","status":"publish","type":"post","link":"https:\/\/predstavnistvorsbg.rs\/sr-Latn\/prethodni-dogadjaji-sr-latn\/delegacija-istocnog-sarajeva-i-predstavnistva-srpske-u-srbiji-na-obiljezavanju-dana-grada-sombora\/","title":{"rendered":"Delegacija Isto\u010dnog Sarajeva i Predstavni\u0161tva Srpske u Srbiji na obilje\u017eavanju Dana grada Sombora"},"content":{"rendered":"<p>Delegacija grada Isto\u010dnog Sarajeva i Predstavni\u0161tva Republike Srpske u Srbiji danas su u gradskom pozori\u0161tu u Somboru prisustvovali obilje\u017eavanju 277 godina od kada je Sombor poveljom Marije Terezije postao slobodan i kraljevski grad.<\/p>\n<p><img loading=\"lazy\" class=\"aligncenter wp-image-21155 size-full\" title=\"Gradona\u010delnik Sombora, delegacija grada Isto\u010dnog Sarajeva i Predstavni\u0161tva Republike Srpske u Srbiji\" src=\"https:\/\/predstavnistvorsbg.rs\/wp-content\/uploads\/2026\/02\/2manifestacija_grad_sombor.jpg?_t=1772710769\" alt=\"Gradona\u010delnik Sombora, delegacija grada Isto\u010dnog Sarajeva i Predstavni\u0161tva Republike Srpske u Srbiji\" width=\"1024\" height=\"768\" srcset=\"https:\/\/predstavnistvorsbg.rs\/wp-content\/uploads\/2026\/02\/2manifestacija_grad_sombor.jpg 1024w, https:\/\/predstavnistvorsbg.rs\/wp-content\/uploads\/2026\/02\/2manifestacija_grad_sombor-300x225.jpg 300w\" sizes=\"(max-width: 1024px) 100vw, 1024px\" \/><\/p>\n<p>Gradona\u010delnik Isto\u010dnog Sarajeva Ljubi\u0161a \u0106osi\u0107, koji je sa potpredsjednikom skup\u0161tine grada Jovanom Golijanom prisustvovao obilje\u017eavanju ro\u0111endana Sombora, rekao je Srni da su veze dva grada dugogodi\u0161nje, a od pro\u0161le godine i pobratimske.<\/p>\n<p>&#8222;Mi smo odnedavno gradovi pobratimi, a za kratko vrijeme veliki prijatelji i na\u0161i odnosi su intenzivirani. Danas mi je zadovoljstvo da Sombrocima \u010destitamo Dan grada. Veze Srbije i Srpske, a samim tim i Isto\u010dng Sarajeva i Sombora, neraskidive su i postaju sve sna\u017enije&#8220;, rekao je \u0106osi\u0107.<\/p>\n<p><img loading=\"lazy\" class=\"aligncenter wp-image-21161 size-full\" title=\"Manifestacija povodom Dana grada Sombora\" src=\"https:\/\/predstavnistvorsbg.rs\/wp-content\/uploads\/2026\/02\/4program_manifestacije.jpg?_t=1772710788\" alt=\"Manifestacija povodom Dana grada Sombora\" width=\"1024\" height=\"768\" srcset=\"https:\/\/predstavnistvorsbg.rs\/wp-content\/uploads\/2026\/02\/4program_manifestacije.jpg 1024w, https:\/\/predstavnistvorsbg.rs\/wp-content\/uploads\/2026\/02\/4program_manifestacije-300x225.jpg 300w\" sizes=\"(max-width: 1024px) 100vw, 1024px\" \/><\/p>\n<p>On je naveo da \u0107e u okviru proslave Dana grada Sombora ve\u010deras nastupiti djeca iz Muzi\u010dke \u0161kole u Isto\u010dnom Sarajevu, \u0161to posebno raduje jer zna\u010di povezivanje mladih, koji su budu\u0107nost i na kojim ostaje kultura.<\/p>\n<p>&#8222;Na ovaj na\u010din pokazujemo da je srpsko nacionalno bi\u0107e jedinstveno i da ne mo\u017ee nikada da bude pokidano&#8220;, naglasio je \u0106osi\u0107.<\/p>\n<p><img loading=\"lazy\" class=\"aligncenter wp-image-21158 size-full\" title=\"Manifestacija povodom Dana grada Sombora\" src=\"https:\/\/predstavnistvorsbg.rs\/wp-content\/uploads\/2026\/02\/3manifestacija_sombor.jpg?_t=1772710808\" alt=\"Manifestacija povodom Dana grada Sombora\" width=\"1024\" height=\"768\" srcset=\"https:\/\/predstavnistvorsbg.rs\/wp-content\/uploads\/2026\/02\/3manifestacija_sombor.jpg 1024w, https:\/\/predstavnistvorsbg.rs\/wp-content\/uploads\/2026\/02\/3manifestacija_sombor-300x225.jpg 300w\" sizes=\"(max-width: 1024px) 100vw, 1024px\" \/><\/p>\n<p>On je dodao da je plan da mali\u0161ani iz Isto\u010dnog Sarajeva ponovo na ljeto budu gosti Sombora, a da mali\u0161ani iz Sombora posjete, prije svega Jahorinu, ali i Ravnu Planinu i Trebevi\u0107 i ostale dijelove Isto\u010dnog Sarajeva.<\/p>\n<p>\u0106osi\u0107 je ukazao da je Isto\u010dno Sarajevo, osim Sombora i grad pobratim Ni\u0161a i Novog Sada, a da je zna\u010dajan doprinos za uspostavljanje tih bliskih odnosa imalo Predstavni\u0161tvo Republike Srpske u Srbiji.<\/p>\n<p>Zahvalnicu povodom Dana grada koja je dodijeljena Predstavni\u0161tvu Republike Srpske za doprinos uspostavljanju bratimljenja Grada Sombora sa Gradom Isto\u010dnim Sarajevom, i povezivanju srpskog naroda sa obe strane Drine, u ime \u0161efa Predstavni\u0161tva Mla\u0111ena Cicovi\u0107a, primio je Borislav Maksimovi\u0107, savjetnik za kulturu u Predstavni\u0161tvu.<\/p>\n","protected":false},"excerpt":{"rendered":"<p>Delegacija grada Isto\u010dnog Sarajeva i Predstavni\u0161tva Republike Srpske u Srbiji danas su u gradskom pozori\u0161tu u Somboru prisustvovali obilje\u017eavanju 277 godina od kada je Sombor poveljom Marije Terezije postao slobodan i kraljevski grad. Gradona\u010delnik Isto\u010dnog Sarajeva Ljubi\u0161a \u0106osi\u0107, koji je sa potpredsjednikom skup\u0161tine grada Jovanom Golijanom prisustvovao obilje\u017eavanju ro\u0111endana Sombora, rekao je Srni da su&#8230;<\/p>\n","protected":false},"author":8,"featured_media":21154,"comment_status":"closed","ping_status":"closed","sticky":false,"template":"","format":"standard","meta":[],"categories":[56],"tags":[105],"_links":{"self":[{"href":"https:\/\/predstavnistvorsbg.rs\/sr-Latn\/wp-json\/wp\/v2\/posts\/21166"}],"collection":[{"href":"https:\/\/predstavnistvorsbg.rs\/sr-Latn\/wp-json\/wp\/v2\/posts"}],"about":[{"href":"https:\/\/predstavnistvorsbg.rs\/sr-Latn\/wp-json\/wp\/v2\/types\/post"}],"author":[{"embeddable":true,"href":"https:\/\/predstavnistvorsbg.rs\/sr-Latn\/wp-json\/wp\/v2\/users\/8"}],"replies":[{"embeddable":true,"href":"https:\/\/predstavnistvorsbg.rs\/sr-Latn\/wp-json\/wp\/v2\/comments?post=21166"}],"version-history":[{"count":2,"href":"https:\/\/predstavnistvorsbg.rs\/sr-Latn\/wp-json\/wp\/v2\/posts\/21166\/revisions"}],"predecessor-version":[{"id":21421,"href":"https:\/\/predstavnistvorsbg.rs\/sr-Latn\/wp-json\/wp\/v2\/posts\/21166\/revisions\/21421"}],"wp:featuredmedia":[{"embeddable":true,"href":"https:\/\/predstavnistvorsbg.rs\/sr-Latn\/wp-json\/wp\/v2\/media\/21154"}],"wp:attachment":[{"href":"https:\/\/predstavnistvorsbg.rs\/sr-Latn\/wp-json\/wp\/v2\/media?parent=21166"}],"wp:term":[{"taxonomy":"category","embeddable":true,"href":"https:\/\/predstavnistvorsbg.rs\/sr-Latn\/wp-json\/wp\/v2\/categories?post=21166"},{"taxonomy":"post_tag","embeddable":true,"href":"https:\/\/predstavnistvorsbg.rs\/sr-Latn\/wp-json\/wp\/v2\/tags?post=21166"}],"curies":[{"name":"wp","href":"https:\/\/api.w.org\/{rel}","templated":true}]}}