{"id":21184,"date":"2026-02-18T12:19:14","date_gmt":"2026-02-18T11:19:14","guid":{"rendered":"https:\/\/predstavnistvorsbg.rs\/?p=21184"},"modified":"2026-02-18T12:21:53","modified_gmt":"2026-02-18T11:21:53","slug":"republika-srpska-na-47-medjunarodnom-sajmu-turizma-u-beogradu-jedinstvena-ponuda-na-387-m2","status":"publish","type":"post","link":"https:\/\/predstavnistvorsbg.rs\/sr-Latn\/najava-dogadjaja-sr-latn\/republika-srpska-na-47-medjunarodnom-sajmu-turizma-u-beogradu-jedinstvena-ponuda-na-387-m2\/","title":{"rendered":"Republika Srpska na 47. Me\u0111unarodnom sajmu turizma u Beogradu: Jedinstvena ponuda na 387 m2"},"content":{"rendered":"<p>Republika Srpska predstavi\u0107e svoju sveobuhvatnu turisti\u010dku ponudu na 47. Me\u0111unarodnom sajmu turizma u Beogradu, koji se odr\u017eava od 19. do 22. februara na Beogradskom sajmu. Sve\u010dano otvaranje Sajma je u \u010detvrtak, 19. februara u 11 \u010dasova, na galeriji Hale 4.<\/p>\n<p><img loading=\"lazy\" class=\"wp-image-21168 size-full aligncenter\" title=\"Sve\u010dano otvaranje 47.Me\u0111unarodnog sajma turizma\" src=\"https:\/\/predstavnistvorsbg.rs\/wp-content\/uploads\/2026\/02\/glavni_stand.jpeg\" alt=\"Sve\u010dano otvaranje 47.Me\u0111unarodnog sajma turizma\" width=\"1024\" height=\"768\" srcset=\"https:\/\/predstavnistvorsbg.rs\/wp-content\/uploads\/2026\/02\/glavni_stand.jpeg 1024w, https:\/\/predstavnistvorsbg.rs\/wp-content\/uploads\/2026\/02\/glavni_stand-300x225.jpeg 300w\" sizes=\"(max-width: 1024px) 100vw, 1024px\" \/><\/p>\n<p>Turisti\u010dka ponuda Republike Srpske bi\u0107e predstavljena u Hali 1 na ukupno 387 m\u00b2, kroz zajedni\u010dki izlo\u017ebeni prostor Turisti\u010dke organizacije Republike Srpske i Predstavni\u0161tva Republike Srpske u Srbiji i samostalne izlo\u017ebene prostore turisti\u010dkih organizacija gradova i op\u0161tina.<\/p>\n<p>Turisti\u010dka organizacija Republike Srpske\u00a0i\u00a0Predstavni\u0161tvo Republike Srpske u Srbiji\u00a0predstavi\u0107e se na reprezentativnom \u0161tandu od 84 m\u00b2, putem promotivnih materijala, bro\u0161ura, video-sadr\u017eaja i prezentacija.<\/p>\n<p>U okviru zajedni\u010dkog prostora Turisti\u010dka organizacija Republike Srpske\u00a0i\u00a0Predstavni\u0161tva Republike Srpske svoju ponudu predstavi\u0107e brojne lokalne turisti\u010dke organizacije \u2013 Prijedor, Kozarska Dubica, Lakta\u0161i, Tesli\u0107, Zvornik, Gradi\u0161ka, Srebrenica, Kalinovik, Nevesinje, Vlasenica, Srbac, Ugljevik, Rogatica, Bile\u0107a, Han Pijesak, Modri\u010da \u2013 kao i drugi subjekti iz oblasti turizma. Tokom trajanja sajma bi\u0107e organizovane tematske promocije i prezentacije turisti\u010dke ponude.<\/p>\n<p>Posebne prezentacije na zajedni\u010dkom \u0161tandu bi\u0107e odr\u017eane:<\/p>\n<ul>\n<li>19. februara \u2013 Turisti\u010dka organizacija Vi\u0161egrada<\/li>\n<li>20. februara \u2013 Turisti\u010dka organizacija Bijeljine<\/li>\n<li>21. februara \u2013 Turisti\u010dka organizacija Nevesinja<\/li>\n<\/ul>\n<p><img loading=\"lazy\" class=\"aligncenter wp-image-21171 size-full\" title=\"Sve\u010dano otvaranje 47.Me\u0111unarodnog sajma turizma\" src=\"https:\/\/predstavnistvorsbg.rs\/wp-content\/uploads\/2026\/02\/stand_kozara.jpeg\" alt=\"Sve\u010dano otvaranje 47.Me\u0111unarodnog sajma turizma\" width=\"1024\" height=\"768\" srcset=\"https:\/\/predstavnistvorsbg.rs\/wp-content\/uploads\/2026\/02\/stand_kozara.jpeg 1024w, https:\/\/predstavnistvorsbg.rs\/wp-content\/uploads\/2026\/02\/stand_kozara-300x225.jpeg 300w\" sizes=\"(max-width: 1024px) 100vw, 1024px\" \/><\/p>\n<p>U okviru jedinstvenog prostora od 303 m\u00b2, na svojim izlo\u017ebenim prostorima, samostalno \u0107e se predstaviti turisti\u010dke organizacije Banja Luke, Trebinja, Isto\u010dnog Sarajeva (Jahorine), Bijeljine, Vi\u0161egrada i Doboja, kao i\u00a0Nacionalni park Kozara, koji \u0107e posebno ista\u0107i spoj prirodnog i kulturno-istorijskog naslje\u0111a.<\/p>\n<p><img loading=\"lazy\" class=\"aligncenter wp-image-21174 size-full\" title=\"Sve\u010dano otvaranje 47.Me\u0111unarodnog sajma turizma\" src=\"https:\/\/predstavnistvorsbg.rs\/wp-content\/uploads\/2026\/02\/stand_trebinje.jpeg?_t=1771413697\" alt=\"Sve\u010dano otvaranje 47.Me\u0111unarodnog sajma turizma\" width=\"1024\" height=\"768\" srcset=\"https:\/\/predstavnistvorsbg.rs\/wp-content\/uploads\/2026\/02\/stand_trebinje.jpeg 1024w, https:\/\/predstavnistvorsbg.rs\/wp-content\/uploads\/2026\/02\/stand_trebinje-300x225.jpeg 300w\" sizes=\"(max-width: 1024px) 100vw, 1024px\" \/><\/p>\n<p>Turisti\u010dka organizacija Trebinja\u00a0predstavi\u0107e ponudu grada uz u\u010de\u0161\u0107e Hercegova\u010dke ku\u0107e i kompleksa Grad sunca, kao i brojnih privrednih subjekata iz oblasti turizma.<\/p>\n<p>Turisti\u010dka organizacija Banja Luka\u00a0promovisa\u0107e turisti\u010dke potencijale grada, u okviru kojih \u0107e se predstaviti i Kraji\u0161ka ku\u0107a.<\/p>\n<p><img loading=\"lazy\" class=\"aligncenter wp-image-21177 size-large\" title=\"Sve\u010dano otvaranje 47.Me\u0111unarodnog sajma turizma\" src=\"https:\/\/predstavnistvorsbg.rs\/wp-content\/uploads\/2026\/02\/istocno_sarajevo_stand-889x1024.jpeg\" alt=\"Sve\u010dano otvaranje 47.Me\u0111unarodnog sajma turizma\" width=\"889\" height=\"1024\" srcset=\"https:\/\/predstavnistvorsbg.rs\/wp-content\/uploads\/2026\/02\/istocno_sarajevo_stand-889x1024.jpeg 889w, https:\/\/predstavnistvorsbg.rs\/wp-content\/uploads\/2026\/02\/istocno_sarajevo_stand-261x300.jpeg 261w, https:\/\/predstavnistvorsbg.rs\/wp-content\/uploads\/2026\/02\/istocno_sarajevo_stand.jpeg 1024w\" sizes=\"(max-width: 889px) 100vw, 889px\" \/><\/p>\n<p>Turisti\u010dka organizacija Isto\u010dno Sarajevo\u00a0predstavi\u0107e svoju ponudu kroz marketin\u0161ke novitete i multimedijalne materijale, uz partnere kao \u0161to su\u00a0Olimpijski centar Jahorina\u00a0i\u00a0Ski-centar Ravna planina.<\/p>\n<p>U okviru promocije Turisti\u010dke organizacije Bijeljina, svoje usluge predstavi\u0107e Etno selo \u201eStani\u0161i\u0107i\u201c, hotel \u201eDrina\u201c, banja \u201eDvorovi\u201c, restorani \u201eLovac\u201c, \u201eGlobus\u201c i \u201ePet jezera\u201c, destilerija \u201eMonako\u201c, vinarija \u201ePaji\u0107\u201c, kao i brojna udru\u017eenja i lokalni proizvo\u0111a\u010di.<\/p>\n<p>Nastup na Me\u0111unarodnom sajmu turizma u Beogradu od izuzetnog je zna\u010daja za Republiku Srpsku, imaju\u0107i u vidu da najve\u0107i broj turista dolazi upravo iz Republike Srbije. Sajam predstavlja priliku za dodatno pozicioniranje turisti\u010dke ponude Srpske na jednom od najzna\u010dajnijih regionalnih turisti\u010dkih doga\u0111aja.<\/p>\n<p>Radno vrijeme za posjetioce je 19, 20. i 21. februara od 10 do 19 \u010dasova, a 22. februara od 10 do 18 \u010dasova.<\/p>\n","protected":false},"excerpt":{"rendered":"<p>Republika Srpska predstavi\u0107e svoju sveobuhvatnu turisti\u010dku ponudu na 47. Me\u0111unarodnom sajmu turizma u Beogradu, koji se odr\u017eava od 19. do 22. februara na Beogradskom sajmu. Sve\u010dano otvaranje Sajma je u \u010detvrtak, 19. februara u 11 \u010dasova, na galeriji Hale 4. Turisti\u010dka ponuda Republike Srpske bi\u0107e predstavljena u Hali 1 na ukupno 387 m\u00b2, kroz zajedni\u010dki&#8230;<\/p>\n","protected":false},"author":8,"featured_media":0,"comment_status":"closed","ping_status":"closed","sticky":false,"template":"","format":"standard","meta":[],"categories":[57],"tags":[105],"_links":{"self":[{"href":"https:\/\/predstavnistvorsbg.rs\/sr-Latn\/wp-json\/wp\/v2\/posts\/21184"}],"collection":[{"href":"https:\/\/predstavnistvorsbg.rs\/sr-Latn\/wp-json\/wp\/v2\/posts"}],"about":[{"href":"https:\/\/predstavnistvorsbg.rs\/sr-Latn\/wp-json\/wp\/v2\/types\/post"}],"author":[{"embeddable":true,"href":"https:\/\/predstavnistvorsbg.rs\/sr-Latn\/wp-json\/wp\/v2\/users\/8"}],"replies":[{"embeddable":true,"href":"https:\/\/predstavnistvorsbg.rs\/sr-Latn\/wp-json\/wp\/v2\/comments?post=21184"}],"version-history":[{"count":3,"href":"https:\/\/predstavnistvorsbg.rs\/sr-Latn\/wp-json\/wp\/v2\/posts\/21184\/revisions"}],"predecessor-version":[{"id":21187,"href":"https:\/\/predstavnistvorsbg.rs\/sr-Latn\/wp-json\/wp\/v2\/posts\/21184\/revisions\/21187"}],"wp:attachment":[{"href":"https:\/\/predstavnistvorsbg.rs\/sr-Latn\/wp-json\/wp\/v2\/media?parent=21184"}],"wp:term":[{"taxonomy":"category","embeddable":true,"href":"https:\/\/predstavnistvorsbg.rs\/sr-Latn\/wp-json\/wp\/v2\/categories?post=21184"},{"taxonomy":"post_tag","embeddable":true,"href":"https:\/\/predstavnistvorsbg.rs\/sr-Latn\/wp-json\/wp\/v2\/tags?post=21184"}],"curies":[{"name":"wp","href":"https:\/\/api.w.org\/{rel}","templated":true}]}}