{"id":21208,"date":"2026-02-18T15:48:22","date_gmt":"2026-02-18T14:48:22","guid":{"rendered":"https:\/\/predstavnistvorsbg.rs\/?p=21208"},"modified":"2026-02-18T15:48:22","modified_gmt":"2026-02-18T14:48:22","slug":"u-cetvrtak-promocija-turisticke-ponude-visegrada","status":"publish","type":"post","link":"https:\/\/predstavnistvorsbg.rs\/sr-Latn\/najava-dogadjaja-sr-latn\/u-cetvrtak-promocija-turisticke-ponude-visegrada\/","title":{"rendered":"U \u010detvrtak promocija turisti\u010dke ponude Vi\u0161egrada"},"content":{"rendered":"<p>Prvog dana 47. Me\u0111unarodnog sajma turizma, u \u010detvrtak, 19. februara, na reprezentativnom \u0161tandu Turisti\u010dke organizacije Republike Srpske i Predstavni\u0161tva Republike Srpske u Srbiji, kao i na \u0161tandovima drugih turisti\u010dkih organizacija i subjekata predstavi\u0107e se turisti\u010dka ponuda i potencijali Republike Srpske.<\/p>\n<p>Na reprezentativnom \u0161tandu TORS-a i Predstavni\u0161tva od 13 do 14 sati bi\u0107e odr\u017eana prezentacija turisti\u010dke ponude Vi\u0161egrada. Uvodno obra\u0107anje ima\u0107e na\u010delnik op\u0161tine Vi\u0161egrad gospodin Mladen \u0110urevi\u0107.<\/p>\n<p>Kroz pa\u017eljivo osmi\u0161ljenu i sadr\u017eajnu prezentaciju, pra\u0107enu video- snimcima i fotografijama, posjetioci \u0107e imati priliku da se bli\u017ee upoznaju sa kuturno istorijskim i prirodnim vrijednostima Vi\u0161egrada- od pri\u010de o mostu Mehmed- pa\u0161e Sokolovi\u0107a, simbolu grada, preko naslje\u0111a nobelovca Ive Andri\u0107a i jedinstvenog kompleksa Andri\u0107grad, do Vi\u0161egradske banje, manastira Dobrun, turisti\u010dke pruge Vi\u0161egrad- Vardi\u0161te- Mokra gora, potencijala aktivnog turizma na rijeci Drini, kao i mnogih drugih sadr\u017eaja koji upotpunjuju turisti\u010dku ponudu grada.<\/p>\n<p>Od 19. do 22. februara na 47. Me\u0111unarodnom sajmu turizma na jednom mjestu bi\u0107e predstavljena turisti\u010dka ponuda Republike Srpske u Hali 1 na ukupno izgra\u0111enom prostoru od 387 m2.<\/p>\n<p>U okviru zajedni\u010dkog prostora Turisti\u010dka organizacija Republike Srpske i Predstavni\u0161tva Republike Srpske svoju ponudu predstavi\u0107e brojne lokalne turisti\u010dke organizacije \u2013 Prijedor, Kozarska Dubica, Lakta\u0161i, Tesli\u0107, Zvornik, Gradi\u0161ka, Srebrenica, Kalinovik, Nevesinje, Vlasenica, Srbac, Ugljevik, Rogatica, Bile\u0107a, Han Pijesak, Modri\u010da \u2013 kao i drugi subjekti iz oblasti turizma.<\/p>\n<p>Radno vrijeme za posjetioce je 19, 20. i 21. februara od 10 do 19 \u010dasova, a 22. februara od 10 do 18 \u010dasova.<\/p>\n","protected":false},"excerpt":{"rendered":"<p>Prvog dana 47. Me\u0111unarodnog sajma turizma, u \u010detvrtak, 19. februara, na reprezentativnom \u0161tandu Turisti\u010dke organizacije Republike Srpske i Predstavni\u0161tva Republike Srpske u Srbiji, kao i na \u0161tandovima drugih turisti\u010dkih organizacija i subjekata predstavi\u0107e se turisti\u010dka ponuda i potencijali Republike Srpske. Na reprezentativnom \u0161tandu TORS-a i Predstavni\u0161tva od 13 do 14 sati bi\u0107e odr\u017eana prezentacija turisti\u010dke&#8230;<\/p>\n","protected":false},"author":8,"featured_media":0,"comment_status":"closed","ping_status":"closed","sticky":false,"template":"","format":"standard","meta":[],"categories":[57],"tags":[105],"_links":{"self":[{"href":"https:\/\/predstavnistvorsbg.rs\/sr-Latn\/wp-json\/wp\/v2\/posts\/21208"}],"collection":[{"href":"https:\/\/predstavnistvorsbg.rs\/sr-Latn\/wp-json\/wp\/v2\/posts"}],"about":[{"href":"https:\/\/predstavnistvorsbg.rs\/sr-Latn\/wp-json\/wp\/v2\/types\/post"}],"author":[{"embeddable":true,"href":"https:\/\/predstavnistvorsbg.rs\/sr-Latn\/wp-json\/wp\/v2\/users\/8"}],"replies":[{"embeddable":true,"href":"https:\/\/predstavnistvorsbg.rs\/sr-Latn\/wp-json\/wp\/v2\/comments?post=21208"}],"version-history":[{"count":1,"href":"https:\/\/predstavnistvorsbg.rs\/sr-Latn\/wp-json\/wp\/v2\/posts\/21208\/revisions"}],"predecessor-version":[{"id":21209,"href":"https:\/\/predstavnistvorsbg.rs\/sr-Latn\/wp-json\/wp\/v2\/posts\/21208\/revisions\/21209"}],"wp:attachment":[{"href":"https:\/\/predstavnistvorsbg.rs\/sr-Latn\/wp-json\/wp\/v2\/media?parent=21208"}],"wp:term":[{"taxonomy":"category","embeddable":true,"href":"https:\/\/predstavnistvorsbg.rs\/sr-Latn\/wp-json\/wp\/v2\/categories?post=21208"},{"taxonomy":"post_tag","embeddable":true,"href":"https:\/\/predstavnistvorsbg.rs\/sr-Latn\/wp-json\/wp\/v2\/tags?post=21208"}],"curies":[{"name":"wp","href":"https:\/\/api.w.org\/{rel}","templated":true}]}}