{"id":21212,"date":"2026-02-19T10:39:55","date_gmt":"2026-02-19T09:39:55","guid":{"rendered":"https:\/\/predstavnistvorsbg.rs\/?p=21212"},"modified":"2026-02-20T14:58:07","modified_gmt":"2026-02-20T13:58:07","slug":"u-petak-promocija-turisticke-ponude-bijeljine","status":"publish","type":"post","link":"https:\/\/predstavnistvorsbg.rs\/sr-Latn\/najava-dogadjaja-sr-latn\/u-petak-promocija-turisticke-ponude-bijeljine\/","title":{"rendered":"U petak promocija turisti\u010dke ponude Bijeljine"},"content":{"rendered":"<p>Drugog dana 47. Me\u0111unarodnog sajma turizma, u petak, 20. februara, na reprezentativnom \u0161tandu Turisti\u010dke organizacije Republike Srpske i Predstavni\u0161tva Republike Srpske u Srbiji, kao i na \u0161tandovima lokalnih turisti\u010dkih organizacija i privrednih subjekata, bi\u0107e predstavljena turisti\u010dka ponuda i potencijali Republika Srpska.<\/p>\n<p>U terminu od 12.00 do 13.00 \u010dasova bi\u0107e odr\u017eana promocija turisti\u010dke ponude Bijeljina, tokom koje \u0107e posjetiocima biti predstavljeni najzna\u010dajniji turisti\u010dki, ugostiteljski i privredni subjekti ovog grada.<\/p>\n<p>Svoju ponudu predstavi\u0107e \u201eEtno selo Stani\u0161i\u0107i&#8220;, Hotel \u201eDrina&#8220;, Hotel \u201eKrug&#8220;, Regionalno udru\u017eenje \u017eena \u201eSvjetlost&#8220;, Udru\u017eenje \u017eena \u201e\u017dena Janja&#8220;, Srednja turisti\u010dka \u0161kola \u201eJanja&#8220;, \u201eRakije Simi\u0107&#8220;, Turisti\u010dki kompleks \u201e\u010ci\u010dino soka\u010de&#8220;, proizvo\u0111a\u010d prirodnih sokova od zove i ru\u017ee \u201eAngel&#8217;s Rose&#8220;, kao i \u201eVinarija Paji\u0107&#8220;.<\/p>\n<p>Promociju \u0107e pratiti i muzi\u010dki program u okviru kojeg \u0107e nastupiti gitarista Filip Mici\u0107.<\/p>\n<p>Kroz prezentaciju bi\u0107e istaknuta raznovrsnost turisti\u010dke ponude Bijeljine \u2013 od etno i gastro turizma, preko vinske proizvodnje, do kulturnih sadr\u017eaja koji upotpunjuju ukupnu turisti\u010dku sliku grada.<\/p>\n<p>U okviru zajedni\u010dkog izlo\u017ebenog prostora Turisti\u010dke organizacije Republike Srpske i Predstavni\u0161tva Republike Srpske u Srbiji svoju ponudu predstavi\u0107e brojne lokalne turisti\u010dke organizacije \u2013 Prijedor, Kozarska Dubica, Lakta\u0161i, Tesli\u0107, Zvornik, Gradi\u0161ka, Srebrenica, Kalinovik, Nevesinje, Vlasenica, Srbac, Ugljevik, Rogatica, Bile\u0107a, Han Pijesak i Modri\u010da, kao i drugi subjekti iz oblasti turizma.<\/p>\n<p>Nastup na ovom sajmu od velikog je zna\u010daja za Republiku Srpsku, imaju\u0107i u vidu da najve\u0107i broj posjetilaca i turista u Srpsku dolazi upravo iz Republike Srbije.<\/p>\n<p>Radno vrijeme za posjetioce je 19, 20. i 21. februara od 10.00 do 19.00 \u010dasova, a 22. februara od 10.00 do 18.00 \u010dasova.<\/p>\n","protected":false},"excerpt":{"rendered":"<p>Drugog dana 47. Me\u0111unarodnog sajma turizma, u petak, 20. februara, na reprezentativnom \u0161tandu Turisti\u010dke organizacije Republike Srpske i Predstavni\u0161tva Republike Srpske u Srbiji, kao i na \u0161tandovima lokalnih turisti\u010dkih organizacija i privrednih subjekata, bi\u0107e predstavljena turisti\u010dka ponuda i potencijali Republika Srpska. U terminu od 12.00 do 13.00 \u010dasova bi\u0107e odr\u017eana promocija turisti\u010dke ponude Bijeljina, tokom&#8230;<\/p>\n","protected":false},"author":8,"featured_media":0,"comment_status":"closed","ping_status":"closed","sticky":false,"template":"","format":"standard","meta":[],"categories":[57],"tags":[105],"_links":{"self":[{"href":"https:\/\/predstavnistvorsbg.rs\/sr-Latn\/wp-json\/wp\/v2\/posts\/21212"}],"collection":[{"href":"https:\/\/predstavnistvorsbg.rs\/sr-Latn\/wp-json\/wp\/v2\/posts"}],"about":[{"href":"https:\/\/predstavnistvorsbg.rs\/sr-Latn\/wp-json\/wp\/v2\/types\/post"}],"author":[{"embeddable":true,"href":"https:\/\/predstavnistvorsbg.rs\/sr-Latn\/wp-json\/wp\/v2\/users\/8"}],"replies":[{"embeddable":true,"href":"https:\/\/predstavnistvorsbg.rs\/sr-Latn\/wp-json\/wp\/v2\/comments?post=21212"}],"version-history":[{"count":2,"href":"https:\/\/predstavnistvorsbg.rs\/sr-Latn\/wp-json\/wp\/v2\/posts\/21212\/revisions"}],"predecessor-version":[{"id":21254,"href":"https:\/\/predstavnistvorsbg.rs\/sr-Latn\/wp-json\/wp\/v2\/posts\/21212\/revisions\/21254"}],"wp:attachment":[{"href":"https:\/\/predstavnistvorsbg.rs\/sr-Latn\/wp-json\/wp\/v2\/media?parent=21212"}],"wp:term":[{"taxonomy":"category","embeddable":true,"href":"https:\/\/predstavnistvorsbg.rs\/sr-Latn\/wp-json\/wp\/v2\/categories?post=21212"},{"taxonomy":"post_tag","embeddable":true,"href":"https:\/\/predstavnistvorsbg.rs\/sr-Latn\/wp-json\/wp\/v2\/tags?post=21212"}],"curies":[{"name":"wp","href":"https:\/\/api.w.org\/{rel}","templated":true}]}}