{"id":22175,"date":"2026-04-23T16:46:20","date_gmt":"2026-04-23T14:46:20","guid":{"rendered":"https:\/\/predstavnistvorsbg.rs\/?p=22175"},"modified":"2026-04-23T16:46:20","modified_gmt":"2026-04-23T14:46:20","slug":"iz-obrenovca-poslata-poruka-jedinstva-saradnja-srbije-i-srpske-u-usponu","status":"publish","type":"post","link":"https:\/\/predstavnistvorsbg.rs\/sr-Latn\/prethodni-dogadjaji-sr-latn\/iz-obrenovca-poslata-poruka-jedinstva-saradnja-srbije-i-srpske-u-usponu\/","title":{"rendered":"Iz Obrenovca poslata poruka jedinstva: Saradnja Srbije i Srpske u usponu"},"content":{"rendered":"<p>\u0160ef Predstavni\u0161tva Republike Srpske u Srbiji Mla\u0111en Cicovi\u0107 razgovarao je danas sa predsjednikom Op\u0161tine Obrenovac Milo\u0161em Pekovi\u0107em o unapre\u0111enju saradnje ove beogradske op\u0161tine sa gradovima i op\u0161tinama u Republici Srpskoj. Tom prilikom, Cicovi\u0107 je prisustvovao i startu druge etape Me\u0111unarodne biciklisti\u010dke trke \u201eBeograd\u2013Banjaluka\u201c.<\/p>\n<p><img loading=\"lazy\" class=\"alignnone wp-image-22141 size-full\" title=\"Delegacija u Biblioteci Vlada Aksentijevi\u0107\" src=\"https:\/\/predstavnistvorsbg.rs\/wp-content\/uploads\/2026\/04\/delegacija_u_biblioteci_vlada_aksentijevic2.jpg\" alt=\"Delegacija u Biblioteci Vlada Aksentijevi\u0107\" width=\"1024\" height=\"768\" srcset=\"https:\/\/predstavnistvorsbg.rs\/wp-content\/uploads\/2026\/04\/delegacija_u_biblioteci_vlada_aksentijevic2.jpg 1024w, https:\/\/predstavnistvorsbg.rs\/wp-content\/uploads\/2026\/04\/delegacija_u_biblioteci_vlada_aksentijevic2-300x225.jpg 300w\" sizes=\"(max-width: 1024px) 100vw, 1024px\" \/><\/p>\n<p>Cicovi\u0107 je danas uru\u010dio donaciju knjiga gradskoj biblioteci u Obrenovcu, \u010dime je Predstavni\u0161tvo zvani\u010dno zapo\u010delo ovogodi\u0161nju akciju \u201eKultura nas spaja, knjiga ujedinjuje\u201c, u okviru koje \u0107e bibliotekama \u0161irom Srbije biti donirane knjige.<\/p>\n<p><img loading=\"lazy\" class=\"alignnone wp-image-22156 size-full\" title=\"predsjednik Gradske op\u0161tine Obrenovac dr Milo\u0161 Pekovi\u0107\" src=\"https:\/\/predstavnistvorsbg.rs\/wp-content\/uploads\/2026\/04\/predsjednik_opstine.jpg\" alt=\"predsjednik Gradske op\u0161tine Obrenovac dr Milo\u0161 Pekovi\u0107\" width=\"1024\" height=\"768\" srcset=\"https:\/\/predstavnistvorsbg.rs\/wp-content\/uploads\/2026\/04\/predsjednik_opstine.jpg 1024w, https:\/\/predstavnistvorsbg.rs\/wp-content\/uploads\/2026\/04\/predsjednik_opstine-300x225.jpg 300w\" sizes=\"(max-width: 1024px) 100vw, 1024px\" \/><\/p>\n<p>Predsjednik Op\u0161tine Obrenovac Milo\u0161 Pekovi\u0107 istakao je da je Republika Srpska sa Obrenovcem povezana i kroz biciklisti\u010dku trku \u201eBeograd\u2013Banjaluka\u201c, ali i kroz nastojanja da se saradnja produbi u oblasti kulture, sporta, obrazovanja i privrede.<\/p>\n<p>\u201eOsnovna stvar je da se ne razdvajamo ni u jednom pogledu. S obzirom na to da smo Srbi i s jedne i s druge strane Drine, osnova ove saradnje je budu\u0107nost generacija koje dolaze \u2013 da im utremo put i damo dobar primjer\u201c, poru\u010dio je Pekovi\u0107.<\/p>\n<p>On je dodao da \u0107e Obrenovac biti otvoren za saradnju sa svim lokalnim zajednicama u Republici Srpskoj koje za to poka\u017eu interesovanje.<\/p>\n<p><img loading=\"lazy\" class=\"alignnone wp-image-22153 size-full\" title=\"Mla\u0111en Cicovi\u0107, \u0161ef Predstavni\u0161tva\" src=\"https:\/\/predstavnistvorsbg.rs\/wp-content\/uploads\/2026\/04\/mladjen_cicovic-3.jpg\" alt=\"Mla\u0111en Cicovi\u0107, \u0161ef Predstavni\u0161tva\" width=\"1024\" height=\"768\" srcset=\"https:\/\/predstavnistvorsbg.rs\/wp-content\/uploads\/2026\/04\/mladjen_cicovic-3.jpg 1024w, https:\/\/predstavnistvorsbg.rs\/wp-content\/uploads\/2026\/04\/mladjen_cicovic-3-300x225.jpg 300w\" sizes=\"(max-width: 1024px) 100vw, 1024px\" \/><\/p>\n<p>Cicovi\u0107 je naglasio da je jedan od najva\u017enijih zadataka ja\u010danje odnosa Srbije i Republike Srpske, isti\u010du\u0107i da je druga etapa trke \u201eBeograd\u2013Banjaluka\u201c pravi primjer povezivanja.<\/p>\n<p>\u201eTrka startuje iz Obrenovca, a zavr\u0161ava se u Zvorniku, prelaze\u0107i granicu bez zadr\u017eavanja. Na taj na\u010din \u0161aljemo poruku o zna\u010daju saradnje, ali i o potrebi da svijet funkcioni\u0161e bez barijera\u201c, rekao je Cicovi\u0107.<\/p>\n<p>On je dodao da je na sastanku razgovarano o brojnim programima i projektima koji bi mogli biti zajedni\u010dki realizovani.<\/p>\n<p><img loading=\"lazy\" class=\"alignnone wp-image-22147 size-full\" title=\"Marija Bogi\u0107evi\u0107 Nikoli\u0107 i Mla\u0111en Cicovi\u0107\" src=\"https:\/\/predstavnistvorsbg.rs\/wp-content\/uploads\/2026\/04\/direktorica_biblioteke_i_mladjen_cicovic.jpg\" alt=\"Delegacija u Biblioteci Vlada Aksentijevi\u0107\" width=\"1024\" height=\"768\" srcset=\"https:\/\/predstavnistvorsbg.rs\/wp-content\/uploads\/2026\/04\/direktorica_biblioteke_i_mladjen_cicovic.jpg 1024w, https:\/\/predstavnistvorsbg.rs\/wp-content\/uploads\/2026\/04\/direktorica_biblioteke_i_mladjen_cicovic-300x225.jpg 300w\" sizes=\"(max-width: 1024px) 100vw, 1024px\" \/><\/p>\n<p>U okviru akcije doniranja, biblioteci u Obrenovcu poklonjeno je 300 knjiga izdava\u010da iz Republike Srpske, uklju\u010duju\u0107i izdanja univerziteta, Akademije nauka i umjetnosti Republike Srpske i Udru\u017eenja izdava\u010da.<\/p>\n<p>\u201eDogovoreno je da u narednom periodu organizujemo novu posjetu, kada \u0107emo donirati i izdanja biblioteke za slijepa lica, kao i realizovati prvi kulturni program u Obrenovcu \u2013 izvo\u0111enje monodrame iz Banjaluke\u201c, najavio je Cicovi\u0107.<\/p>\n<p>Druga etapa 20. Me\u0111unarodne biciklisti\u010dke trke \u201eBeograd\u2013Banjaluka\u201c startovala je iz sportske dvorane u Obrenovcu u 11.30 \u010dasova, a cilj je u Zvorniku, gdje se dolazak prvih takmi\u010dara o\u010dekuje oko 15.00 \u010dasova.<\/p>\n<p><img loading=\"lazy\" class=\"alignnone wp-image-22111 size-full\" title=\"Startovala druga etapa biciklisti\u010dke trke u Obrenovcu\" src=\"https:\/\/predstavnistvorsbg.rs\/wp-content\/uploads\/2026\/04\/biciklisticka_trka_obrenovac3.jpeg\" alt=\"Startovala druga etapa biciklisti\u010dke trke u Obrenovcu\" width=\"1024\" height=\"768\" srcset=\"https:\/\/predstavnistvorsbg.rs\/wp-content\/uploads\/2026\/04\/biciklisticka_trka_obrenovac3.jpeg 1024w, https:\/\/predstavnistvorsbg.rs\/wp-content\/uploads\/2026\/04\/biciklisticka_trka_obrenovac3-300x225.jpeg 300w\" sizes=\"(max-width: 1024px) 100vw, 1024px\" \/><\/p>\n<p>Direktor trke Vladimir Kuvalja istakao je da je start iz zatvorenog prostora jedinstven u svijetu i predstavlja priliku za promociju sporta.<\/p>\n<p>\u201ePrvi prolazni cilj je u \u0160apcu, zatim prelazimo preko Pavlovi\u0107a mosta i nastavljamo ka Zvorniku. Dana\u0161nja etapa duga je 164 kilometra\u201c, rekao je Kuvalja.<\/p>\n<p>On je dodao da u trci u\u010destvuju svi prijavljeni biciklisti, osim jednog \u010dlana ma\u0111arske ekipe koji je odustao nakon pada u prethodnoj etapi.<\/p>\n<p>Na 20. izdanju me\u0111unarodne biciklisti\u010dke trke &#8222;Beograd &#8211; Banjaluka&#8220;, kao i u prethodnih 19 izdanja, biciklisti su toku druge etape trke koja ide od Obrenovca do Zvornika na Pavlovi\u0107a mostu pre\u0161li granicu izme\u0111u Srbije i BiH bez zaustavljanja.<\/p>\n<p><img loading=\"lazy\" class=\"alignnone wp-image-22168 size-full\" title=\"Miloi\u0161 Pekovi\u0107, predsjednik Gradske op\u0161tine, Bojan Ivanovi\u0107, gradona\u010delnik, Vladimir Kuvalja,direktor\" src=\"https:\/\/predstavnistvorsbg.rs\/wp-content\/uploads\/2026\/04\/Slika_sa_Pavlovic\u0301_mosta.jpg\" alt=\"Miloi\u0161 Pekovi\u0107, predsjednik Gradske op\u0161tine, Bojan Ivanovi\u0107, gradona\u010delnik, Vladimir Kuvalja,direktor\" width=\"1014\" height=\"774\" srcset=\"https:\/\/predstavnistvorsbg.rs\/wp-content\/uploads\/2026\/04\/Slika_sa_Pavlovic\u0301_mosta.jpg 1014w, https:\/\/predstavnistvorsbg.rs\/wp-content\/uploads\/2026\/04\/Slika_sa_Pavlovic\u0301_mosta-300x229.jpg 300w\" sizes=\"(max-width: 1014px) 100vw, 1014px\" \/><\/p>\n<p>Tim povodom predsjednik Gradske op\u0161tine Obrenovac dr Milo\u0161 Pekovi\u0107 i gradona\u010delnik Zvornika Bojan Ivanovi\u0107, u dru\u0161tvu direktora trke &#8222;Beograd &#8211; Banjaluka&#8220; Vladimira Kuvalje razmijenili su zastave Srpske i Srbije.<\/p>\n<p>Tre\u0107a, brdska etapa vozi se sutra na relaciji Bratunac\u2013Mili\u0107i\u2013Vlasenica\u2013\u0160ekovi\u0107i, dok je zavr\u0161na etapa u subotu na trasi Prijedor\u2013Banjaluka\u2013Doboj, gdje \u0107e biti progla\u0161en pobjednik.<\/p>\n<p>Organizatori trke su Biciklisti\u010dki savez Republike Srpske i Centar za razvoj i unapre\u0111enje sportske saradnje Srbije i Republike Srpske, uz podr\u0161ku Predstavni\u0161tva Republike Srpske u Srbiji.<\/p>\n","protected":false},"excerpt":{"rendered":"<p>\u0160ef Predstavni\u0161tva Republike Srpske u Srbiji Mla\u0111en Cicovi\u0107 razgovarao je danas sa predsjednikom Op\u0161tine Obrenovac Milo\u0161em Pekovi\u0107em o unapre\u0111enju saradnje ove beogradske op\u0161tine sa gradovima i op\u0161tinama u Republici Srpskoj. Tom prilikom, Cicovi\u0107 je prisustvovao i startu druge etape Me\u0111unarodne biciklisti\u010dke trke \u201eBeograd\u2013Banjaluka\u201c. Cicovi\u0107 je danas uru\u010dio donaciju knjiga gradskoj biblioteci u Obrenovcu, \u010dime je&#8230;<\/p>\n","protected":false},"author":8,"featured_media":22161,"comment_status":"closed","ping_status":"closed","sticky":false,"template":"","format":"standard","meta":[],"categories":[56],"tags":[105],"_links":{"self":[{"href":"https:\/\/predstavnistvorsbg.rs\/sr-Latn\/wp-json\/wp\/v2\/posts\/22175"}],"collection":[{"href":"https:\/\/predstavnistvorsbg.rs\/sr-Latn\/wp-json\/wp\/v2\/posts"}],"about":[{"href":"https:\/\/predstavnistvorsbg.rs\/sr-Latn\/wp-json\/wp\/v2\/types\/post"}],"author":[{"embeddable":true,"href":"https:\/\/predstavnistvorsbg.rs\/sr-Latn\/wp-json\/wp\/v2\/users\/8"}],"replies":[{"embeddable":true,"href":"https:\/\/predstavnistvorsbg.rs\/sr-Latn\/wp-json\/wp\/v2\/comments?post=22175"}],"version-history":[{"count":1,"href":"https:\/\/predstavnistvorsbg.rs\/sr-Latn\/wp-json\/wp\/v2\/posts\/22175\/revisions"}],"predecessor-version":[{"id":22176,"href":"https:\/\/predstavnistvorsbg.rs\/sr-Latn\/wp-json\/wp\/v2\/posts\/22175\/revisions\/22176"}],"wp:featuredmedia":[{"embeddable":true,"href":"https:\/\/predstavnistvorsbg.rs\/sr-Latn\/wp-json\/wp\/v2\/media\/22161"}],"wp:attachment":[{"href":"https:\/\/predstavnistvorsbg.rs\/sr-Latn\/wp-json\/wp\/v2\/media?parent=22175"}],"wp:term":[{"taxonomy":"category","embeddable":true,"href":"https:\/\/predstavnistvorsbg.rs\/sr-Latn\/wp-json\/wp\/v2\/categories?post=22175"},{"taxonomy":"post_tag","embeddable":true,"href":"https:\/\/predstavnistvorsbg.rs\/sr-Latn\/wp-json\/wp\/v2\/tags?post=22175"}],"curies":[{"name":"wp","href":"https:\/\/api.w.org\/{rel}","templated":true}]}}