{"id":22185,"date":"2026-04-24T14:16:54","date_gmt":"2026-04-24T12:16:54","guid":{"rendered":"https:\/\/predstavnistvorsbg.rs\/?p=22185"},"modified":"2026-04-24T14:16:54","modified_gmt":"2026-04-24T12:16:54","slug":"promocija-monografije-cetvrt-vijeka-obrazovanja-socijalnih-radnika-u-republici-srpskoj","status":"publish","type":"post","link":"https:\/\/predstavnistvorsbg.rs\/sr-Latn\/najava-dogadjaja-sr-latn\/promocija-monografije-cetvrt-vijeka-obrazovanja-socijalnih-radnika-u-republici-srpskoj\/","title":{"rendered":"Promocija monografije \u201e\u010cetvrt vijeka obrazovanja socijalnih radnika u Republici Srpskoj\u201c"},"content":{"rendered":"<p>U ponedjeljak, 27. aprila 2026. godine, sa po\u010detkom u 13 \u010dasova, u Pres centru Udru\u017eenja novinara Srbije (ul. Kneza Mihaila 6\/III) u Beogradu, bi\u0107e odr\u017eana promocija monografije \u201e\u010cetvrt vijeka obrazovanja socijalnih radnika u Republici Srpskoj\u201c.<\/p>\n<p><img loading=\"lazy\" class=\"aligncenter wp-image-22180 size-full\" title=\"Promocija monografije \u201e\u010cetvrt vijeka obrazovanja socijalnih radnika u Republici Srpskoj\u201c\" src=\"https:\/\/predstavnistvorsbg.rs\/wp-content\/uploads\/2026\/04\/plakat_promocija_monografije1.jpg\" alt=\"Promocija monografije\" width=\"1000\" height=\"715\" srcset=\"https:\/\/predstavnistvorsbg.rs\/wp-content\/uploads\/2026\/04\/plakat_promocija_monografije1.jpg 1000w, https:\/\/predstavnistvorsbg.rs\/wp-content\/uploads\/2026\/04\/plakat_promocija_monografije1-300x215.jpg 300w\" sizes=\"(max-width: 1000px) 100vw, 1000px\" \/><\/p>\n<p>U okviru programa prisutnima \u0107e se obratiti Mla\u0111en Cicovi\u0107, \u0161ef Predstavni\u0161tva Republike Srpske u Srbiji. O zna\u010daju monografije, razvoju studijskog programa socijalnog rada i doprinosu ove profesije govori\u0107e prof. dr Ljubo Lepir, prof. dr Aleksandar Jugovi\u0107, prof. dr Milenko Kunda\u010dina i prof. dr Ana Gavrilovi\u0107.<\/p>\n<p>Monografija donosi sveobuhvatan prikaz razvoja obrazovanja socijalnih radnika u Republici Srpskoj \u2013 od prvih inicijativa i po\u010detaka, preko oblikovanja studijskih programa, do brojnih generacija stru\u010dnjaka koji danas rade u centrima za socijalni rad, \u0161kolama, zdravstvenim ustanovama, institucijama socijalne za\u0161tite, kao i u nevladinom sektoru, medijima i kompanijama. Rije\u010d je o pri\u010di o ljudima koji svakodnevno doprinose izgradnji pravednijeg i solidarnijeg dru\u0161tva.<\/p>\n<p>Nakon zvani\u010dnog dijela programa predvi\u0111ena je diskusija i zatvaranje doga\u0111aja.<\/p>\n<p>Organizaciju promocije podr\u017ealo je Predstavni\u0161tvo Republike Srpske u Srbiji.<\/p>\n","protected":false},"excerpt":{"rendered":"<p>U ponedjeljak, 27. aprila 2026. godine, sa po\u010detkom u 13 \u010dasova, u Pres centru Udru\u017eenja novinara Srbije (ul. Kneza Mihaila 6\/III) u Beogradu, bi\u0107e odr\u017eana promocija monografije \u201e\u010cetvrt vijeka obrazovanja socijalnih radnika u Republici Srpskoj\u201c. U okviru programa prisutnima \u0107e se obratiti Mla\u0111en Cicovi\u0107, \u0161ef Predstavni\u0161tva Republike Srpske u Srbiji. O zna\u010daju monografije, razvoju studijskog&#8230;<\/p>\n","protected":false},"author":8,"featured_media":0,"comment_status":"closed","ping_status":"closed","sticky":false,"template":"","format":"standard","meta":[],"categories":[57],"tags":[105],"_links":{"self":[{"href":"https:\/\/predstavnistvorsbg.rs\/sr-Latn\/wp-json\/wp\/v2\/posts\/22185"}],"collection":[{"href":"https:\/\/predstavnistvorsbg.rs\/sr-Latn\/wp-json\/wp\/v2\/posts"}],"about":[{"href":"https:\/\/predstavnistvorsbg.rs\/sr-Latn\/wp-json\/wp\/v2\/types\/post"}],"author":[{"embeddable":true,"href":"https:\/\/predstavnistvorsbg.rs\/sr-Latn\/wp-json\/wp\/v2\/users\/8"}],"replies":[{"embeddable":true,"href":"https:\/\/predstavnistvorsbg.rs\/sr-Latn\/wp-json\/wp\/v2\/comments?post=22185"}],"version-history":[{"count":1,"href":"https:\/\/predstavnistvorsbg.rs\/sr-Latn\/wp-json\/wp\/v2\/posts\/22185\/revisions"}],"predecessor-version":[{"id":22186,"href":"https:\/\/predstavnistvorsbg.rs\/sr-Latn\/wp-json\/wp\/v2\/posts\/22185\/revisions\/22186"}],"wp:attachment":[{"href":"https:\/\/predstavnistvorsbg.rs\/sr-Latn\/wp-json\/wp\/v2\/media?parent=22185"}],"wp:term":[{"taxonomy":"category","embeddable":true,"href":"https:\/\/predstavnistvorsbg.rs\/sr-Latn\/wp-json\/wp\/v2\/categories?post=22185"},{"taxonomy":"post_tag","embeddable":true,"href":"https:\/\/predstavnistvorsbg.rs\/sr-Latn\/wp-json\/wp\/v2\/tags?post=22185"}],"curies":[{"name":"wp","href":"https:\/\/api.w.org\/{rel}","templated":true}]}}