{"id":22224,"date":"2026-04-27T11:28:41","date_gmt":"2026-04-27T09:28:41","guid":{"rendered":"https:\/\/predstavnistvorsbg.rs\/?p=22224"},"modified":"2026-04-27T11:28:41","modified_gmt":"2026-04-27T09:28:41","slug":"zavrsena-20-medjunarodna-biciklisticka-trka-beograd-banja-luka","status":"publish","type":"post","link":"https:\/\/predstavnistvorsbg.rs\/sr-Latn\/prethodni-dogadjaji-sr-latn\/zavrsena-20-medjunarodna-biciklisticka-trka-beograd-banja-luka\/","title":{"rendered":"Zavr\u0161ena 20. Me\u0111unarodna biciklisti\u010dka trka \u201eBeograd\u2013Banja Luka\u201c"},"content":{"rendered":"<p>Zavr\u0161ena je 20. me\u0111unarodna biciklisti\u010dka trka \u201eBeograd\u2013Banja Luka\u201c, koja je i ove godine okupila 175 takmi\u010dara iz 35 zemalja i potvrdila status jedne od najzna\u010dajnijih sportskih manifestacija u regionu. Trka je vo\u017eena kroz \u010detiri etape na teritoriji Srbije i Republike Srpske, sa sna\u017enim sportskim i simboli\u010dkim zna\u010dajem povezivanja ova dva prostora.<\/p>\n<p><img loading=\"lazy\" class=\"alignnone wp-image-22211 size-full\" title=\"Du\u0161an Rajovi\u0107- pobjednik \" src=\"https:\/\/predstavnistvorsbg.rs\/wp-content\/uploads\/2026\/04\/pobjednik_trke.jpg\" alt=\"Biciklisti\u010dka trka- pobjednik\" width=\"1024\" height=\"682\" srcset=\"https:\/\/predstavnistvorsbg.rs\/wp-content\/uploads\/2026\/04\/pobjednik_trke.jpg 1024w, https:\/\/predstavnistvorsbg.rs\/wp-content\/uploads\/2026\/04\/pobjednik_trke-300x200.jpg 300w\" sizes=\"(max-width: 1024px) 100vw, 1024px\" \/><\/p>\n<p>Pobjedu u generalnom plasmanu odnio je srpski biciklista Du\u0161an Rajovi\u0107 iz ekipe Team United Shipping, koji je tokom svih etapa pokazao najvi\u0161e stabilnosti, snage i takti\u010dke zrelosti, a nakon trke je istakao da mu pobjeda mnogo zna\u010di i da zahvaljuje ekipi i publici, naglasiv\u0161i da je trka bila veoma zahtjevna, posebno druga etapa.<\/p>\n<p>On je trijumfovao i na kraju \u010detvrte, zavr\u0161ne etape od Prijedora do Doboja, duge 160 kilometara, ispred Radoslava Fra\u010daka iz ekipe Voster ATS Team i Patrika Sto\u0161a iz iste ekipe, gdje je trka sve\u010dano zavr\u0161ena i progla\u0161eni pobjednici.<\/p>\n<p>Iza Rajovi\u0107a u generalnom plasmanu plasirali su se Veljko Stojni\u0107 iz ekipe Team United Shipping i Adam Brada\u010d iz ekipe Factor Racing, koji je ujedno osvojio bijelu majicu za najboljeg mladog voza\u010da. Crvenu majicu za najboljeg sprintera poneo je Kristof Holcer iz ekipe Team Felt Felbermayr, dok je plavu majicu za najboljeg brdskog voza\u010da osvojio Igor Sek iz ekipe VIBATEC. Najbolja ekipa trke je Team United Shipping iz Ma\u0111arske.<\/p>\n<p>Du\u0161an Rajovi\u0107, pobjednik trke, istakao je da je takmi\u010denje bilo izuzetno zahtjevno i zahvalio timu i publici, dok je Vladimir Kuvalja, direktor trke, naglasio da je rije\u010d o pravoj \u201enarodnoj trci\u201c sa sjajnom atmosferom i velikom podr\u0161kom du\u017e \u010ditave trase.<\/p>\n<p><img loading=\"lazy\" class=\"alignnone wp-image-22193 size-full\" title=\"Start biciklisti\u010dke trke iz Beograda\" src=\"https:\/\/predstavnistvorsbg.rs\/wp-content\/uploads\/2026\/04\/biciklisticka_trka_2026-1.jpg\" alt=\"Start biciklisti\u010dke trke iz Beograda\" width=\"1024\" height=\"768\" srcset=\"https:\/\/predstavnistvorsbg.rs\/wp-content\/uploads\/2026\/04\/biciklisticka_trka_2026-1.jpg 1024w, https:\/\/predstavnistvorsbg.rs\/wp-content\/uploads\/2026\/04\/biciklisticka_trka_2026-1-300x225.jpg 300w\" sizes=\"(max-width: 1024px) 100vw, 1024px\" \/><\/p>\n<p>Sve\u010dani start odr\u017ean je 22. aprila na Savskom trgu u Beogradu, uz prisustvo brojnih gra\u0111ana, takmi\u010dara i zvani\u010dnika, a prije po\u010detka trke potpisana je srpska trobojka i intonirane su himne Republike Srpske i Srbije. Nikola Pani\u0107, sekretar za sport i omladinu grada Beograda, tom prilikom je istakao da grad podr\u017eava doga\u0111aje koji ja\u010daju sport i regionalnu saradnju, dok je Mla\u0111en Cicovi\u0107, \u0161ef Predstavni\u0161tva Republike Srpske u Srbiji, naglasio da trka bri\u0161e granice i gradi zajedni\u0161tvo.<\/p>\n<p><img loading=\"lazy\" class=\"alignnone wp-image-22190 size-full\" title=\"Biciklisti\u010dka trka &quot;Beograd- Banja Luka&quot;- pobjednik prve Etape Du\u0161an Rajovi\u0107\" src=\"https:\/\/predstavnistvorsbg.rs\/wp-content\/uploads\/2026\/04\/biciklisticka_trka.jpg\" alt=\"Biciklisti\u010dka trka Beograd- Banja Luka\" width=\"1024\" height=\"682\" srcset=\"https:\/\/predstavnistvorsbg.rs\/wp-content\/uploads\/2026\/04\/biciklisticka_trka.jpg 1024w, https:\/\/predstavnistvorsbg.rs\/wp-content\/uploads\/2026\/04\/biciklisticka_trka-300x200.jpg 300w\" sizes=\"(max-width: 1024px) 100vw, 1024px\" \/><\/p>\n<p>Prva etapa vo\u017eena je od Beograda do Po\u017earevca, uz kru\u017enu trku u Velikom Gradi\u0161tu, a pobjednik je bio Du\u0161an Rajovi\u0107 iz ekipe Team United Shipping, koji je preuzeo lidersku poziciju u generalnom plasmanu i istakao da mu pobjeda u doma\u0107oj trci mnogo zna\u010di. Predsjednik op\u0161tine Veliko Gradi\u0161te Dragan Mili\u0107 izjavio je da je grad ponosan \u0161to je bio doma\u0107in etape i naglasio veliki odziv gra\u0111ana i zna\u010daj promocije zdravog \u017eivota, dok je predsjednik Sportskog saveza Velikog Gradi\u0161ta Du\u0161an Banovi\u0107 poru\u010dio da grad ima ambiciju da i ubudu\u0107e bude dio trke.<\/p>\n<p>Bijelu majicu nosio je Adam Brada\u010d iz ekipe Factor Racing, plavu Igor Sek iz ekipe VIBATEC, a crvenu Kristof Holcer iz ekipe Team Felt Felbermayr.<\/p>\n<p><img loading=\"lazy\" class=\"aligncenter wp-image-22208 size-full\" title=\"Druga etapa- pobjednik Nikiforos Arvanitu\" src=\"https:\/\/predstavnistvorsbg.rs\/wp-content\/uploads\/2026\/04\/druga_etapa_zvornik.jpg\" alt=\"Druga etapa biciklisti\u010dke trke\" width=\"800\" height=\"533\" srcset=\"https:\/\/predstavnistvorsbg.rs\/wp-content\/uploads\/2026\/04\/druga_etapa_zvornik.jpg 800w, https:\/\/predstavnistvorsbg.rs\/wp-content\/uploads\/2026\/04\/druga_etapa_zvornik-300x200.jpg 300w\" sizes=\"(max-width: 800px) 100vw, 800px\" \/><\/p>\n<p>Druga etapa, od Obrenovca do Zvornika, pripala je Nikiforosu Arvanituu iz ekipe Team United Shipping, ispred Du\u0161ana Rajovi\u0107a i Patrika Sto\u0161a iz ekipe Voster ATS Team, a Rajovi\u0107 je zadr\u017eao lidersku majicu. Gradona\u010delnik Zvornika Bojan Ivanovi\u0107 istakao je zna\u010daj trke za promociju grada, dok je predsjednik op\u0161tine Obrenovac Milo\u0161 Pekovi\u0107 naglasio simboliku nesmetanog prelaska granice kao primjera saradnje, a Vladimir Kuvalja i Mla\u0111en Cicovi\u0107 ukazali su na visok nivo organizacije i zna\u010daj regionalnog povezivanja.<\/p>\n<p><img loading=\"lazy\" class=\"alignnone wp-image-22217 size-full\" title=\"Tre\u0107a etapa- pobjednik Du\u0161an Rajovi\u0107\" src=\"https:\/\/predstavnistvorsbg.rs\/wp-content\/uploads\/2026\/04\/treca_etapa.jpg\" alt=\"Biciklisti\u010dka trka- tre\u0107a etapa\" width=\"1024\" height=\"1004\" srcset=\"https:\/\/predstavnistvorsbg.rs\/wp-content\/uploads\/2026\/04\/treca_etapa.jpg 1024w, https:\/\/predstavnistvorsbg.rs\/wp-content\/uploads\/2026\/04\/treca_etapa-300x294.jpg 300w\" sizes=\"(max-width: 1024px) 100vw, 1024px\" \/><\/p>\n<p>Tre\u0107a, \u201ekraljevska\u201c etapa od Bratunca do \u0160ekovi\u0107a bila je najzahtjevnija, a ponovo ju je dobio Du\u0161an Rajovi\u0107 iz ekipe Team United Shipping ispred Nikiforosa Arvanitua iz iste ekipe i Patrika Sto\u0161a iz Voster ATS Team, bez promjena u kategorijama. Vladimir Kuvalja je pohvalio organizaciju, Lazar Prodanovi\u0107, na\u010delnik op\u0161tine Bratunac, istakao zna\u010daj trke za promociju regiona, dok je Miladin Lazi\u0107, na\u010delnik op\u0161tine \u0160ekovi\u0107i, poru\u010dio da i manje sredine treba da budu dio velikih sportskih doga\u0111aja.<\/p>\n<p>Zavr\u0161na, \u010detvrta etapa vo\u017eena je na relaciji Prijedor\u2013Banjaluka\u2013Doboj u du\u017eini od 160 kilometara, gdje je trka sve\u010dano okon\u010dana, a Du\u0161an Rajovi\u0107 iz Team United Shipping je jo\u0161 jednom trijumfovao ispred Radoslava Fra\u010daka i Patrika Sto\u0161a iz Voster ATS Team, \u010dime je potvrdio ukupnu pobjedu zasnovanu na konzistentnosti tokom sve \u010detiri etape.<\/p>\n<p><img loading=\"lazy\" class=\"alignnone wp-image-22214 size-full\" title=\"Zavr\u0161na \u010detvrta etapa\" src=\"https:\/\/predstavnistvorsbg.rs\/wp-content\/uploads\/2026\/04\/pobjednik_trke1.jpg\" alt=\"Biciklisti\u010dka trka- pobjednik\" width=\"1024\" height=\"682\" srcset=\"https:\/\/predstavnistvorsbg.rs\/wp-content\/uploads\/2026\/04\/pobjednik_trke1.jpg 1024w, https:\/\/predstavnistvorsbg.rs\/wp-content\/uploads\/2026\/04\/pobjednik_trke1-300x200.jpg 300w\" sizes=\"(max-width: 1024px) 100vw, 1024px\" \/><\/p>\n<p>Organizatori trke su Biciklisti\u010dki savez Republike Srpske i Centar za razvoj i unapre\u0111enje sportske saradnje Srbije i Republike Srpske, uz podr\u0161ku Predstavni\u0161tva Republike Srpske u Srbiji, a istaknuto je da trka ima \u0161iri zna\u010daj jer promovi\u0161e turizam, gradove i regionalnu saradnju.<\/p>\n<p>Tokom cijele manifestacije posebna pa\u017enja posve\u0107ena je bezbjednosti, uz anga\u017eovanje policije Srbije i Republike Srpske i lokalnih samouprava, dok je saobra\u0107aj privremeno obustavljan na pojedinim dionicama. Gra\u0111ani su du\u017e \u010ditave trase pru\u017eali sna\u017enu podr\u0161ku biciklistima, stvaraju\u0107i jedinstvenu atmosferu, a lokalne zajednice su predstavile svoje turisti\u010dke i sportske potencijale.<\/p>\n<p>Jubilarno izdanje trke jo\u0161 jednom je potvrdilo da sport mo\u017ee biti sna\u017ean most povezivanja naroda, gradova i dr\u017eava, uz jasnu poruku zajedni\u0161tva i saradnje.<\/p>\n","protected":false},"excerpt":{"rendered":"<p>Zavr\u0161ena je 20. me\u0111unarodna biciklisti\u010dka trka \u201eBeograd\u2013Banja Luka\u201c, koja je i ove godine okupila 175 takmi\u010dara iz 35 zemalja i potvrdila status jedne od najzna\u010dajnijih sportskih manifestacija u regionu. Trka je vo\u017eena kroz \u010detiri etape na teritoriji Srbije i Republike Srpske, sa sna\u017enim sportskim i simboli\u010dkim zna\u010dajem povezivanja ova dva prostora. Pobjedu u generalnom plasmanu&#8230;<\/p>\n","protected":false},"author":8,"featured_media":22082,"comment_status":"closed","ping_status":"closed","sticky":false,"template":"","format":"standard","meta":[],"categories":[56],"tags":[105],"_links":{"self":[{"href":"https:\/\/predstavnistvorsbg.rs\/sr-Latn\/wp-json\/wp\/v2\/posts\/22224"}],"collection":[{"href":"https:\/\/predstavnistvorsbg.rs\/sr-Latn\/wp-json\/wp\/v2\/posts"}],"about":[{"href":"https:\/\/predstavnistvorsbg.rs\/sr-Latn\/wp-json\/wp\/v2\/types\/post"}],"author":[{"embeddable":true,"href":"https:\/\/predstavnistvorsbg.rs\/sr-Latn\/wp-json\/wp\/v2\/users\/8"}],"replies":[{"embeddable":true,"href":"https:\/\/predstavnistvorsbg.rs\/sr-Latn\/wp-json\/wp\/v2\/comments?post=22224"}],"version-history":[{"count":1,"href":"https:\/\/predstavnistvorsbg.rs\/sr-Latn\/wp-json\/wp\/v2\/posts\/22224\/revisions"}],"predecessor-version":[{"id":22225,"href":"https:\/\/predstavnistvorsbg.rs\/sr-Latn\/wp-json\/wp\/v2\/posts\/22224\/revisions\/22225"}],"wp:featuredmedia":[{"embeddable":true,"href":"https:\/\/predstavnistvorsbg.rs\/sr-Latn\/wp-json\/wp\/v2\/media\/22082"}],"wp:attachment":[{"href":"https:\/\/predstavnistvorsbg.rs\/sr-Latn\/wp-json\/wp\/v2\/media?parent=22224"}],"wp:term":[{"taxonomy":"category","embeddable":true,"href":"https:\/\/predstavnistvorsbg.rs\/sr-Latn\/wp-json\/wp\/v2\/categories?post=22224"},{"taxonomy":"post_tag","embeddable":true,"href":"https:\/\/predstavnistvorsbg.rs\/sr-Latn\/wp-json\/wp\/v2\/tags?post=22224"}],"curies":[{"name":"wp","href":"https:\/\/api.w.org\/{rel}","templated":true}]}}