{"id":22235,"date":"2026-04-27T14:20:49","date_gmt":"2026-04-27T12:20:49","guid":{"rendered":"https:\/\/predstavnistvorsbg.rs\/?p=22235"},"modified":"2026-04-27T14:20:49","modified_gmt":"2026-04-27T12:20:49","slug":"obiljezavanje-108-godisnjice-od-smrti-gavrila-principa","status":"publish","type":"post","link":"https:\/\/predstavnistvorsbg.rs\/sr-Latn\/najava-dogadjaja-sr-latn\/obiljezavanje-108-godisnjice-od-smrti-gavrila-principa\/","title":{"rendered":"Obilje\u017eavanje 108. godi\u0161njice od smrti Gavrila Principa"},"content":{"rendered":"<p>Povodom obilje\u017eavanja 108. godi\u0161njice od smrti Gavrila Principa, u utorak 28. aprila 2026. godine, sa po\u010detkom u 11 sati, u Parku Gavrila Principa u Beogradu (ugao Nemanjine i Sarajevske ulice), bi\u0107e odr\u017eana dr\u017eavna ceremonija polaganja vijenaca uz dr\u017eavne i vojne po\u010dasti.<\/p>\n<p><img loading=\"lazy\" class=\"alignnone wp-image-22226 size-full\" title=\"Obilje\u017eavanje 108. godi\u0161njice od smrti Gavrila Principa\" src=\"https:\/\/predstavnistvorsbg.rs\/wp-content\/uploads\/2026\/04\/spomenik_gavrilu_principu.jpeg\" alt=\"Spomenik Gavrilu Principu\" width=\"1024\" height=\"768\" srcset=\"https:\/\/predstavnistvorsbg.rs\/wp-content\/uploads\/2026\/04\/spomenik_gavrilu_principu.jpeg 1024w, https:\/\/predstavnistvorsbg.rs\/wp-content\/uploads\/2026\/04\/spomenik_gavrilu_principu-300x225.jpeg 300w\" sizes=\"(max-width: 1024px) 100vw, 1024px\" \/><\/p>\n<p>Ceremonija se organizuje u znak sje\u0107anja na Gavrila Principa, jednu od najzna\u010dajnijih li\u010dnosti srpske istorije i borca za slobodu srpskog naroda. Programom je predvi\u0111eno polaganje vijenaca, intoniranje Dr\u017eavne himne, kao i odavanje po\u010dasti u prisustvu brojnih zvanica.<\/p>\n<p>Dr\u017eavnoj ceremoniji prisustvova\u0107e i \u0161ef Predstavni\u0161tva Republike Srpske u Srbiji Mla\u0111en Cicovi\u0107, koji \u0107e u ime Republike Srpske i Predstavni\u0161tva Republike Srpske u Srbiji polo\u017eiti cvije\u0107e i odati po\u010dast Gavrilu Principu.<\/p>\n","protected":false},"excerpt":{"rendered":"<p>Povodom obilje\u017eavanja 108. godi\u0161njice od smrti Gavrila Principa, u utorak 28. aprila 2026. godine, sa po\u010detkom u 11 sati, u Parku Gavrila Principa u Beogradu (ugao Nemanjine i Sarajevske ulice), bi\u0107e odr\u017eana dr\u017eavna ceremonija polaganja vijenaca uz dr\u017eavne i vojne po\u010dasti. Ceremonija se organizuje u znak sje\u0107anja na Gavrila Principa, jednu od najzna\u010dajnijih li\u010dnosti srpske&#8230;<\/p>\n","protected":false},"author":8,"featured_media":0,"comment_status":"closed","ping_status":"closed","sticky":false,"template":"","format":"standard","meta":[],"categories":[57],"tags":[105],"_links":{"self":[{"href":"https:\/\/predstavnistvorsbg.rs\/sr-Latn\/wp-json\/wp\/v2\/posts\/22235"}],"collection":[{"href":"https:\/\/predstavnistvorsbg.rs\/sr-Latn\/wp-json\/wp\/v2\/posts"}],"about":[{"href":"https:\/\/predstavnistvorsbg.rs\/sr-Latn\/wp-json\/wp\/v2\/types\/post"}],"author":[{"embeddable":true,"href":"https:\/\/predstavnistvorsbg.rs\/sr-Latn\/wp-json\/wp\/v2\/users\/8"}],"replies":[{"embeddable":true,"href":"https:\/\/predstavnistvorsbg.rs\/sr-Latn\/wp-json\/wp\/v2\/comments?post=22235"}],"version-history":[{"count":1,"href":"https:\/\/predstavnistvorsbg.rs\/sr-Latn\/wp-json\/wp\/v2\/posts\/22235\/revisions"}],"predecessor-version":[{"id":22236,"href":"https:\/\/predstavnistvorsbg.rs\/sr-Latn\/wp-json\/wp\/v2\/posts\/22235\/revisions\/22236"}],"wp:attachment":[{"href":"https:\/\/predstavnistvorsbg.rs\/sr-Latn\/wp-json\/wp\/v2\/media?parent=22235"}],"wp:term":[{"taxonomy":"category","embeddable":true,"href":"https:\/\/predstavnistvorsbg.rs\/sr-Latn\/wp-json\/wp\/v2\/categories?post=22235"},{"taxonomy":"post_tag","embeddable":true,"href":"https:\/\/predstavnistvorsbg.rs\/sr-Latn\/wp-json\/wp\/v2\/tags?post=22235"}],"curies":[{"name":"wp","href":"https:\/\/api.w.org\/{rel}","templated":true}]}}