{"id":22264,"date":"2026-04-27T16:07:30","date_gmt":"2026-04-27T14:07:30","guid":{"rendered":"https:\/\/predstavnistvorsbg.rs\/?p=22264"},"modified":"2026-04-27T16:07:30","modified_gmt":"2026-04-27T14:07:30","slug":"promovisana-monografija-cetvrt-vijeka-obrazovanja-socijalnih-radnika-u-republici-srpskoj","status":"publish","type":"post","link":"https:\/\/predstavnistvorsbg.rs\/sr-Latn\/prethodni-dogadjaji-sr-latn\/promovisana-monografija-cetvrt-vijeka-obrazovanja-socijalnih-radnika-u-republici-srpskoj\/","title":{"rendered":"Promovisana monografija \u201e\u010cetvrt vijeka obrazovanja socijalnih radnika u Republici Srpskoj\u201c"},"content":{"rendered":"<p>U Beogradu je promovisana monografija \u201e\u010cetvrt vijeka obrazovanja socijalnih radnika u Republici Srpskoj\u201c, a tom prilikom je istaknuto da budu\u0107nost socijalne slu\u017ebe le\u017ei u prilago\u0111avanju novim trendovima, poput vje\u0161ta\u010dke inteligencije, tehnolo\u0161kog razvoja i digitalizacije, kako bi bila efikasnija.<\/p>\n<p><img loading=\"lazy\" class=\"alignnone wp-image-22258 size-full\" title=\"Promocija monografije \u201e\u010cetvrt vijeka obrazovanja socijalnih radnika u Republici Srpskoj\u201c\" src=\"https:\/\/predstavnistvorsbg.rs\/wp-content\/uploads\/2026\/04\/promocija_monografije1.jpg\" alt=\"Promocija monografije \u201e\u010cetvrt vijeka obrazovanja socijalnih radnika u Republici Srpskoj\u201c\" width=\"1024\" height=\"682\" srcset=\"https:\/\/predstavnistvorsbg.rs\/wp-content\/uploads\/2026\/04\/promocija_monografije1.jpg 1024w, https:\/\/predstavnistvorsbg.rs\/wp-content\/uploads\/2026\/04\/promocija_monografije1-300x200.jpg 300w\" sizes=\"(max-width: 1024px) 100vw, 1024px\" \/><\/p>\n<p>Organizaciju promocije podr\u017ealo je Predstavni\u0161tvo Republike Srpske u Srbiji, \u010diji je \u0161ef Mla\u0111en Cicovi\u0107 istakao da ovo djelo na dostojanstven i sveobuhvatan na\u010din svjedo\u010di o va\u017enom razvojnom putu profesije koja ima izuzetnu dru\u0161tvenu ulogu.<\/p>\n<p>On je naveo da monografija nau\u010dno i stru\u010dno, jasno i sistemati\u010dno objedinjuje teorijska znanja, istorijski razvoj, savremene izazove i kontinuitet socijalnog rada \u2014 od prvih vizija i po\u010detnih koraka do dana\u0161njeg zrelog i afirmisanog akademskog programa.<\/p>\n<p><img loading=\"lazy\" class=\"alignnone wp-image-22237 size-full\" title=\"Mla\u0111en Cicovi\u0107, \u0161ef Predstavni\u0161tva\" src=\"https:\/\/predstavnistvorsbg.rs\/wp-content\/uploads\/2026\/04\/mladjen_cicovic-4.jpg\" alt=\"Mla\u0111en Cicovi\u0107, \u0161ef Predstavni\u0161tva\" width=\"1024\" height=\"682\" srcset=\"https:\/\/predstavnistvorsbg.rs\/wp-content\/uploads\/2026\/04\/mladjen_cicovic-4.jpg 1024w, https:\/\/predstavnistvorsbg.rs\/wp-content\/uploads\/2026\/04\/mladjen_cicovic-4-300x200.jpg 300w\" sizes=\"(max-width: 1024px) 100vw, 1024px\" \/><\/p>\n<p>Cicovi\u0107 je naglasio da je ovaj studijski program za Republiku Srpsku strate\u0161ki va\u017ean i predstavlja jedan od klju\u010dnih oslonaca razvoja sistema socijalne za\u0161tite i ukupne dru\u0161tvene stabilnosti. Prema njegovim rije\u010dima, bez sna\u017enog i kvalitetnog obrazovanja u oblasti socijalnog rada nema stabilnih institucija, odr\u017eive socijalne politike, niti istinske brige o gra\u0111anima.<\/p>\n<p>O zna\u010daju monografije, razvoju studijskog programa socijalnog rada i doprinosu ove profesije govorili su autori knjige, profesori dr Ljubo Lepir i Ana Gavrilovi\u0107, kao i profesor Aleksandar Jugovi\u0107 i recenzent profesor Milenko Kunda\u010dina.<\/p>\n<p><img loading=\"lazy\" class=\"alignnone wp-image-22249 size-full\" title=\"Prof. dr Ljubo Lepir\" src=\"https:\/\/predstavnistvorsbg.rs\/wp-content\/uploads\/2026\/04\/prof_dr_ljubo_lepir.jpg\" alt=\"Prof. dr Ljubo Lepir\" width=\"1024\" height=\"682\" srcset=\"https:\/\/predstavnistvorsbg.rs\/wp-content\/uploads\/2026\/04\/prof_dr_ljubo_lepir.jpg 1024w, https:\/\/predstavnistvorsbg.rs\/wp-content\/uploads\/2026\/04\/prof_dr_ljubo_lepir-300x200.jpg 300w\" sizes=\"(max-width: 1024px) 100vw, 1024px\" \/><\/p>\n<p>Lepir je izjavio za Srnu da monografija predstavlja retrospektivu dostignu\u0107a studijskog programa socijalnog rada u proteklih \u010detvrt vijeka.<\/p>\n<p>\u201eSocijalni rad je profesija koja treba da odgovori na aktuelne dru\u0161tvene izazove. On se mora prilago\u0111avati novim okolnostima, koje nimalo nisu jednostavne\u201c, rekao je Lepir.<\/p>\n<p>On je podsjetio da je studijski program osnovan 2000. godine, uz podr\u0161ku profesora iz regiona, posebno sa Univerziteta u Beogradu, \u0161to je i razlog za\u0161to je knjiga promovisana upravo u Beogradu.<\/p>\n<p><img loading=\"lazy\" class=\"alignnone wp-image-22246 size-full\" title=\"Prof. dr Ana Gavrilovi\u0107\" src=\"https:\/\/predstavnistvorsbg.rs\/wp-content\/uploads\/2026\/04\/prof_dr_ana_gavrilovic.jpg\" alt=\"Prof. dr Ana Gavrilovi\u0107\" width=\"1024\" height=\"682\" srcset=\"https:\/\/predstavnistvorsbg.rs\/wp-content\/uploads\/2026\/04\/prof_dr_ana_gavrilovic.jpg 1024w, https:\/\/predstavnistvorsbg.rs\/wp-content\/uploads\/2026\/04\/prof_dr_ana_gavrilovic-300x200.jpg 300w\" sizes=\"(max-width: 1024px) 100vw, 1024px\" \/><\/p>\n<p>Gavrilovi\u0107eva je za Srnu istakla da su najve\u0107i izazovi za socijalni rad velike promjene u sferi rada, koje uti\u010du na polo\u017eaj ljudi, organizaciju njihovog \u017eivota i osje\u0107aj sigurnosti. Zbog toga je, kako je navela, neophodno da se socijalni rad prilago\u0111ava, posebno kroz ovladavanje novim tehnologijama, uklju\u010duju\u0107i vje\u0161ta\u010dku inteligenciju.<\/p>\n<p>Ona je kao probleme navela nedostatak sredstava i sporo zapo\u0161ljavanje socijalnih radnika u \u0161kolama i pred\u0161kolskim ustanovama, isti\u010du\u0107i da prioritet mora biti pru\u017eanje podr\u0161ke djeci, najugro\u017eenijim kategorijama i starijima, kao i zakonsko ja\u010danje stru\u010dnih slu\u017ebi, naro\u010dito u \u0161kolama.<\/p>\n<p><img loading=\"lazy\" class=\"alignnone wp-image-22243 size-full\" title=\"Prof. dr Aleksandar Jugovi\u0107\" src=\"https:\/\/predstavnistvorsbg.rs\/wp-content\/uploads\/2026\/04\/prof_dr_aleksandar_jugovic.jpg\" alt=\"Prof. dr Aleksandar Jugovi\u0107\" width=\"1024\" height=\"682\" srcset=\"https:\/\/predstavnistvorsbg.rs\/wp-content\/uploads\/2026\/04\/prof_dr_aleksandar_jugovic.jpg 1024w, https:\/\/predstavnistvorsbg.rs\/wp-content\/uploads\/2026\/04\/prof_dr_aleksandar_jugovic-300x200.jpg 300w\" sizes=\"(max-width: 1024px) 100vw, 1024px\" \/><\/p>\n<p>Profesor Aleksandar Jugovi\u0107, \u010diji je rad uvr\u0161ten u monografiju, ukazao je na potrebu ve\u0107e zastupljenosti socijalnog rada u medijima i na dru\u0161tvenim mre\u017eama. On je naveo da ve\u0107ina istra\u017eivanja pokazuje da slika socijalne slu\u017ebe u javnosti nije prete\u017eno pozitivna, te da se ona \u010desto u medijima predstavlja kao neko \u201eko otima djecu\u201c.<\/p>\n<p><img loading=\"lazy\" class=\"alignnone wp-image-22252 size-full\" title=\"Prof. dr Milenko Kunda\u010dina\" src=\"https:\/\/predstavnistvorsbg.rs\/wp-content\/uploads\/2026\/04\/prof_dr_milenko_kundacina.jpg\" alt=\"Prof. dr Milenko Kunda\u010dina\" width=\"1024\" height=\"682\" srcset=\"https:\/\/predstavnistvorsbg.rs\/wp-content\/uploads\/2026\/04\/prof_dr_milenko_kundacina.jpg 1024w, https:\/\/predstavnistvorsbg.rs\/wp-content\/uploads\/2026\/04\/prof_dr_milenko_kundacina-300x200.jpg 300w\" sizes=\"(max-width: 1024px) 100vw, 1024px\" \/><\/p>\n<p>Recenzent monografije, profesor Milenko Kunda\u010dina, istakao je da je u djelu predstavljen novi, inovativan i originalan model, jer su na nau\u010dnoj osnovi obuhva\u0107eni svi segmenti rada jednog studijskog odsjeka \u2014 od osnivanja do danas. On je dodao da su tekstove pisala 24 nastavnika fakulteta koji su predavali na tom odsjeku.<\/p>\n<p>Monografija je objavljena u izdanju Fakulteta politi\u010dkih nauka u Banjaluci.<\/p>\n","protected":false},"excerpt":{"rendered":"<p>U Beogradu je promovisana monografija \u201e\u010cetvrt vijeka obrazovanja socijalnih radnika u Republici Srpskoj\u201c, a tom prilikom je istaknuto da budu\u0107nost socijalne slu\u017ebe le\u017ei u prilago\u0111avanju novim trendovima, poput vje\u0161ta\u010dke inteligencije, tehnolo\u0161kog razvoja i digitalizacije, kako bi bila efikasnija. Organizaciju promocije podr\u017ealo je Predstavni\u0161tvo Republike Srpske u Srbiji, \u010diji je \u0161ef Mla\u0111en Cicovi\u0107 istakao da ovo&#8230;<\/p>\n","protected":false},"author":8,"featured_media":22242,"comment_status":"closed","ping_status":"closed","sticky":false,"template":"","format":"standard","meta":[],"categories":[56],"tags":[105],"_links":{"self":[{"href":"https:\/\/predstavnistvorsbg.rs\/sr-Latn\/wp-json\/wp\/v2\/posts\/22264"}],"collection":[{"href":"https:\/\/predstavnistvorsbg.rs\/sr-Latn\/wp-json\/wp\/v2\/posts"}],"about":[{"href":"https:\/\/predstavnistvorsbg.rs\/sr-Latn\/wp-json\/wp\/v2\/types\/post"}],"author":[{"embeddable":true,"href":"https:\/\/predstavnistvorsbg.rs\/sr-Latn\/wp-json\/wp\/v2\/users\/8"}],"replies":[{"embeddable":true,"href":"https:\/\/predstavnistvorsbg.rs\/sr-Latn\/wp-json\/wp\/v2\/comments?post=22264"}],"version-history":[{"count":1,"href":"https:\/\/predstavnistvorsbg.rs\/sr-Latn\/wp-json\/wp\/v2\/posts\/22264\/revisions"}],"predecessor-version":[{"id":22265,"href":"https:\/\/predstavnistvorsbg.rs\/sr-Latn\/wp-json\/wp\/v2\/posts\/22264\/revisions\/22265"}],"wp:featuredmedia":[{"embeddable":true,"href":"https:\/\/predstavnistvorsbg.rs\/sr-Latn\/wp-json\/wp\/v2\/media\/22242"}],"wp:attachment":[{"href":"https:\/\/predstavnistvorsbg.rs\/sr-Latn\/wp-json\/wp\/v2\/media?parent=22264"}],"wp:term":[{"taxonomy":"category","embeddable":true,"href":"https:\/\/predstavnistvorsbg.rs\/sr-Latn\/wp-json\/wp\/v2\/categories?post=22264"},{"taxonomy":"post_tag","embeddable":true,"href":"https:\/\/predstavnistvorsbg.rs\/sr-Latn\/wp-json\/wp\/v2\/tags?post=22264"}],"curies":[{"name":"wp","href":"https:\/\/api.w.org\/{rel}","templated":true}]}}