{"id":22321,"date":"2026-04-28T15:09:40","date_gmt":"2026-04-28T13:09:40","guid":{"rendered":"https:\/\/predstavnistvorsbg.rs\/?p=22321"},"modified":"2026-04-28T15:09:40","modified_gmt":"2026-04-28T13:09:40","slug":"srpski-narod-se-i-dalje-bori-sa-okupacionom-upravom-u-bih","status":"publish","type":"post","link":"https:\/\/predstavnistvorsbg.rs\/sr-Latn\/prethodni-dogadjaji-sr-latn\/srpski-narod-se-i-dalje-bori-sa-okupacionom-upravom-u-bih\/","title":{"rendered":"Srpski narod se i dalje bori sa okupacionom upravom u BiH"},"content":{"rendered":"<p>U Beogradu je danas obilje\u017eeno 108 godina od smrti Gavrila Principa, \u010dlana organizacije \u201eMlada Bosna\u201c, koji je 28. juna 1914. godine u Sarajevu izvr\u0161io atentat na austrougarskog prestolonasljednika Franca Ferdinanda.<\/p>\n<p>Tim povodom, u Parku Gavrila Principa, kod spomenika posve\u0107enog ovom istorijskom liku, vijence su polo\u017eili predstavnici Odbora za njegovanje tradicija oslobodila\u010dkih ratova Srbije, Ministarstva za rad, zapo\u0161ljavanje, bora\u010dka i socijalna pitanja, Ministarstva odbrane, Vojske Srbije, Grada Beograda, kao i ambasador BiH u Srbiji Aleksandar Vranje\u0161 i \u0161ef Predstavni\u0161tva Republike Srpske u Beogradu Mla\u0111en Cicovi\u0107.<\/p>\n<p><strong> <img loading=\"lazy\" class=\"alignnone wp-image-22298 size-full\" title=\"Mla\u0111en Cicovi\u0107, \u0161ef Predstavni\u0161tva\" src=\"https:\/\/predstavnistvorsbg.rs\/wp-content\/uploads\/2026\/04\/mladjen_cicovic_polaze_cvijece.jpg\" alt=\"Mla\u0111en Cicovi\u0107, \u0161ef Predstavni\u0161tva\" width=\"1024\" height=\"768\" srcset=\"https:\/\/predstavnistvorsbg.rs\/wp-content\/uploads\/2026\/04\/mladjen_cicovic_polaze_cvijece.jpg 1024w, https:\/\/predstavnistvorsbg.rs\/wp-content\/uploads\/2026\/04\/mladjen_cicovic_polaze_cvijece-300x225.jpg 300w\" sizes=\"(max-width: 1024px) 100vw, 1024px\" \/><\/strong><\/p>\n<p><strong>Cicovi\u0107: Kultura sje\u0107anja je garancija opstanka<\/strong><\/p>\n<p>\u0160ef Predstavni\u0161tva Republike Srpske u Srbiji Mla\u0111en Cicovi\u0107 rekao je Srni da je izuzetno va\u017eno da se Srbi sje\u0107aju svojih istinskih heroja, da rade na uspostavljanju kulture sje\u0107anja i da, prije svega, \u010duvaju od zaborava srpsku istoriju koja je slavna i za ponos.<\/p>\n<p>&#8222;Zato je va\u017eno \u0161to smo se danas okupili da se sjetimo Gavrila Principa, \u010dovjeka koji je ostavio izuzetno sna\u017ean trag u srpskoj istoriji i pokazao otpor u trenutku kada je srpski narod bio potpuno ugro\u017een&#8220;, rekao je Cicovi\u0107.<\/p>\n<p>On je naveo da je situacija u BiH i danas potpuno identi\u010dna, te da je srpski narod ponovo ugro\u017een i da mora da se bori za slobodu, \u010duvaju\u0107i svoj identitet, kulturu, tradiciju i obi\u010daje.<\/p>\n<p>&#8222;Zato je va\u017eno da radimo na uspostavljanju kulture sje\u0107anja, da obilje\u017eavamo sve zna\u010dajne datume u srpskoj istoriji, jer to je garancija da \u0107emo opstati na ovim prostorima&#8220;, rekao je Cicovi\u0107.<\/p>\n<p>On je dodao da \u0107e se srpski narod u Srbiji i Republici Srpskoj i ovog puta izboriti sa svim izazovima i isku\u0161enjima i sa\u010duvati svoju slobodu.<\/p>\n<p><img loading=\"lazy\" class=\"alignnone wp-image-22295 size-full\" title=\"Mla\u0111en Cicovi\u0107, Aleksandar Vranje\u0161 i Nikola Vukeli\u0107\" src=\"https:\/\/predstavnistvorsbg.rs\/wp-content\/uploads\/2026\/04\/mladjen_cicovic_aleksandar_vranjes_nikola_vukelic.jpg\" alt=\"Mla\u0111en Cicovi\u0107, Aleksandar Vranje\u0161 i Nikola Vukeli\u0107\" width=\"1024\" height=\"768\" srcset=\"https:\/\/predstavnistvorsbg.rs\/wp-content\/uploads\/2026\/04\/mladjen_cicovic_aleksandar_vranjes_nikola_vukelic.jpg 1024w, https:\/\/predstavnistvorsbg.rs\/wp-content\/uploads\/2026\/04\/mladjen_cicovic_aleksandar_vranjes_nikola_vukelic-300x225.jpg 300w\" sizes=\"(max-width: 1024px) 100vw, 1024px\" \/><\/p>\n<p><strong>Vranje\u0161: I dalje imamo okupaciju u BiH<\/strong><\/p>\n<p>Ambasador BiH u Srbiji Aleksandar Vranje\u0161 izjavio je da se srpski narod i danas, 108 godina od smrti Gavrila Principa i 112 godina od Sarajevskog atentata, bori sa okupacionom upravom u BiH.<\/p>\n<p>&#8222;Poslije vi\u0161e od jednog vijeka mi i dalje imamo okupaciju. Manje-vi\u0161e promijenila se forma, promijenili su se akteri, ali je su\u0161tina ostala ista &#8211; imamo stranu silu koja obespravljuje srpski narod u BiH&#8220;, rekao je Srni Vranje\u0161, koji je danas polo\u017eio vijenac na spomenik Gavrilu Principu u Beogradu povodom 108 godina od njegove smrti.<\/p>\n<p>On je naveo da u ime Ambasade BiH dolazi da se pokloni sjenima Gavrila Principa i zahvali mu za sve \u0161to je ostavio iza sebe.<\/p>\n<p>Vranje\u0161 je dodao da je istorija cikli\u010dna i ponekad paradoksalna, te da se srpski narod i danas suo\u010dava sa sli\u010dnim izazovima, zbog \u010dega je va\u017eno da se isti\u010du Principova uloga i juna\u0161tvo.<\/p>\n<p><strong>Vukeli\u0107: Istorija daje odgovore za sada\u0161njost<\/strong><\/p>\n<p>Dr\u017eavni sekretar u Ministarstvu za rad, zapo\u0161ljavanje, bora\u010dka i socijalna pitanja Srbije Nikola Vukeli\u0107 izjavio je Srni da je neophodno njegovati sje\u0107anje na srpsku istoriju, jer se u njoj mogu prona\u0107i brojni odgovori za sada\u0161nji trenutak i de\u0161avanja koja poga\u0111aju srpski narod.<\/p>\n<p>&#8222;Stalno se istorija prepli\u0107e sa trenutnim doga\u0111ajima. Gavrilo Princip je svakako istorijski zna\u010dajna li\u010dnost i za Srbe i sa one i sa ove strane Drine, a u stvari je poruka da smo mi jedinstven narod i delimo zajedni\u010dku sudbinu&#8220;, istakao je on.<\/p>\n<p>Vukeli\u0107 je izrazio zadovoljstvo \u0161to u dana\u0161njem obilje\u017eavanju u\u010destvuje i Predstavni\u0161tvo Republike Srpske u Srbiji, sa kojim postoji izuzetno dobra saradnja, podsjetiv\u0161i da predstoji i zajedni\u010dko obilje\u017eavanje 31 godine od stradanja srpskog naroda u hrvatskoj akciji \u201eBljesak\u201c.<\/p>\n<p>&#8222;Ima mnogo bitnih datuma, ali i tragi\u010dnih doga\u0111aja kojih se moramo sjetiti. Stvaranjem Republike Srpske ima i doga\u0111aja na koje mo\u017eemo biti ponosni i koji su doprineli da srpski narod sa one strane Drine opstane na svojim vekovnim ognji\u0161tima&#8220;, rekao je Vukeli\u0107.<\/p>\n<p><img loading=\"lazy\" class=\"alignnone wp-image-22307 size-full\" title=\"Obilje\u017eavanje 108. godi\u0161njice od smrti Gavrila Principa\" src=\"https:\/\/predstavnistvorsbg.rs\/wp-content\/uploads\/2026\/04\/obiljezavanje_108_godisnjice_gavrila_principa1.jpg\" alt=\"Obilje\u017eavanje 108. godi\u0161njice od smrti Gavrila Principa\" width=\"1024\" height=\"768\" srcset=\"https:\/\/predstavnistvorsbg.rs\/wp-content\/uploads\/2026\/04\/obiljezavanje_108_godisnjice_gavrila_principa1.jpg 1024w, https:\/\/predstavnistvorsbg.rs\/wp-content\/uploads\/2026\/04\/obiljezavanje_108_godisnjice_gavrila_principa1-300x225.jpg 300w\" sizes=\"(max-width: 1024px) 100vw, 1024px\" \/><\/p>\n<p>Vijence i cvije\u0107e polo\u017eili su i predstavnici udru\u017eenja za njegovanje tradicija, bora\u010dkih organizacija, kao i Gradske op\u0161tine Savski venac.<\/p>\n<p>Istovremeno, delegacija Odbora Vlade Srbije za njegovanje tradicija oslobodila\u010dkih ratova Srbije oda\u0107e po\u010dast u \u010de\u0161kom gradu Terezin, gdje je Princip preminuo u austrougarskom zatvoru.<\/p>\n<p>Dr\u017eavna ceremonija polaganja vijenaca i odavanja po\u010dasti odr\u017eava se svake godine 28. aprila, na datum njegove smrti u zatvoru u Terezinu.<\/p>\n<p>Sarajevski atentat izvr\u0161en je na Vidovdan, 28. juna 1914. godine, \u0161to je poslu\u017eilo kao povod za izbijanje Prvog svjetskog rata.<\/p>\n","protected":false},"excerpt":{"rendered":"<p>U Beogradu je danas obilje\u017eeno 108 godina od smrti Gavrila Principa, \u010dlana organizacije \u201eMlada Bosna\u201c, koji je 28. juna 1914. godine u Sarajevu izvr\u0161io atentat na austrougarskog prestolonasljednika Franca Ferdinanda. Tim povodom, u Parku Gavrila Principa, kod spomenika posve\u0107enog ovom istorijskom liku, vijence su polo\u017eili predstavnici Odbora za njegovanje tradicija oslobodila\u010dkih ratova Srbije, Ministarstva za&#8230;<\/p>\n","protected":false},"author":8,"featured_media":22312,"comment_status":"closed","ping_status":"closed","sticky":false,"template":"","format":"standard","meta":[],"categories":[56],"tags":[105],"_links":{"self":[{"href":"https:\/\/predstavnistvorsbg.rs\/sr-Latn\/wp-json\/wp\/v2\/posts\/22321"}],"collection":[{"href":"https:\/\/predstavnistvorsbg.rs\/sr-Latn\/wp-json\/wp\/v2\/posts"}],"about":[{"href":"https:\/\/predstavnistvorsbg.rs\/sr-Latn\/wp-json\/wp\/v2\/types\/post"}],"author":[{"embeddable":true,"href":"https:\/\/predstavnistvorsbg.rs\/sr-Latn\/wp-json\/wp\/v2\/users\/8"}],"replies":[{"embeddable":true,"href":"https:\/\/predstavnistvorsbg.rs\/sr-Latn\/wp-json\/wp\/v2\/comments?post=22321"}],"version-history":[{"count":1,"href":"https:\/\/predstavnistvorsbg.rs\/sr-Latn\/wp-json\/wp\/v2\/posts\/22321\/revisions"}],"predecessor-version":[{"id":22322,"href":"https:\/\/predstavnistvorsbg.rs\/sr-Latn\/wp-json\/wp\/v2\/posts\/22321\/revisions\/22322"}],"wp:featuredmedia":[{"embeddable":true,"href":"https:\/\/predstavnistvorsbg.rs\/sr-Latn\/wp-json\/wp\/v2\/media\/22312"}],"wp:attachment":[{"href":"https:\/\/predstavnistvorsbg.rs\/sr-Latn\/wp-json\/wp\/v2\/media?parent=22321"}],"wp:term":[{"taxonomy":"category","embeddable":true,"href":"https:\/\/predstavnistvorsbg.rs\/sr-Latn\/wp-json\/wp\/v2\/categories?post=22321"},{"taxonomy":"post_tag","embeddable":true,"href":"https:\/\/predstavnistvorsbg.rs\/sr-Latn\/wp-json\/wp\/v2\/tags?post=22321"}],"curies":[{"name":"wp","href":"https:\/\/api.w.org\/{rel}","templated":true}]}}