{"id":22331,"date":"2026-04-29T09:17:36","date_gmt":"2026-04-29T07:17:36","guid":{"rendered":"https:\/\/predstavnistvorsbg.rs\/?p=22331"},"modified":"2026-04-29T09:17:36","modified_gmt":"2026-04-29T07:17:36","slug":"akcija-kultura-nas-spaja-knjiga-ujedinjuje-u-velikoj-plani","status":"publish","type":"post","link":"https:\/\/predstavnistvorsbg.rs\/sr-Latn\/najava-dogadjaja-sr-latn\/akcija-kultura-nas-spaja-knjiga-ujedinjuje-u-velikoj-plani\/","title":{"rendered":"Akcija \u201eKultura nas spaja, knjiga ujedinjuje\u201c u Velikoj Plani"},"content":{"rendered":"<p>Akcija \u201eKultura nas spaja, knjiga ujedinjuje\u201c nastavlja se 30. aprila 2026. godine posjetom op\u0161tini Velika Plana, gdje \u0107e biti odr\u017ean sastanak sa rukovodstvom op\u0161tine.<\/p>\n<p><img loading=\"lazy\" class=\"aligncenter wp-image-22048 size-full\" title=\"Akcija &quot;Kultura nas spaja, knjiga ujedinjuje&quot;\" src=\"https:\/\/predstavnistvorsbg.rs\/wp-content\/uploads\/2026\/04\/akcija_sa_knjigama.jpg?_t=1777447025\" alt=\"Akcija sa knjigama\" width=\"800\" height=\"1000\" srcset=\"https:\/\/predstavnistvorsbg.rs\/wp-content\/uploads\/2026\/04\/akcija_sa_knjigama.jpg 800w, https:\/\/predstavnistvorsbg.rs\/wp-content\/uploads\/2026\/04\/akcija_sa_knjigama-240x300.jpg 240w\" sizes=\"(max-width: 800px) 100vw, 800px\" \/><\/p>\n<p>U zgradi op\u0161tine, u 13 \u010dasova, delegaciju Predstavni\u0161tva Republike Srpske u Srbiji, koju predvodi \u0161ef Predstavni\u0161tva Mla\u0111en Cicovi\u0107, primi\u0107e predsjednik op\u0161tine Strahinja Pave\u0161kovi\u0107 i predsjednik Skup\u0161tine op\u0161tine Du\u0161an Mari\u0107. Razgovara\u0107e se o unapre\u0111enju saradnje sa gradovima i op\u0161tinama iz Republike Srpske, s ciljem ja\u010danja ukupnih odnosa Republike Srpske i Srbije.<\/p>\n<p>U okviru posjete, delegacija \u0107e u 14 \u010dasova obi\u0107i biblioteku \u201eRadoje Domanovi\u0107\u201c, gdje \u0107e biti uru\u010dena donacija od oko 300 knjiga autora iz Republike Srpske, u izdanju univerziteta, Akademije nauka i umjetnosti Republike Srpske i drugih institucija kulture.<\/p>\n<p>Delegacija \u0107e prisustvovati i Sve\u010danoj sjednici Skup\u0161tine op\u0161tine povodom Dana op\u0161tine, koja po\u010dinje u 18 \u010dasova.<\/p>\n<p>Ova akcija nastavak je dugogodi\u0161nje prakse Predstavni\u0161tva da bibliotekama u Srbiji poklanja knjige radi oboga\u0107ivanja knji\u017enih fondova i ja\u010danja kulturnih veza izme\u0111u Republike Srpske i Srbije.<\/p>\n<p>Do sada je donirano vi\u0161e od 10.000 knjiga u preko 20 biblioteka \u0161irom Srbije, a akcija \u0107e se tokom aprila i maja nastaviti i u drugim gradovima i op\u0161tinama.<\/p>\n","protected":false},"excerpt":{"rendered":"<p>Akcija \u201eKultura nas spaja, knjiga ujedinjuje\u201c nastavlja se 30. aprila 2026. godine posjetom op\u0161tini Velika Plana, gdje \u0107e biti odr\u017ean sastanak sa rukovodstvom op\u0161tine. U zgradi op\u0161tine, u 13 \u010dasova, delegaciju Predstavni\u0161tva Republike Srpske u Srbiji, koju predvodi \u0161ef Predstavni\u0161tva Mla\u0111en Cicovi\u0107, primi\u0107e predsjednik op\u0161tine Strahinja Pave\u0161kovi\u0107 i predsjednik Skup\u0161tine op\u0161tine Du\u0161an Mari\u0107. Razgovara\u0107e se&#8230;<\/p>\n","protected":false},"author":8,"featured_media":0,"comment_status":"closed","ping_status":"closed","sticky":false,"template":"","format":"standard","meta":[],"categories":[57],"tags":[105],"_links":{"self":[{"href":"https:\/\/predstavnistvorsbg.rs\/sr-Latn\/wp-json\/wp\/v2\/posts\/22331"}],"collection":[{"href":"https:\/\/predstavnistvorsbg.rs\/sr-Latn\/wp-json\/wp\/v2\/posts"}],"about":[{"href":"https:\/\/predstavnistvorsbg.rs\/sr-Latn\/wp-json\/wp\/v2\/types\/post"}],"author":[{"embeddable":true,"href":"https:\/\/predstavnistvorsbg.rs\/sr-Latn\/wp-json\/wp\/v2\/users\/8"}],"replies":[{"embeddable":true,"href":"https:\/\/predstavnistvorsbg.rs\/sr-Latn\/wp-json\/wp\/v2\/comments?post=22331"}],"version-history":[{"count":1,"href":"https:\/\/predstavnistvorsbg.rs\/sr-Latn\/wp-json\/wp\/v2\/posts\/22331\/revisions"}],"predecessor-version":[{"id":22332,"href":"https:\/\/predstavnistvorsbg.rs\/sr-Latn\/wp-json\/wp\/v2\/posts\/22331\/revisions\/22332"}],"wp:attachment":[{"href":"https:\/\/predstavnistvorsbg.rs\/sr-Latn\/wp-json\/wp\/v2\/media?parent=22331"}],"wp:term":[{"taxonomy":"category","embeddable":true,"href":"https:\/\/predstavnistvorsbg.rs\/sr-Latn\/wp-json\/wp\/v2\/categories?post=22331"},{"taxonomy":"post_tag","embeddable":true,"href":"https:\/\/predstavnistvorsbg.rs\/sr-Latn\/wp-json\/wp\/v2\/tags?post=22331"}],"curies":[{"name":"wp","href":"https:\/\/api.w.org\/{rel}","templated":true}]}}