{"id":22351,"date":"2026-04-30T21:37:46","date_gmt":"2026-04-30T19:37:46","guid":{"rendered":"https:\/\/predstavnistvorsbg.rs\/?p=22351"},"modified":"2026-05-01T21:42:38","modified_gmt":"2026-05-01T19:42:38","slug":"donirano-300-knjiga-biblioteci-u-velikoj-plani","status":"publish","type":"post","link":"https:\/\/predstavnistvorsbg.rs\/sr-Latn\/prethodni-dogadjaji-sr-latn\/donirano-300-knjiga-biblioteci-u-velikoj-plani\/","title":{"rendered":"Donirano 300 knjiga biblioteci u Velikoj Plani"},"content":{"rendered":"<div>Delegacija Predstavni\u0161tva Republike Srpske u Srbiji uru\u010dila je danas 300 odabranih knjiga biblioteci \u201eRadoje Domanovi\u0107\u201c u Velikoj Plani, u okviru akcije \u201eKultura nas spaja, knjiga ujedinjuje\u201c.<\/div>\n<div>\n<div class=\"yiv8005348107gmail_quote yiv8005348107gmail_quote_container\">\n<div class=\"yiv8005348107gmail_quote\">\n<div>\n<div class=\"yiv8005348107gmail_quote\">\n<p>\u0160ef Predstavni\u0161tva Republike Srpske u Srbiji, Mla\u0111en Cicovi\u0107, izjavio je da je prilikom primopredaje dogovoreno da Predstavni\u0161tvo donira i odre\u0111eni broj naslova namijenjenih slijepim i slabovidim licima.<\/p>\n<p>\u201eBiblioteka za slijepa i slabovida lica Republike Srpske iz Banjaluke, zajedno sa nama, u narednom periodu posjeti\u0107e biblioteku \u201cRadoje Domanovi\u0107\u201d i otvoriti kutak za slijepa i slabovida lica, uz prigodan program\u201c, rekao je Cicovi\u0107.<\/p>\n<p>On je dodao da je u razgovoru sa rukovodstvom op\u0161tine Velika Plana dogovoreno pokretanje aktivnosti saradnje Velike Plane i op\u0161tina i gradova Republike Srpske koje bi mogle dovesti i do bratimljenja sa nekom od op\u0161tina ili gradova u Republici Srpskoj.<\/p>\n<p><img loading=\"lazy\" class=\"alignnone wp-image-22337 size-full\" title=\"Sastanak sa rukovodstvom op\u0161tine Velika Plana\" src=\"https:\/\/predstavnistvorsbg.rs\/wp-content\/uploads\/2026\/04\/doniranje_knjiga_velika_plana_1.jpg\" alt=\"Sastanak sa rukovodstvom op\u0161tine Velika Plana\" width=\"1024\" height=\"768\" srcset=\"https:\/\/predstavnistvorsbg.rs\/wp-content\/uploads\/2026\/04\/doniranje_knjiga_velika_plana_1.jpg 1024w, https:\/\/predstavnistvorsbg.rs\/wp-content\/uploads\/2026\/04\/doniranje_knjiga_velika_plana_1-300x225.jpg 300w\" sizes=\"(max-width: 1024px) 100vw, 1024px\" \/><\/p>\n<p>Cicovi\u0107 je istakao da saradnja Republike Srpske i Srbije nikada nije bila sna\u017enija, naglasiv\u0161i zna\u010daj zajedni\u010dkog rada na o\u010duvanju identiteta, kulture, tradicije, jezika, \u0107irilice i pravoslavne vjere, \u010demu poseban doprinos daju predsjednici Aleksandar Vu\u010di\u0107 i Milorad Dodik.<\/p>\n<p>Predsjednik op\u0161tine Velika Plana, Strahinja Pave\u0161kovi\u0107, naveo je da je tokom susreta bilo rije\u010di o unapre\u0111enju saradnje, izraziv\u0161i uvjerenje da \u0107e ona rezultirati realizacijom zna\u010dajnih projekata.<\/p>\n<p>Direktorka biblioteke \u201eRadoje Domanovi\u0107\u201c, Sla\u0111ana Kazakovi\u0107, ocijenila je da donacija predstavlja izuzetno vrijedan doprinos radu biblioteke.<\/p>\n<p>\u201eZahvaljujem u ime \u010ditalaca i korisnika biblioteke \u2018Radoje Domanovi\u0107\u2019 i radujem se nastavku uspje\u0161ne saradnje\u201c, poru\u010dila je Kazakovi\u0107.<\/p>\n<p>Delegacija Predstavni\u0161tva Republike Srpske prisustvovala je i sve\u010danoj sjednici Skup\u0161tine op\u0161tine Velika Plana, povodom obilje\u017eavanja Dana op\u0161tine.<\/p>\n<p><img loading=\"lazy\" class=\"alignnone wp-image-22343 size-full\" title=\"Delegacija Predstavni\u0161tva na Sve\u010danoj sjednici Skup\u0161tine op\u0161tine Velika Plana\" src=\"https:\/\/predstavnistvorsbg.rs\/wp-content\/uploads\/2026\/04\/doniranje_knjiga_velika_plana_3.jpg\" alt=\"Delegacija Predstavni\u0161tva na Sve\u010danoj sjednici Skup\u0161tine op\u0161tine Velika Plana\" width=\"1024\" height=\"768\" srcset=\"https:\/\/predstavnistvorsbg.rs\/wp-content\/uploads\/2026\/04\/doniranje_knjiga_velika_plana_3.jpg 1024w, https:\/\/predstavnistvorsbg.rs\/wp-content\/uploads\/2026\/04\/doniranje_knjiga_velika_plana_3-300x225.jpg 300w\" sizes=\"(max-width: 1024px) 100vw, 1024px\" \/><\/p>\n<\/div>\n<\/div>\n<div>\n<div class=\"yiv8005348107gmail_quote\">\n<div>\n<p>Dan op\u0161tine Velika Plana obilje\u017eava se u znak sje\u0107anja na 30. april 1924. godine, kada je kraljevim ukazom ovo mjesto progla\u0161eno za varo\u0161-grad.<\/p>\n<p><a href=\"https:\/\/www.instagram.com\/predstavnistvorsbg\/p\/DXwyCLbAgLX\/\" target=\"_blank\" rel=\"noopener\">https:\/\/www.instagram.com\/predstavnistvorsbg\/p\/DXwyCLbAgLX\/ <\/a><\/p>\n<p>&nbsp;<\/p>\n<\/div>\n<\/div>\n<\/div>\n<\/div>\n<\/div>\n<\/div>\n","protected":false},"excerpt":{"rendered":"<p>Delegacija Predstavni\u0161tva Republike Srpske u Srbiji uru\u010dila je danas 300 odabranih knjiga biblioteci \u201eRadoje Domanovi\u0107\u201c u Velikoj Plani, u okviru akcije \u201eKultura nas spaja, knjiga ujedinjuje\u201c. \u0160ef Predstavni\u0161tva Republike Srpske u Srbiji, Mla\u0111en Cicovi\u0107, izjavio je da je prilikom primopredaje dogovoreno da Predstavni\u0161tvo donira i odre\u0111eni broj naslova namijenjenih slijepim i slabovidim licima. \u201eBiblioteka za&#8230;<\/p>\n","protected":false},"author":2,"featured_media":22342,"comment_status":"closed","ping_status":"closed","sticky":false,"template":"","format":"standard","meta":[],"categories":[56],"tags":[105],"_links":{"self":[{"href":"https:\/\/predstavnistvorsbg.rs\/sr-Latn\/wp-json\/wp\/v2\/posts\/22351"}],"collection":[{"href":"https:\/\/predstavnistvorsbg.rs\/sr-Latn\/wp-json\/wp\/v2\/posts"}],"about":[{"href":"https:\/\/predstavnistvorsbg.rs\/sr-Latn\/wp-json\/wp\/v2\/types\/post"}],"author":[{"embeddable":true,"href":"https:\/\/predstavnistvorsbg.rs\/sr-Latn\/wp-json\/wp\/v2\/users\/2"}],"replies":[{"embeddable":true,"href":"https:\/\/predstavnistvorsbg.rs\/sr-Latn\/wp-json\/wp\/v2\/comments?post=22351"}],"version-history":[{"count":4,"href":"https:\/\/predstavnistvorsbg.rs\/sr-Latn\/wp-json\/wp\/v2\/posts\/22351\/revisions"}],"predecessor-version":[{"id":22355,"href":"https:\/\/predstavnistvorsbg.rs\/sr-Latn\/wp-json\/wp\/v2\/posts\/22351\/revisions\/22355"}],"wp:featuredmedia":[{"embeddable":true,"href":"https:\/\/predstavnistvorsbg.rs\/sr-Latn\/wp-json\/wp\/v2\/media\/22342"}],"wp:attachment":[{"href":"https:\/\/predstavnistvorsbg.rs\/sr-Latn\/wp-json\/wp\/v2\/media?parent=22351"}],"wp:term":[{"taxonomy":"category","embeddable":true,"href":"https:\/\/predstavnistvorsbg.rs\/sr-Latn\/wp-json\/wp\/v2\/categories?post=22351"},{"taxonomy":"post_tag","embeddable":true,"href":"https:\/\/predstavnistvorsbg.rs\/sr-Latn\/wp-json\/wp\/v2\/tags?post=22351"}],"curies":[{"name":"wp","href":"https:\/\/api.w.org\/{rel}","templated":true}]}}