{"id":24114,"date":"2026-09-03T09:21:54","date_gmt":"2026-09-03T07:21:54","guid":{"rendered":"https:\/\/predstavnistvorsbg.rs\/?p=24114"},"modified":"2026-09-03T09:21:54","modified_gmt":"2026-09-03T07:21:54","slug":"medjunarodni-festival-klasicne-muzike-a-string-fest-od-4-do-6-septembra-u-banjoj-luci","status":"publish","type":"post","link":"https:\/\/predstavnistvorsbg.rs\/sr-Latn\/najava-dogadjaja-sr-latn\/medjunarodni-festival-klasicne-muzike-a-string-fest-od-4-do-6-septembra-u-banjoj-luci\/","title":{"rendered":"Me\u0111unarodni festival klasi\u010dne muzike \u201eA String fest\u201c od 4. do 6. septembra u Banjoj Luci"},"content":{"rendered":"<p>Me\u0111unarodni festival klasi\u010dne muzike \u201eA String fest\u201c bi\u0107e odr\u017ean od 4. do 6. septembra u Banjoj Luci, s ciljem promocije klasi\u010dne muzike, umjetnosti i muzi\u010dkog obrazovanja, te povezivanja umjetnika, mladih talenata i publike iz Republike Srpske, regiona i inostranstva.<\/p>\n<p><img loading=\"lazy\" class=\"alignnone wp-image-24108 size-full\" title=\"Me\u0111unarodni festival klasi\u010dne muzike \u201eA String fest\u201c\" src=\"https:\/\/predstavnistvorsbg.rs\/wp-content\/uploads\/2026\/09\/naslovna_a_string_fest.jpg?_t=1788420022\" alt=\"Me\u0111unarodni festival klasi\u010dne muzike \u201eA String fest\u201c\" width=\"1024\" height=\"574\" srcset=\"https:\/\/predstavnistvorsbg.rs\/wp-content\/uploads\/2026\/09\/naslovna_a_string_fest.jpg 1024w, https:\/\/predstavnistvorsbg.rs\/wp-content\/uploads\/2026\/09\/naslovna_a_string_fest-300x168.jpg 300w\" sizes=\"(max-width: 1024px) 100vw, 1024px\" \/><\/p>\n<p>\u201eA String fest\u201c predstavlja jedinstvenu manifestaciju koja kroz muziku povezuje umjetnost, obrazovanje, turizam i me\u0111unarodnu saradnju. Festival je usmjeren na pribli\u017eavanje klasi\u010dne muzike \u0161iroj publici, posebno mladim generacijama, ali i na stvaranje prostora za susrete, saradnju i razmjenu iskustava me\u0111u umjetnicima i ljubiteljima muzike.<\/p>\n<p>Tokom festivala bi\u0107e predstavljeni renomirani umjetnici i mladi talenti, a program \u0107e obuhvatiti sadr\u017eaje usmjerene na unapre\u0111enje muzi\u010dkog obrazovanja i podsticanje novih generacija na upoznavanje sa klasi\u010dnom muzikom i bavljenje njome.<\/p>\n<p>Festival istovremeno predstavlja priliku za promociju Banje Luke kao grada kulture i turizma, kao i za povezivanje sa umjetnicima, kulturnim institucijama i posjetiocima iz razli\u010ditih zemalja. Svojim me\u0111unarodnim karakterom \u201eA String fest\u201c otvara dodatni prostor za kulturnu razmjenu i uspostavljanje novih veza i saradnje, \u010dime doprinosi razvoju kulturnog turizma i promociji kulturnih potencijala Republike Srpske.<\/p>\n<p>Ovogodi\u0161nji \u201eA String fest\u201c okupi\u0107e zna\u010dajan broj u\u010desnika i posjetilaca, obogatiti kulturnu ponudu Banje Luke i doprinijeti njenom daljem pozicioniranju na me\u0111unarodnoj kulturnoj sceni.<\/p>\n","protected":false},"excerpt":{"rendered":"<p>Me\u0111unarodni festival klasi\u010dne muzike \u201eA String fest\u201c bi\u0107e odr\u017ean od 4. do 6. septembra u Banjoj Luci, s ciljem promocije klasi\u010dne muzike, umjetnosti i muzi\u010dkog obrazovanja, te povezivanja umjetnika, mladih talenata i publike iz Republike Srpske, regiona i inostranstva. \u201eA String fest\u201c predstavlja jedinstvenu manifestaciju koja kroz muziku povezuje umjetnost, obrazovanje, turizam i me\u0111unarodnu saradnju&#8230;.<\/p>\n","protected":false},"author":8,"featured_media":0,"comment_status":"closed","ping_status":"closed","sticky":false,"template":"","format":"standard","meta":[],"categories":[57],"tags":[105],"_links":{"self":[{"href":"https:\/\/predstavnistvorsbg.rs\/sr-Latn\/wp-json\/wp\/v2\/posts\/24114"}],"collection":[{"href":"https:\/\/predstavnistvorsbg.rs\/sr-Latn\/wp-json\/wp\/v2\/posts"}],"about":[{"href":"https:\/\/predstavnistvorsbg.rs\/sr-Latn\/wp-json\/wp\/v2\/types\/post"}],"author":[{"embeddable":true,"href":"https:\/\/predstavnistvorsbg.rs\/sr-Latn\/wp-json\/wp\/v2\/users\/8"}],"replies":[{"embeddable":true,"href":"https:\/\/predstavnistvorsbg.rs\/sr-Latn\/wp-json\/wp\/v2\/comments?post=24114"}],"version-history":[{"count":1,"href":"https:\/\/predstavnistvorsbg.rs\/sr-Latn\/wp-json\/wp\/v2\/posts\/24114\/revisions"}],"predecessor-version":[{"id":24115,"href":"https:\/\/predstavnistvorsbg.rs\/sr-Latn\/wp-json\/wp\/v2\/posts\/24114\/revisions\/24115"}],"wp:attachment":[{"href":"https:\/\/predstavnistvorsbg.rs\/sr-Latn\/wp-json\/wp\/v2\/media?parent=24114"}],"wp:term":[{"taxonomy":"category","embeddable":true,"href":"https:\/\/predstavnistvorsbg.rs\/sr-Latn\/wp-json\/wp\/v2\/categories?post=24114"},{"taxonomy":"post_tag","embeddable":true,"href":"https:\/\/predstavnistvorsbg.rs\/sr-Latn\/wp-json\/wp\/v2\/tags?post=24114"}],"curies":[{"name":"wp","href":"https:\/\/api.w.org\/{rel}","templated":true}]}}