{"id":3254,"date":"2021-12-10T23:04:53","date_gmt":"2021-12-10T22:04:53","guid":{"rendered":"https:\/\/prs2.profimediagroup.com\/?p=3254"},"modified":"2023-12-22T15:16:38","modified_gmt":"2023-12-22T14:16:38","slug":"izvjestaj-o-stradanju-srba-u-sarajevu-dostupan-na-veb-stranici-komisije-ltn","status":"publish","type":"post","link":"https:\/\/predstavnistvorsbg.rs\/sr-Latn\/u-fokusu-sr-latn\/izvjestaj-o-stradanju-srba-u-sarajevu-dostupan-na-veb-stranici-komisije-ltn\/","title":{"rendered":"Izvje\u0161taj o stradanju Srba u Sarajevu dostupan na veb &#8211; stranici Komisije"},"content":{"rendered":"<p>Izvje\u0161taj Nezavisne me\u0111unarodne komisije za istra\u017eivanje stradanja Srba u Sarajevu od 1991. do 1995. godine dostupan je na veb-stranici Komisije kao i na stranici Republi\u010dkog centra za istra\u017eivanje rata, ratnih zlo\u010dina i tra\u017eenja nestalih lica.<\/p>\n<p>Izvje\u0161taj Nezavisne me\u0111unarodne komisije za istra\u017eivanje stradanja Srba u Sarajevu od 1991. do 1995. godine dostupan je na veb-stranici Komisije kao i na stranici Republi\u010dkog centra za istra\u017eivanje rata, ratnih zlo\u010dina i tra\u017eenja nestalih lica.<\/p>\n<p>Vlada Republike Srpske je odluku o osnivanju Komisije donijela na osnovu zaklju\u010daka republi\u010dkog parlamenta, a o sadr\u017eaju izvje\u0161taja upoznata je na posebnoj sjednici 23. oktobra 2020. godine, saop\u0161teno je iz Republi\u010dkog centra za istra\u017eivanje rata, ratnih zlo\u010dina i tra\u017eenje nestalih lica.<\/p>\n<p>\u201eVlada Republike Srpske je izvje\u0161taj primila k znanju i ocijenila da \u0107e on doprinijeti objektivnom i nepristrasnom sagledavanju svih \u010dinjenica vezanih za stradanje Srba u Sarajevu, kao i da \u0107e cjelovito i istinito sagledavanje ratnih doga\u0111aja u Sarajevu, ali i cijeloj BiH, doprinijeti ja\u010danju povjerenja i tolerancije me\u0111u narodima u BiH, kona\u010dnom pomirenju i su\u017eivotu sada\u0161njih i budu\u0107ih generacija\u201c &#8211; navodi se u saop\u0161tenju.<\/p>\n<p><strong>Izvje\u0161taj\u00a0 mo\u017eete vidjeti \u00a0na stranici Nezavisne me\u0111unarodne komisije za istra\u017eivanje stradanja Srba u Sarajevu od 1991. do 1995. godine <a href=\"https:\/\/www.incomfis-sarajevo.org\/srb\/\" target=\"_blank\" rel=\"noopener\">OVDJE<\/a>.<\/strong><\/p>\n","protected":false},"excerpt":{"rendered":"<p>Izvje\u0161taj Nezavisne me\u0111unarodne komisije za istra\u017eivanje stradanja Srba u Sarajevu od 1991. do 1995. godine dostupan je na veb-stranici Komisije kao i na stranici Republi\u010dkog centra za istra\u017eivanje rata, ratnih zlo\u010dina i tra\u017eenja nestalih lica. Izvje\u0161taj Nezavisne me\u0111unarodne komisije za istra\u017eivanje stradanja Srba u Sarajevu od 1991. do 1995. godine dostupan je na veb-stranici Komisije&#8230;<\/p>\n","protected":false},"author":1,"featured_media":10202,"comment_status":"closed","ping_status":"closed","sticky":false,"template":"","format":"standard","meta":[],"categories":[44],"tags":[],"_links":{"self":[{"href":"https:\/\/predstavnistvorsbg.rs\/sr-Latn\/wp-json\/wp\/v2\/posts\/3254"}],"collection":[{"href":"https:\/\/predstavnistvorsbg.rs\/sr-Latn\/wp-json\/wp\/v2\/posts"}],"about":[{"href":"https:\/\/predstavnistvorsbg.rs\/sr-Latn\/wp-json\/wp\/v2\/types\/post"}],"author":[{"embeddable":true,"href":"https:\/\/predstavnistvorsbg.rs\/sr-Latn\/wp-json\/wp\/v2\/users\/1"}],"replies":[{"embeddable":true,"href":"https:\/\/predstavnistvorsbg.rs\/sr-Latn\/wp-json\/wp\/v2\/comments?post=3254"}],"version-history":[{"count":0,"href":"https:\/\/predstavnistvorsbg.rs\/sr-Latn\/wp-json\/wp\/v2\/posts\/3254\/revisions"}],"wp:featuredmedia":[{"embeddable":true,"href":"https:\/\/predstavnistvorsbg.rs\/sr-Latn\/wp-json\/wp\/v2\/media\/10202"}],"wp:attachment":[{"href":"https:\/\/predstavnistvorsbg.rs\/sr-Latn\/wp-json\/wp\/v2\/media?parent=3254"}],"wp:term":[{"taxonomy":"category","embeddable":true,"href":"https:\/\/predstavnistvorsbg.rs\/sr-Latn\/wp-json\/wp\/v2\/categories?post=3254"},{"taxonomy":"post_tag","embeddable":true,"href":"https:\/\/predstavnistvorsbg.rs\/sr-Latn\/wp-json\/wp\/v2\/tags?post=3254"}],"curies":[{"name":"wp","href":"https:\/\/api.w.org\/{rel}","templated":true}]}}