{"id":4102,"date":"2023-04-05T21:41:55","date_gmt":"2023-04-05T19:41:55","guid":{"rendered":"https:\/\/prs2.profimediagroup.com\/?p=4102"},"modified":"2023-04-05T21:42:34","modified_gmt":"2023-04-05T19:42:34","slug":"u-srijedu-izdanja-anurs-maticne-biblioteke-i-sarajevo-rep-centra-za-istrazivanje-rata-ratnih-zlocina-i-trazenje-nestalih-lica-rs-i-rtrs-a-ltn","status":"publish","type":"post","link":"https:\/\/predstavnistvorsbg.rs\/sr-Latn\/najava-dogadjaja-sr-latn\/u-srijedu-izdanja-anurs-maticne-biblioteke-i-sarajevo-rep-centra-za-istrazivanje-rata-ratnih-zlocina-i-trazenje-nestalih-lica-rs-i-rtrs-a-ltn\/","title":{"rendered":"U srijedu: izdanja ANURS, Mati\u010dne biblioteke I. Sarajevo, Rep. centra za istra\u017eivanje rata, ratnih zlo\u010dina i tra\u017eenje nestalih lica RS i RTRS-a"},"content":{"rendered":"<p>Tre\u0107eg dana nastupa Republike Srpske na 65. Me\u0111unarodnom beogradskom sajmu knjiga, u srijedu, 26. oktobra, odr\u017ea\u0107e se dvije promocije u sali \u201eIvo Andri\u0107\u201c (Hala 1A), dvije promocije u sali \u201eBorislav Peki\u0107\u201c (Hala 1A), a tri izdava\u010da predstavi\u0107e svoja izdanja na \u0161tandu Republike Srpske (Hala 2, nivo A).<\/p>\n<p><img loading=\"lazy\" src=\"http:\/\/predstavnistvorsbg.rs\/predstavnistvo_rs\/images\/stories\/2022\/opsti_slajd_sajam_knjiga.jpg\" width=\"500\" height=\"300\" border=\"0\" \/><\/p>\n<p>Prva promocija odr\u017ea\u0107e se <strong>u sali \u201eIvo Andri\u0107\u201c<\/strong> <strong>u 11.00 sati<\/strong> gdje \u0107e <strong>Republi\u010dki centar za istra\u017eivanje rata, ratnih zlo\u010dina i tra\u017eenje nestalih lica Republike Srpske<\/strong> predstaviti tri izdanja: \u00a0<em>Atlas zlo\u010dina nad Srbima tokom\u00a0 odbrambeno-otad\u017ebinskog rata (1) 1992, \u017drtve odbrambeno-otad\u017ebinskog rata <\/em>i<em> Djeca \u017ertve rata 1991-1995, <\/em>govori\u0107e: predstavnici Centra.<\/p>\n<p><strong>U istoj sali u 19.00 sati Radio-televizija Republike Srpske<\/strong> predstavi\u0107e knjigu <em>Tri boje otad\u017ebine &#8211; svjedo\u010denje<\/em> autora Milke To\u0161i\u0107, Dra\u0161ka Ignjati\u0107a, Valentine Kne\u017eevi\u0107 i Radovana Mar\u010dete, govori\u0107e: Dragan Kalini\u0107, Vinko Pandurevi\u0107 i Predrag Lozo.<\/p>\n<p>Predstavljanje <strong>u sali \u201eBorislav Peki\u0107\u201c <\/strong>zapo\u010de\u0107e predstavljanjem izdanja <strong>Akademije nauka i umjetnosti Republike Srpske<\/strong> sa po\u010detkom <strong>u 14 sati<\/strong>. Na ovogodi\u0161njem sajmu bi\u0107e predstavljena sljede\u0107a izdanja: <em>Enciklopedija Republike Srpske (tom III)<\/em>, govori\u0107e: akademici Rajko Kuzmanovi\u0107 i Drago Brankovi\u0107; zbornik radova <em>Savremeni materijali<\/em> i \u010dasopis <em>Savremeni materijali<\/em>, govori\u0107e: akademik Dragoljub Mirjani\u0107; monografije <em>Rehabilitacija poslije mo\u017edanog udara<\/em> i <em>Novine u dijagnostici, lije\u010denju i prevenciji akutnog koronarnog sindroma<\/em>, govori\u0107e: akademik Du\u0161ko Vuli\u0107; monografiju <em>Unkovi\u0107<\/em>, govori\u0107e: akademik Milivoje Unkovi\u0107; monografije <em>Ograni\u010denja i izazovi u biljnoj proizvodnji<\/em>, <em>Od genetike i spoljne sredine do hrane<\/em>, <em>Perspektive razvoja prehrambene industrije<\/em> i <em>Biomasa u odr\u017eivom ko\u0161i\u0107enju obradivog zemlji\u0161ta<\/em>, o kojima \u0107e govoriti: akademik Novo Pr\u017eulj.<\/p>\n<p>Od <strong>17.00 sati u istoj sali Mati\u010dna biblioteka Isto\u010dno Sarajevo<\/strong> predstavi\u0107e knjigu <em>War Diary Pale 1993-1995<\/em> autora Jeni Ligtenberg, o kojoj \u0107e govoriti akademik Mirko \u0160o\u0161i\u0107. Nakon toga predvi\u0111ena je projekcija filma <em>Jeni, malo svjetlo sa zapada<\/em> reditelja Slobodana Simojlovi\u0107a, a govori\u0107e: Nata\u0161a Kula\u0161inac, Snje\u017ean Lalovi\u0107 i reditelj.<\/p>\n<p>&nbsp;<\/p>\n<p><strong>Na \u0161tandu Republike Srpske<\/strong> predstavi\u0107e se tri izdava\u010da sa svojim izdanjima:<\/p>\n<p><strong>U 14.30 Savez logora\u0161a Republike Srpske<\/strong> predstavi\u0107e knjige: <em>Pri\u010da o nikome i ni\u010demu<\/em> autora Jankice Samoukovi\u0107a u izdanju \u201eAS oglas\u201c Zvornik, o kojima \u0107e govoriti: doc. dr Rade Vu\u010di\u0107evi\u0107 i mr Stanislav Tomi\u0107 i <em>Sebi u povjerenju<\/em> autora Radenka Kojovi\u0107a u izdanju SPKD \u201eProsvjeta\u201c Berkovi\u0107i, a govori\u0107e: prof. Radomir \u0106uk, prof. \u0110or\u0111e Dabar\u010di\u0107 i autor.<\/p>\n<p><strong>U 15.30 Republi\u010dki centar za istra\u017eivanje rata, ratnih zlo\u010dina i tra\u017eenje nestalih lica Republike Srpske<\/strong> predstavi\u0107e knjige: <em>Odsudna odbrana: mitrovdanske ofanzive na isto\u010dnu Hercegovinu 1992. i 1994. godine<\/em> autora Predraga Loze, govori\u0107e: Goran Latinovi\u0107 i autor; i <em>Studentska brigada Vojske Republike Srpske<\/em> autora Gorana Latinovi\u0107a, o kojoj \u0107e govoriti: predstavnik Centra i autor.<\/p>\n<p><strong>U 18.00 \u201eBesjeda\u201c Banja Luka<\/strong> predstavi\u0107e svoja izdanja: monografiju <em>70 godina aero kluba Prijedor<\/em>, govori\u0107e: Vanja Novakovi\u0107, Zoran Sredi\u0107 i Nenad Novakovi\u0107; ediciju<em> Atribut,<\/em> govori\u0107e: Nenad Novakovi\u0107 i Milan Milo\u0161evi\u0107; knjigu <em>Beztebesnost <\/em>autora Emira Terovi\u0107a, govori\u0107e: Sr\u0111an Ivanovi\u0107, Omer Kuli\u0107, Petar Stanojlovi\u0107 i autor, a nakon toga bi\u0107e predstavljena izdanja Banja Luka Koled\u017ea, o kojima \u0107e govoriti: prof. dr Nenad Novakovi\u0107, prof. dr Svetlana Du\u0161ani\u0107-Ga\u010di\u0107 i prof. dr Mladen Mirosavljevi\u0107.<\/p>\n","protected":false},"excerpt":{"rendered":"<p>Tre\u0107eg dana nastupa Republike Srpske na 65. Me\u0111unarodnom beogradskom sajmu knjiga, u srijedu, 26. oktobra, odr\u017ea\u0107e se dvije promocije u sali \u201eIvo Andri\u0107\u201c (Hala 1A), dvije promocije u sali \u201eBorislav Peki\u0107\u201c (Hala 1A), a tri izdava\u010da predstavi\u0107e svoja izdanja na \u0161tandu Republike Srpske (Hala 2, nivo A). Prva promocija odr\u017ea\u0107e se u sali \u201eIvo Andri\u0107\u201c&#8230;<\/p>\n","protected":false},"author":1,"featured_media":0,"comment_status":"closed","ping_status":"closed","sticky":false,"template":"","format":"standard","meta":[],"categories":[57],"tags":[],"_links":{"self":[{"href":"https:\/\/predstavnistvorsbg.rs\/sr-Latn\/wp-json\/wp\/v2\/posts\/4102"}],"collection":[{"href":"https:\/\/predstavnistvorsbg.rs\/sr-Latn\/wp-json\/wp\/v2\/posts"}],"about":[{"href":"https:\/\/predstavnistvorsbg.rs\/sr-Latn\/wp-json\/wp\/v2\/types\/post"}],"author":[{"embeddable":true,"href":"https:\/\/predstavnistvorsbg.rs\/sr-Latn\/wp-json\/wp\/v2\/users\/1"}],"replies":[{"embeddable":true,"href":"https:\/\/predstavnistvorsbg.rs\/sr-Latn\/wp-json\/wp\/v2\/comments?post=4102"}],"version-history":[{"count":0,"href":"https:\/\/predstavnistvorsbg.rs\/sr-Latn\/wp-json\/wp\/v2\/posts\/4102\/revisions"}],"wp:attachment":[{"href":"https:\/\/predstavnistvorsbg.rs\/sr-Latn\/wp-json\/wp\/v2\/media?parent=4102"}],"wp:term":[{"taxonomy":"category","embeddable":true,"href":"https:\/\/predstavnistvorsbg.rs\/sr-Latn\/wp-json\/wp\/v2\/categories?post=4102"},{"taxonomy":"post_tag","embeddable":true,"href":"https:\/\/predstavnistvorsbg.rs\/sr-Latn\/wp-json\/wp\/v2\/tags?post=4102"}],"curies":[{"name":"wp","href":"https:\/\/api.w.org\/{rel}","templated":true}]}}