{"id":4114,"date":"2020-01-08T10:00:03","date_gmt":"2020-01-08T09:00:03","guid":{"rendered":"https:\/\/prs2.profimediagroup.com\/uncategorized-sr-latn\/u-novom-sadu-svecanost-povodom-dana-republike-srpske\/"},"modified":"2023-04-05T22:50:57","modified_gmt":"2023-04-05T20:50:57","slug":"u-novom-sadu-svecanost-povodom-dana-republike-srpske-ltn","status":"publish","type":"post","link":"https:\/\/predstavnistvorsbg.rs\/sr-Latn\/prethodni-dogadjaji-sr-latn\/u-novom-sadu-svecanost-povodom-dana-republike-srpske-ltn\/","title":{"rendered":"U Novom Sadu sve\u010danost povodom Dana Republike Srpske"},"content":{"rendered":"<p>&nbsp;<\/p>\n<p><img loading=\"lazy\" class=\"alignnone wp-image-2750\" title=\"U anfiteatru Spensa, u Novom Sadu odr\u017eana sve\u010dana akademija povodom Dana i krsne slave Republike Srpske\" src=\"\/wp-content\/uploads\/prethodni\/2020\/8_januar_dan_sr6.jpg\" alt=\"U anfiteatru Spensa, u Novom Sadu odr\u017eana sve\u010dana akademija povodom Dana i krsne slave Republike Srpske\" width=\"1200\" height=\"674\" \/><\/p>\n<p>Ju\u010de je u Novom Sadu, u anfiteatru Spensa, na sve\u010danoj akademiji povodom Dana i krsne slave Republike Srpske, koju je organizovao Savez kraji\u0161kih udru\u017eenja, \u0161ef Predstavni\u0161tva Republike Srpske u Srbiji Mla\u0111en Cicovi\u0107 rekao da Srpska i Srbija nikada nisu imale bolju saradnju, kako na najvi\u0161em politi\u010dkom nivou, tako i na nivou privrednog, nau\u010dnog, prosvjetnog, kulturnog i sportskog povezivanja.<\/p>\n<p><img title=\"Mla\u0111en Cicovi\u0107, \u0161ef Predstavni\u0161tva Republike Srpske u Srbiji\" src=\"\/wp-content\/uploads\/prethodni\/2020\/8_januar_dan_sr1.jpg\" alt=\"Mla\u0111en Cicovi\u0107, \u0161ef Predstavni\u0161tva Republike Srpske u Srbiji\" width=\"1200\" border=\"0\" \/><\/p>\n<p>&#8211; To nas dodatno osna\u017euje i podsti\u010de da sa jo\u0161 ve\u0107im \u017earom zajedno radimo na o\u010duvanju srpskog identiteta, jezika i pisma, narodnog duhovnog blaga i na\u0161e vjere pravoslavne, na\u0161eg Svetosavlja &#8211; rekao je Cicovi\u0107 u obra\u0107anju u prepunom amfiteatru Sportskog i poslovnog centra \u201eVojvodina&#8220; \u2013 Spensa.<\/p>\n<p>Cicovi\u0107 je Kraji\u0161nicima i njihovim gostima prenio pozdrave \u201ePredsjednika Republike Srpske \u017deljke Cvijanovi\u0107, srpskog \u010dlana Predsjedni\u0161tva BiH Milorada Dodika, presjednik\u00e2 Skup\u0161tine i Vlade&#8230; Najkra\u0107e re\u010deno, prenosim vam pozdrave Republike Srpske\u201c.<\/p>\n<p>&#8211; Ove godine slavimo 28 godina od stvaranja Republike Srpske i isto toliko od usvajanja i progla\u0161enja njenog prvog Ustava, a lijep je podatak da se ove godine puni i 25 godina od me\u0111unarodnog priznanja Republike Srpske, me\u0111unarodnog priznanja Dejtonskim sporazumom u kojem je ona bila potpisnica svih njegovih su\u0161tinski zna\u010dajnih dijelova &#8211; rekao je Cicovi\u0107 i potom dodao \u2013 Me\u0111unarodno priznanje Republike Srpske, koja je stvorena u miru, 9. janura 1992, i Dejtonskim sporazumom u\u0161la u uniju sa federacijom druga dva naroda u Bosni i Hercegovini, Federacijom BiH koja je stvorena u ratu, 18. marta 1994, jeste \u010dinjenica dostojna istorije.<\/p>\n<p>Cicovi\u0107 je rekao i da, posle svih tih godina, vi\u0161e ne moramo da govorimo koliko je zna\u010dajno \u0161to imamo srpsku dr\u017eavu na lijevoj obali Drine i \u0161to je ona garant jedinstvenosti i nedjeljivosti srpskog kulturnog i duhovnog prostora.<\/p>\n<p><img title=\"Ranka Srdi\u0107 Mili\u0107, predsjednik Saveza kraji\u0161kih udru\u017eenja, \u010dije je sjedi\u0161te u Novom Sadu\" src=\"\/wp-content\/uploads\/prethodni\/2020\/8_januar_dan_sr2.jpg\" alt=\"Ranka Srdi\u0107 Mili\u0107, predsjednik Saveza kraji\u0161kih udru\u017eenja, \u010dije je sjedi\u0161te u Novom Sadu\" width=\"1200\" border=\"0\" \/><\/p>\n<p>Prisutnima u amfitetatru Spensa prethodno se obratila Ranka Srdi\u0107 Mili\u0107, predsjednik Saveza kraji\u0161kih udru\u017eenja, \u010dije je sjedi\u0161te u Novom Sadu.<\/p>\n<p>Mili\u0107eva je istakla da se nikad ne smiju zaboraviti svi oni koji su dali svoje \u017eivote za Republiku Srpsku.<\/p>\n<p>&#8211; Nikad ne smijemo zaboraviti onih 23.000 vojnika i onih 10.000 civila koji su dali \u017eivote za Republiku Srpsku. Oni su ti koji su nam omogu\u0107ili da danas imamo Srpsku, kao bastion srpstva. Da nas brani od svakojakih zala svjetskih previranja &#8211; istakla je ona.<\/p>\n<p><img title=\"Du\u0161ko \u0106utilo, direktor Fonda za prognana i izbjegla lica u Vojvodini\" src=\"\/wp-content\/uploads\/prethodni\/2020\/8_januar_dan_sr3.jpg\" alt=\"Du\u0161ko \u0106utilo, direktor Fonda za prognana i izbjegla lica u Vojvodini\" width=\"1200\" border=\"0\" \/><\/p>\n<p>U ime Pokrajinske vlade okupljenima u Spensu obratio se Du\u0161ko \u0106utilo, direktor Fonda za prognana i izbjegla lica u Vojvodini.<\/p>\n<p>\u0106utilo je istakao dobru saradnju Srpske i Vojvodine u proteklih nekoliko godina, posebno poslije potpisivanja Sporazuma o saradnji Republike Srpske i AP Vojvodine 2017. godine.<\/p>\n<p>&#8211; Taj sporazum je konkretizovao saradnju Srpske i Vojvodine u svim oblastima i zaista sam ponosan na taj sporazum, jer je on bio osnova za tijesnu saradnju izme\u0111u raznih institucija Srpske i Vojvodine &#8211; rekao je \u0106utilo.<\/p>\n<p>&nbsp;<\/p>\n<p>O istorijskom zna\u010daju Republike Srpske za srpski narod i Srpsku pravoslavnu crkvu sa obje strane Drine govorili su Dragoslav Bokan i Sa\u0161a Adamovi\u0107.<\/p>\n<p><img title=\"Lomljenje slavskog kola\u010da, na sve\u010danoj akademiji povodom Dana i krsne slave Republike Srpske\" src=\"\/wp-content\/uploads\/prethodni\/2020\/8_januar_dan_sr5.jpg\" alt=\"Lomljenje slavskog kola\u010da, na sve\u010danoj akademiji povodom Dana i krsne slave Republike Srpske\" width=\"1200\" border=\"0\" \/><\/p>\n<p>Akademija u \u201eSpensu\u201c po\u010dela je izvo\u0111enjem himni Srbije i Republike Srpske i lomljenjem slavskog kola\u010da, a izveden je i bogat kulturno umjetni\u010dki program.<\/p>\n","protected":false},"excerpt":{"rendered":"<p>&nbsp; Ju\u010de je u Novom Sadu, u anfiteatru Spensa, na sve\u010danoj akademiji povodom Dana i krsne slave Republike Srpske, koju je organizovao Savez kraji\u0161kih udru\u017eenja, \u0161ef Predstavni\u0161tva Republike Srpske u Srbiji Mla\u0111en Cicovi\u0107 rekao da Srpska i Srbija nikada nisu imale bolju saradnju, kako na najvi\u0161em politi\u010dkom nivou, tako i na nivou privrednog, nau\u010dnog, prosvjetnog,&#8230;<\/p>\n","protected":false},"author":1,"featured_media":3312,"comment_status":"closed","ping_status":"closed","sticky":false,"template":"","format":"standard","meta":[],"categories":[56],"tags":[71],"_links":{"self":[{"href":"https:\/\/predstavnistvorsbg.rs\/sr-Latn\/wp-json\/wp\/v2\/posts\/4114"}],"collection":[{"href":"https:\/\/predstavnistvorsbg.rs\/sr-Latn\/wp-json\/wp\/v2\/posts"}],"about":[{"href":"https:\/\/predstavnistvorsbg.rs\/sr-Latn\/wp-json\/wp\/v2\/types\/post"}],"author":[{"embeddable":true,"href":"https:\/\/predstavnistvorsbg.rs\/sr-Latn\/wp-json\/wp\/v2\/users\/1"}],"replies":[{"embeddable":true,"href":"https:\/\/predstavnistvorsbg.rs\/sr-Latn\/wp-json\/wp\/v2\/comments?post=4114"}],"version-history":[{"count":0,"href":"https:\/\/predstavnistvorsbg.rs\/sr-Latn\/wp-json\/wp\/v2\/posts\/4114\/revisions"}],"wp:featuredmedia":[{"embeddable":true,"href":"https:\/\/predstavnistvorsbg.rs\/sr-Latn\/wp-json\/wp\/v2\/media\/3312"}],"wp:attachment":[{"href":"https:\/\/predstavnistvorsbg.rs\/sr-Latn\/wp-json\/wp\/v2\/media?parent=4114"}],"wp:term":[{"taxonomy":"category","embeddable":true,"href":"https:\/\/predstavnistvorsbg.rs\/sr-Latn\/wp-json\/wp\/v2\/categories?post=4114"},{"taxonomy":"post_tag","embeddable":true,"href":"https:\/\/predstavnistvorsbg.rs\/sr-Latn\/wp-json\/wp\/v2\/tags?post=4114"}],"curies":[{"name":"wp","href":"https:\/\/api.w.org\/{rel}","templated":true}]}}