{"id":4188,"date":"2020-05-29T10:00:05","date_gmt":"2020-05-29T08:00:05","guid":{"rendered":"https:\/\/prs2.profimediagroup.com\/uncategorized-sr-latn\/promocija-knjige-portreti-najvecih-srpskih-industrijalaca\/"},"modified":"2023-04-06T21:18:38","modified_gmt":"2023-04-06T19:18:38","slug":"promocija-knjige-portreti-najvecih-srpskih-industrijalaca-ltn","status":"publish","type":"post","link":"https:\/\/predstavnistvorsbg.rs\/sr-Latn\/prethodni-dogadjaji-sr-latn\/promocija-knjige-portreti-najvecih-srpskih-industrijalaca-ltn\/","title":{"rendered":"Promocija knjige &#8222;Portreti najve\u0107ih srpskih industrijalaca&#8220;"},"content":{"rendered":"<p>U petak, 29. maja, u Pres centru Udru\u017eenja novinara Srbije, predstavljena je knjiga novinara i publiciste Draga Deli\u0107a \u201ePortreti najve\u0107ih srpskih industrijalaca\u201d, u izdanju \u201eSveta knjige\u201c iz Beograda. Izdavanje ove knjige finansijski je podr\u017ealo i Predstavni\u0161tvo Republike Srpske u Srbiji. O knjizi su govorili Stevo \u0106osovi\u0107, urednik \u201eSveta knjige&#8220;, Predrag Savi\u0107, advokat i pisac, Mile Anti\u0107, predsjednik Mre\u017ee za restituciju, Bogdan Veljkovi\u0107, potpredsjednik Mre\u017ee za restituciju i Drago Deli\u0107, autor.<\/p>\n<p><img title=\"U Pres centru Udru\u017eenja novinara Srbije na predstavljanju knjige novinara i publiciste Draga Deli\u0107a\" src=\"\/wp-content\/uploads\/prethodni\/2020\/portreti_industrijalaca2.jpg\" alt=\"U Pres centru Udru\u017eenja novinara Srbije na predstavljanju knjige novinara i publiciste Draga Deli\u0107a\" width=\"1200\" border=\"0\" \/><\/p>\n<p>Knjiga je nastala na osnovu istra\u017eivanja privredne i dru\u0161tvene pro\u0161losti Srbije u proteklih 200 godina njene dr\u017eavne suverenosti. Autor pi\u0161e o ekonomskom usponu Srbije, kojem su doprinijeli velikani srpske ekonomije.<\/p>\n<p>Deli\u0107 je na promociji istakao da nije bilo lako pisati knjigu o velikanima srpske ekonomije i modernizacije dru\u0161tva u prvoj polovini 20. vijeka, jer nema mnogo informacija o njima u arhivima i bibliotekama, te da je dao prednost li\u010dnoj biografiji junaka knjige i rasvjetljavanju sudbina njihovih porodica.<\/p>\n<p>Autor u knjizi, izme\u0111u ostalih, donosi biografije Kapetana Mi\u0161e Anastasijevi\u0107a, Bra\u0107e Barlovac, Sime Andrejevi\u0107a Igumanova, Ferdinanda i Stevana Krena, Jovana Apela, Nikole i Evgenija Kikija, Bra\u0107e Go\u0111evac, Milana Vape, Gece Kona, Anatolija Ivanovi\u0107a, Bra\u0107e \u0160onda, Mata Graci\u0107a, Save Lozani\u0107a, Petra i Teodora Klefi\u0161a.<\/p>\n","protected":false},"excerpt":{"rendered":"<p>U petak, 29. maja, u Pres centru Udru\u017eenja novinara Srbije, predstavljena je knjiga novinara i publiciste Draga Deli\u0107a \u201ePortreti najve\u0107ih srpskih industrijalaca\u201d, u izdanju \u201eSveta knjige\u201c iz Beograda. Izdavanje ove knjige finansijski je podr\u017ealo i Predstavni\u0161tvo Republike Srpske u Srbiji. O knjizi su govorili Stevo \u0106osovi\u0107, urednik \u201eSveta knjige&#8220;, Predrag Savi\u0107, advokat i pisac, Mile&#8230;<\/p>\n","protected":false},"author":1,"featured_media":3338,"comment_status":"closed","ping_status":"closed","sticky":false,"template":"","format":"standard","meta":[],"categories":[56],"tags":[71],"_links":{"self":[{"href":"https:\/\/predstavnistvorsbg.rs\/sr-Latn\/wp-json\/wp\/v2\/posts\/4188"}],"collection":[{"href":"https:\/\/predstavnistvorsbg.rs\/sr-Latn\/wp-json\/wp\/v2\/posts"}],"about":[{"href":"https:\/\/predstavnistvorsbg.rs\/sr-Latn\/wp-json\/wp\/v2\/types\/post"}],"author":[{"embeddable":true,"href":"https:\/\/predstavnistvorsbg.rs\/sr-Latn\/wp-json\/wp\/v2\/users\/1"}],"replies":[{"embeddable":true,"href":"https:\/\/predstavnistvorsbg.rs\/sr-Latn\/wp-json\/wp\/v2\/comments?post=4188"}],"version-history":[{"count":0,"href":"https:\/\/predstavnistvorsbg.rs\/sr-Latn\/wp-json\/wp\/v2\/posts\/4188\/revisions"}],"wp:featuredmedia":[{"embeddable":true,"href":"https:\/\/predstavnistvorsbg.rs\/sr-Latn\/wp-json\/wp\/v2\/media\/3338"}],"wp:attachment":[{"href":"https:\/\/predstavnistvorsbg.rs\/sr-Latn\/wp-json\/wp\/v2\/media?parent=4188"}],"wp:term":[{"taxonomy":"category","embeddable":true,"href":"https:\/\/predstavnistvorsbg.rs\/sr-Latn\/wp-json\/wp\/v2\/categories?post=4188"},{"taxonomy":"post_tag","embeddable":true,"href":"https:\/\/predstavnistvorsbg.rs\/sr-Latn\/wp-json\/wp\/v2\/tags?post=4188"}],"curies":[{"name":"wp","href":"https:\/\/api.w.org\/{rel}","templated":true}]}}