{"id":4209,"date":"2020-06-30T10:00:40","date_gmt":"2020-06-30T08:00:40","guid":{"rendered":"https:\/\/prs2.profimediagroup.com\/uncategorized-sr-latn\/tradicionalno-priznanje-najboljiim-maturantima-srednjih-skola-srbije-i-republike-srpske-ni-pandemija-virusa-konora-nije-prekinula\/"},"modified":"2023-04-06T22:11:18","modified_gmt":"2023-04-06T20:11:18","slug":"tradicionalno-priznanje-najboljiim-maturantima-srednjih-skola-srbije-i-republike-srpske-ni-pandemija-virusa-ltn-konora-nije-prekinula","status":"publish","type":"post","link":"https:\/\/predstavnistvorsbg.rs\/sr-Latn\/prethodni-dogadjaji-sr-latn\/tradicionalno-priznanje-najboljiim-maturantima-srednjih-skola-srbije-i-republike-srpske-ni-pandemija-virusa-ltn-konora-nije-prekinula\/","title":{"rendered":"Tradicionalno priznanje najboljiim maturantima srednjih \u0161kola Srbije i Republike Srpske ni pandemija virusa konora nije prekinula"},"content":{"rendered":"<p>NJ.K.V. Prestolonasljednik Aleksandar svake godine tradicionalno nagra\u0111uje vi\u0161e od 600 najboljih srednjo\u0161kolaca iz Srbije i Republike Srpske. Svaka srednja \u0161kola u Srbiji i Republici Srpskoj bira najboljeg maturanta, kojem Fondacija za obrazovanje i kulturu NJ.K.V. Prestolonasljednika Aleksandra na prijemu u Belom dvoru dodjeljuje pohvalnicu i prigodan poklon u znak priznanja za njegove izuzetne rezultate u \u0161koli. Predstavni\u0161tvo Republike Srpske u Srbiji svake godine organizuje dolazak najboljih maturanata srednjih \u0161kola iz Republike Srpske i njihov boravak u Beogradu.<\/p>\n<p>Virus korona je promjenio sve, pa i ovu lijepu sve\u010danost. Ove godine, 30. juna, ceremonija obra\u0107anja NJ.K.V. Prestolonasljednika Aleksandra, ministra prosvete, nauke i tehnolo\u0161kog razvoja Republike Srbije Mladena \u0160ar\u010devi\u0107a i ministra prosvjete i kulture Republike Srpske Natalije Trivi\u0107, kao i najbolje atleti\u010darke Srbije Ivane \u0160panovi\u0107, organizovana su putem internet mre\u017ea i sajtova Fondacije NJ.K.V. Prestolonasljednika Aleksandra, ministarstava i Predstavni\u0161tva Republike Srpske u Srbiji, a pohvalnice i pokloni poslati u\u010denicima na adrese njihovih \u0161kola u Srbiji gdje \u0107e im i biti uru\u010deni.<\/p>\n<p><img title=\"Pisma zahvalnosti najboljih srednjo\u0161kolaca iz Republike Srpske\" src=\"\/wp-content\/uploads\/prethodni\/2020\/beli_dvor2.jpg\" alt=\"Pisma zahvalnosti najboljih srednjo\u0161kolaca iz Republike Srpske\" width=\"1200\" border=\"0\" \/><\/p>\n<p>Da pohvalnice Fondacija NJ.K.V. Prestolonasljednika Aleksandra stignu najboljim maturantima u Republici Srpskoj pobrinulo se Predstavni\u0161tvo Republike Srpske u Srbiji, koje je i pisma zahvalnosti najboljih srednjo\u0161kolaca iz Republike Srpske proslijedilo u Beli dvor.<\/p>\n<p>Od vi\u0161e pisama i zahvalnica izabrali smo nekoliko.<\/p>\n<p>Iz Ma\u0161inske \u0161kole u Prijedoru javile su se u\u010denica \u017dana Glu\u0161ac i direktor \u0161kole Dijana \u0160obot koje su, uz iskrenu zahvalnost Fondaciji za obrazovanje i kulturu NJ.K.V. Prestolonasljednika Aleksandra, izrazile nadu i da \u0107e gest Prestolonasljednika Aleksandra motivisati i druge u\u010denike da posti\u017eu odli\u010dne rezultate u svom obrazovanju.<\/p>\n<p>Iz prnjavorske gimnazije stigla je zahvalnica u\u010denice generacije Jovane Moravac i direktora \u0161kole LJubinke Stani\u0107, koja je zahvalnici dodala i posebno uvjerenje da nagra\u0111ivanje i u\u010denika iz Republike Srpske \u201edaje do znanja nama da smo dio istog naroda, te da je posebno va\u017eno da to znaju mlade generacije, koje u budu\u0107nosti treba da njeguju zajedni\u0161tvo naroda Republike Srpske i Republike Srbije.<\/p>\n<p>U\u010denik Strahinja Samard\u017eija iz banjalu\u010dke gimnazije se zahvaljuje i ka\u017ee: \u201eUkazana mi je velika \u010dast i potvrda da se moj trud isplatio. Ovo je jo\u0161 jedan podsticaj za nastavak vrijednog rada na sticanju znanja. Potrudi\u0107u se da ostanem dostojan mjesta u izabranom dru\u0161tvu dobitnika ove nagrade\u201c.<\/p>\n<p>Milica Puhalo iz bijeljinske gimnazije u zahvalnici Fondaciji za obrazovanje i kulturu NJ.K.V. Prestolonasljednika Aleksandra isti\u010de da je \u201evelika \u010dast biti me\u0111u nagra\u0111enim u\u010denicima kao \u0111ak generacije\u201c, a njen sugra\u0111anin Vladan \u0110oki\u0107, u\u010denik generacije u Tehni\u010dkoj \u0161koli: \u201eOva nagrada dolazi kao kruna uspjeha moga truda i zalaganja u u\u010denju i radu, i predstavljanju svoje \u0161kole i svog naroda u najboljem svjetlu\u201c.<\/p>\n<p><img title=\"Beli dvor\" src=\"\/wp-content\/uploads\/prethodni\/2020\/beli_dvor3.jpg\" alt=\"Beli dvor\" width=\"1200\" border=\"0\" \/><\/p>\n<p>Saop\u0161tenje Fondacije za obrazovanje i kulturu NJ.K.V. Prestolonasljednika Aleksandra i obra\u0107anja NJ.K.V. Prestolonasljednika Aleksandra, ministra prosvete, nauke i tehnolo\u0161kog razvoja Republike Srbije Mladena \u0160ar\u010devi\u0107a i ministra prosvjete i kulture Republike Srpske Natalije Trivi\u0107, kao i najbolje atleti\u010darke Srbije Ivane \u0160panovi\u0107, mo\u017eete vidjeti&#8230; <a href=\"https:\/\/royalfamily.org\/prijem-za-najbolje-maturante-cir\/?lang=cir\" target=\"_blank\" rel=\"noopener\">OVDJE<\/a><\/p>\n","protected":false},"excerpt":{"rendered":"<p>NJ.K.V. Prestolonasljednik Aleksandar svake godine tradicionalno nagra\u0111uje vi\u0161e od 600 najboljih srednjo\u0161kolaca iz Srbije i Republike Srpske. Svaka srednja \u0161kola u Srbiji i Republici Srpskoj bira najboljeg maturanta, kojem Fondacija za obrazovanje i kulturu NJ.K.V. Prestolonasljednika Aleksandra na prijemu u Belom dvoru dodjeljuje pohvalnicu i prigodan poklon u znak priznanja za njegove izuzetne rezultate u&#8230;<\/p>\n","protected":false},"author":1,"featured_media":3348,"comment_status":"closed","ping_status":"closed","sticky":false,"template":"","format":"standard","meta":[],"categories":[56],"tags":[71],"_links":{"self":[{"href":"https:\/\/predstavnistvorsbg.rs\/sr-Latn\/wp-json\/wp\/v2\/posts\/4209"}],"collection":[{"href":"https:\/\/predstavnistvorsbg.rs\/sr-Latn\/wp-json\/wp\/v2\/posts"}],"about":[{"href":"https:\/\/predstavnistvorsbg.rs\/sr-Latn\/wp-json\/wp\/v2\/types\/post"}],"author":[{"embeddable":true,"href":"https:\/\/predstavnistvorsbg.rs\/sr-Latn\/wp-json\/wp\/v2\/users\/1"}],"replies":[{"embeddable":true,"href":"https:\/\/predstavnistvorsbg.rs\/sr-Latn\/wp-json\/wp\/v2\/comments?post=4209"}],"version-history":[{"count":0,"href":"https:\/\/predstavnistvorsbg.rs\/sr-Latn\/wp-json\/wp\/v2\/posts\/4209\/revisions"}],"wp:featuredmedia":[{"embeddable":true,"href":"https:\/\/predstavnistvorsbg.rs\/sr-Latn\/wp-json\/wp\/v2\/media\/3348"}],"wp:attachment":[{"href":"https:\/\/predstavnistvorsbg.rs\/sr-Latn\/wp-json\/wp\/v2\/media?parent=4209"}],"wp:term":[{"taxonomy":"category","embeddable":true,"href":"https:\/\/predstavnistvorsbg.rs\/sr-Latn\/wp-json\/wp\/v2\/categories?post=4209"},{"taxonomy":"post_tag","embeddable":true,"href":"https:\/\/predstavnistvorsbg.rs\/sr-Latn\/wp-json\/wp\/v2\/tags?post=4209"}],"curies":[{"name":"wp","href":"https:\/\/api.w.org\/{rel}","templated":true}]}}