{"id":4213,"date":"2020-08-03T10:00:28","date_gmt":"2020-08-03T08:00:28","guid":{"rendered":"https:\/\/prs2.profimediagroup.com\/uncategorized-sr-latn\/prvi-dio-medjunarodne-umjetnicke-kolonije-u-krcedinu\/"},"modified":"2023-04-06T22:12:18","modified_gmt":"2023-04-06T20:12:18","slug":"prvi-dio-medjunarodne-umjetnicke-kolonije-u-krcedinu-ltn","status":"publish","type":"post","link":"https:\/\/predstavnistvorsbg.rs\/sr-Latn\/prethodni-dogadjaji-sr-latn\/prvi-dio-medjunarodne-umjetnicke-kolonije-u-krcedinu-ltn\/","title":{"rendered":"Prvi dio me\u0111unarodne umjetni\u010dke kolonije u Kr\u010dedinu"},"content":{"rendered":"<p>U Domu porodice Jak\u0161i\u0107 u Kr\u010dedinu zavr\u0161en je prvi dio Trinaeste me\u0111unarodne umjetni\u010dke kolonije Kr\u010dedin 2020, koji je trajao od 29. jula do 2. avgusta. U skladu sa mjerama podstaknutih pandemijom virusa Kovid 19, svakoga dana radilo je po deset slikara a u\u010destvovalo je ukupno 60 umjetnika.<\/p>\n<p><img title=\"Miodrag Jak\u0161i\u0107, glavni urednik umjetni\u010dke kolonije Kr\u010dedin, uru\u010dije titulu - Ja, Kr\u010dedinac, Mikanu Ani\u010di\u0107u, slikaru iz Pariza\" src=\"\/wp-content\/uploads\/prethodni\/2020\/kolonija_krcedin2.jpg\" alt=\"Miodrag Jak\u0161i\u0107, glavni urednik umjetni\u010dke kolonije Kr\u010dedin, uru\u010dije titulu - Ja, Kr\u010dedinac, Mikanu Ani\u010di\u0107u, slikaru iz Pariza\" width=\"1200\" border=\"0\" \/><\/p>\n<p>Ovogodi\u0161nji dobitnici titule \u201eJa, Kr\u010dedinac&#8220;, koja se dodijeljuje u okviru manifestacije, su pisac i novinar Vanja Buli\u0107, harmonika\u0161 Mi\u0161a Mijatovi\u0107, slikar Mikan Ani\u010di\u0107, vo\u0111a grupe \u201eLegende&#8220; Zoran Da\u0161i\u0107 Da\u0161a i glumica Vjera Mujovi\u0107. NJima \u0107e priznanja biti naknadno uru\u010dena u Kr\u010dedinu, na velikoj priredbi, kada se relaksiraju mjere u vezi virusa.<\/p>\n<p><img title=\"Prvi dio Trinaeste me\u0111unarodne umjetni\u010dke kolonije Kr\u010dedin 2020\" src=\"\/wp-content\/uploads\/prethodni\/2020\/kolonija_krcedin3.jpg\" alt=\"Prvi dio Trinaeste me\u0111unarodne umjetni\u010dke kolonije Kr\u010dedin 2020\" width=\"1200\" border=\"0\" \/><\/p>\n<p>Miodrag Jak\u0161i\u0107, glavni urednik umjetni\u010dke kolonije Kr\u010dedin je istakao da je zadovoljstvo \u0161to su uz slikare iz Srbije imali priliku da ugoste i srpske stvaraoce iz Francuske i Amerike, koji tokom trajanja pandemije borave i rade u Srbiji,\u00a0 Dragan Mihailovi\u0107a iz Pariza, Radovan Mi\u0107a Trnavac iz NJujorka i Mikan Ani\u010di\u0107a iz Pariza.<br \/>\n\u201eDrugi dio kolonije planiramo da odr\u017eimo kada to mjere vezane za koronavirus budu dozvolile, tada \u0107emo prikazati program za publiku, kako to ina\u010de \u010dinimo svih prethodnih godina, a tada \u0107e u\u010destvovati i 20 slikara iz dr\u017eava regiona, Bugarske, Slovenije, Rumunije i Republike Srpske&#8220;, istakao je Jak\u0161i\u0107.<\/p>\n<p><img title=\"Dom porodice Jak\u0161i\u0107 u kojoj se odr\u017eava slikarska kolonija\" src=\"\/wp-content\/uploads\/prethodni\/2020\/kolonija_krcedin4.jpg\" alt=\"Dom porodice Jak\u0161i\u0107 u kojoj se odr\u017eava slikarska kolonija\" width=\"1200\" border=\"0\" \/><\/p>\n<p>Organizatori kolonije su udru\u017eenje \u201eMoj Srem\u201c iz Kr\u010dedina i Umjetni\u010dke grupe \u201eArte&#8220;, uz podr\u0161ku Op\u0161tine In\u0111ija, Knji\u017eevne radionice Kordun iz Filadelfije i Predstavni\u0161tva Republike Srpske u Srbiji.<\/p>\n","protected":false},"excerpt":{"rendered":"<p>U Domu porodice Jak\u0161i\u0107 u Kr\u010dedinu zavr\u0161en je prvi dio Trinaeste me\u0111unarodne umjetni\u010dke kolonije Kr\u010dedin 2020, koji je trajao od 29. jula do 2. avgusta. U skladu sa mjerama podstaknutih pandemijom virusa Kovid 19, svakoga dana radilo je po deset slikara a u\u010destvovalo je ukupno 60 umjetnika. Ovogodi\u0161nji dobitnici titule \u201eJa, Kr\u010dedinac&#8220;, koja se dodijeljuje&#8230;<\/p>\n","protected":false},"author":1,"featured_media":3350,"comment_status":"closed","ping_status":"closed","sticky":false,"template":"","format":"standard","meta":[],"categories":[56],"tags":[71],"_links":{"self":[{"href":"https:\/\/predstavnistvorsbg.rs\/sr-Latn\/wp-json\/wp\/v2\/posts\/4213"}],"collection":[{"href":"https:\/\/predstavnistvorsbg.rs\/sr-Latn\/wp-json\/wp\/v2\/posts"}],"about":[{"href":"https:\/\/predstavnistvorsbg.rs\/sr-Latn\/wp-json\/wp\/v2\/types\/post"}],"author":[{"embeddable":true,"href":"https:\/\/predstavnistvorsbg.rs\/sr-Latn\/wp-json\/wp\/v2\/users\/1"}],"replies":[{"embeddable":true,"href":"https:\/\/predstavnistvorsbg.rs\/sr-Latn\/wp-json\/wp\/v2\/comments?post=4213"}],"version-history":[{"count":0,"href":"https:\/\/predstavnistvorsbg.rs\/sr-Latn\/wp-json\/wp\/v2\/posts\/4213\/revisions"}],"wp:featuredmedia":[{"embeddable":true,"href":"https:\/\/predstavnistvorsbg.rs\/sr-Latn\/wp-json\/wp\/v2\/media\/3350"}],"wp:attachment":[{"href":"https:\/\/predstavnistvorsbg.rs\/sr-Latn\/wp-json\/wp\/v2\/media?parent=4213"}],"wp:term":[{"taxonomy":"category","embeddable":true,"href":"https:\/\/predstavnistvorsbg.rs\/sr-Latn\/wp-json\/wp\/v2\/categories?post=4213"},{"taxonomy":"post_tag","embeddable":true,"href":"https:\/\/predstavnistvorsbg.rs\/sr-Latn\/wp-json\/wp\/v2\/tags?post=4213"}],"curies":[{"name":"wp","href":"https:\/\/api.w.org\/{rel}","templated":true}]}}